{"id":531,"date":"2023-10-17T16:24:22","date_gmt":"2023-10-17T19:24:22","guid":{"rendered":"https:\/\/upla.cl\/canalemocional\/?p=531"},"modified":"2025-08-12T13:24:14","modified_gmt":"2025-08-12T17:24:14","slug":"tema-comunicacion-con-emocion","status":"publish","type":"post","link":"https:\/\/upla.cl\/canalemocional\/2023\/10\/17\/tema-comunicacion-con-emocion\/","title":{"rendered":"Tema: Comunicaci\u00f3n con emoci\u00f3n"},"content":{"rendered":"<p>[et_pb_section fb_built=\u00bb1&#8243; admin_label=\u00bbAbout\u00bb _builder_version=\u00bb4.16&#8243; _module_preset=\u00bbdefault\u00bb custom_padding=\u00bb||1px||false|false\u00bb global_colors_info=\u00bb{}\u00bb][et_pb_row column_structure=\u00bb1_2,1_2&#8243; _builder_version=\u00bb4.22.2&#8243; _module_preset=\u00bbdefault\u00bb custom_margin=\u00bb||79px||false|false\u00bb custom_padding=\u00bb0px||0px||true|false\u00bb global_colors_info=\u00bb{}\u00bb][et_pb_column type=\u00bb1_2&#8243; _builder_version=\u00bb4.22.2&#8243; _module_preset=\u00bbdefault\u00bb background_color=\u00bb#f09978&#8243; use_background_color_gradient=\u00bbon\u00bb background_color_gradient_stops=\u00bbrgba(241,186,191,0) 0%|rgba(138,160,196,0.42) 100%\u00bb background_color_gradient_overlays_image=\u00bbon\u00bb background_color_gradient_start=\u00bbrgba(241,186,191,0)\u00bb background_color_gradient_end=\u00bb#f1babf\u00bb background_enable_image=\u00bboff\u00bb background_size=\u00bbinitial\u00bb custom_padding=\u00bb60px|40px|60px|40px|true|true\u00bb custom_padding_tablet=\u00bb|30px||30px|true|true\u00bb custom_padding_phone=\u00bb|20px||20px|true|true\u00bb custom_padding_last_edited=\u00bbon|phone\u00bb global_colors_info=\u00bb{}\u00bb][et_pb_text admin_label=\u00bbBreadcrumbs\u00bb _builder_version=\u00bb4.22.2&#8243; _module_preset=\u00bbdefault\u00bb global_colors_info=\u00bb{}\u00bb]<\/p>\n<p><span style=\"color: #565656;\">Usted est\u00e1 aqu\u00ed:<\/span><span style=\"color: #ffffff;\"> <a href=\"https:\/\/upla.cl\/canalemocional\/\" title=\"Volver al inicio\" style=\"color: #ffffff;\">Inicio<\/a> &gt; <a href=\"https:\/\/upla.cl\/canalemocional\/formacion-emocional-nivel-escolr\/\" title=\"Ir a Herramientas para la formaci\u00f3n emocional\" style=\"color: #ffffff;\">Herramientas para la formaci\u00f3n emocional<\/a> &gt; Lenguaje &gt; Tema: Comunicaci\u00f3n con emoci\u00f3n<\/span><\/p>\n<p>[\/et_pb_text][et_pb_text _builder_version=\u00bb4.22.2&#8243; _module_preset=\u00bbdefault\u00bb header_2_font=\u00bbLato||||||||\u00bb header_2_text_color=\u00bb#ffffff\u00bb header_2_font_size=\u00bb48px\u00bb header_2_line_height=\u00bb1.3em\u00bb header_2_font_size_tablet=\u00bb34px\u00bb header_2_font_size_phone=\u00bb22px\u00bb header_2_font_size_last_edited=\u00bbon|phone\u00bb global_colors_info=\u00bb{}\u00bb]<\/p>\n<h2>Asignatura &#8211; Lenguaje<\/h2>\n<p>[\/et_pb_text][et_pb_text _builder_version=\u00bb4.22.2&#8243; _module_preset=\u00bbdefault\u00bb text_font=\u00bbLato||||||||\u00bb text_text_color=\u00bb#333333&#8243; text_line_height=\u00bb1.8em\u00bb locked=\u00bboff\u00bb global_colors_info=\u00bb{}\u00bb]<\/p>\n<p><strong>TEMA: COMUNICACI\u00d3N CON EMOCI\u00d3N<\/strong><br \/>Expresarse frente a los dem\u00e1s suele ser dif\u00edcil puesto que no solo es necesario manejar bien las palabras, la gram\u00e1tica y los argumentos sino que tambi\u00e9n es muy importante comprender y manejar adecuadamente lo que sentimos mientras nos comunicamos con otras personas. Adem\u00e1s, se requiere tomar en cuenta lo que est\u00e1n sintiendo los dem\u00e1s en esos momentos.<\/p>\n<p>Debido a lo anterior, en algunas ocasiones las emociones pueden complicarnos. Por ejemplo, es muy com\u00fan sentir temor o verg\u00fcenza cuando estamos frente a los dem\u00e1s y, por tanto, nos quedemos callados. O a veces estamos tan molestos o enojados que nos cuesta expresar adecuadamente lo que pensamos o sentimos. Se suele decir que estas emociones son de \u201cvalencia negativa\u201d porque no nos gusta experimentarlas (como la pena o la rabia). Sin embargo, en otras ocasiones las \u201cemociones de valencia positiva\u201d, como la felicidad, tambi\u00e9n pueden complicarnos al momento de relacionarnos con otras personas. Por ejemplo, al sentir mucho entusiasmo podemos desear comunicar muchas cosas pero esa emoci\u00f3n puede provocar que no seamos lo suficientemente ordenados para expresar lo que sentimos o pensamos.<\/p>\n<p>Por otra parte, cuando nos relacionamos con las personas es importante hacer un esfuerzo por notar y considerar lo que esas personas est\u00e1n sintiendo en ese momento. Por ejemplo, si no considero que mi compa\u00f1era se siente muy frustrada porque se acaba de enterar que obtuvo una muy mala nota en lenguaje, es probable que ella no preste atenci\u00f3n a lo que yo le deseo contar.<\/p>\n<p>\u00bfSe dan cuenta? Comunicarse no es solamente una cuesti\u00f3n de palabras e ideas. Es tambi\u00e9n una cuesti\u00f3n de emociones.<\/p>\n<p>[\/et_pb_text][et_pb_divider color=\u00bb#FFFFFF\u00bb _builder_version=\u00bb4.22.2&#8243; _module_preset=\u00bbdefault\u00bb width=\u00bb70%\u00bb custom_margin=\u00bb27px|||||\u00bb locked=\u00bboff\u00bb global_colors_info=\u00bb{}\u00bb][\/et_pb_divider][et_pb_text _builder_version=\u00bb4.22.2&#8243; _module_preset=\u00bbdefault\u00bb text_font=\u00bbLato||||||||\u00bb text_text_color=\u00bb#333333&#8243; text_line_height=\u00bb1.8em\u00bb locked=\u00bboff\u00bb global_colors_info=\u00bb{}\u00bb]<\/p>\n<p><strong>CASO: LA DISERTACI\u00d3N SOBRE EL MEDIO AMBIENTE<\/strong><br \/>La semana pasada me toc\u00f3 exponer sobre cambio clim\u00e1tico en C. Naturales. Este tema siempre me ha preocupado mucho as\u00ed que convenc\u00ed a mis compa\u00f1eros m\u00e1s cercanos que lo eligi\u00e9ramos. Trabajamos much\u00edsimo, encontr\u00e9 harto material en internet y, adem\u00e1s, le pedimos ayuda a la profe. Preparamos todo muy bien, las diapositivas, el orden en que \u00edbamos a exponer, todo. Incluso me aprend\u00ed algunos ejemplos y estad\u00edsticas de memoria. Ten\u00eda muy claro lo que iba a decir, adem\u00e1s hicimos varios ensayos antes con los dem\u00e1s.<\/p>\n<p>Como la presentaci\u00f3n era inmediatamente despu\u00e9s del segundo recreo, nos quedamos en la sala preparando el computador, el papel\u00f3grafo y varias cosas m\u00e1s. Hasta que por fin lleg\u00f3 el momento.<br \/>Primero, comenz\u00f3 Claudia hablando sobre lo hermoso que es nuestro planeta y de lo importante que es cuidar la naturaleza. Luego me toc\u00f3 a m\u00ed, pero\u2026. \u00a1Oh, sorpresa!, apenas comenc\u00e9 a hablar not\u00e9 que lo que iba a decir se me desordenaba. Solo alcanc\u00e9 a plantear algunas vagas ideas sobre los principales problemas que amenazan al planeta. Todo lo dem\u00e1s se me fue nublando en mi mente y mi voz se fue apagando mientras sent\u00eda que mis piernas temblaban.<\/p>\n<p>Sin embargo, Emma, que estaba al lado m\u00edo, not\u00f3 lo que me estaba sucediendo y r\u00e1pidamente se hizo cargo de la exposici\u00f3n, improvisando con algunas ideas que me hab\u00eda escuchado en los ensayos. El curso ni lo not\u00f3. Luego, expuso su parte y, finalmente, le dio el pase a Pedro que termin\u00f3 con la presentaci\u00f3n.<br \/>No s\u00e9 lo que me pas\u00f3 ese d\u00eda. Quiz\u00e1s pensaba que me iba a equivocar y que algunos se iban a burlar. No s\u00e9\u2026. pero en el fondo, el temor me invadi\u00f3 y me paraliz\u00f3 casi por completo.<\/p>\n<p>[\/et_pb_text][et_pb_divider color=\u00bb#FFFFFF\u00bb _builder_version=\u00bb4.22.2&#8243; _module_preset=\u00bbdefault\u00bb width=\u00bb70%\u00bb custom_margin=\u00bb27px|||||\u00bb locked=\u00bboff\u00bb global_colors_info=\u00bb{}\u00bb][\/et_pb_divider][et_pb_text _builder_version=\u00bb4.22.2&#8243; _module_preset=\u00bbdefault\u00bb header_6_font=\u00bb||||||||\u00bb header_6_text_color=\u00bb#FFFFFF\u00bb header_6_font_size=\u00bb12px\u00bb header_6_line_height=\u00bb1.5em\u00bb global_colors_info=\u00bb{}\u00bb]<\/p>\n<h6>Autor: Octavio Poblete-Christie, docente de la Facultad de Ciencias de la Educaci\u00f3n de la U. de Playa Ancha. Texto protegido como propiedad intelectual<\/h6>\n<p>[\/et_pb_text][\/et_pb_column][et_pb_column type=\u00bb1_2&#8243; _builder_version=\u00bb4.16&#8243; _module_preset=\u00bbdefault\u00bb custom_padding=\u00bb150px||||false|false\u00bb custom_padding_tablet=\u00bb0px||||false|false\u00bb custom_padding_phone=\u00bb\u00bb custom_padding_last_edited=\u00bbon|tablet\u00bb global_colors_info=\u00bb{}\u00bb][et_pb_text _builder_version=\u00bb4.22.2&#8243; _module_preset=\u00bbdefault\u00bb header_2_font=\u00bbLato||||||||\u00bb header_2_text_color=\u00bb#f09978&#8243; header_2_font_size=\u00bb36px\u00bb header_2_line_height=\u00bb1.3em\u00bb header_2_font_size_tablet=\u00bb34px\u00bb header_2_font_size_phone=\u00bb22px\u00bb header_2_font_size_last_edited=\u00bbon|phone\u00bb global_colors_info=\u00bb{}\u00bb]<\/p>\n<h2>Taller: Comunicaci\u00f3n con Emoci\u00f3n<\/h2>\n<p>[\/et_pb_text][et_pb_text _builder_version=\u00bb4.27.4&#8243; _module_preset=\u00bbdefault\u00bb header_2_text_color=\u00bb#F09978&#8243; global_colors_info=\u00bb{}\u00bb theme_builder_area=\u00bbpost_content\u00bb]<\/p>\n<h2>Objetivos de aprendizaje<\/h2>\n<p>[\/et_pb_text][et_pb_text _builder_version=\u00bb4.27.4&#8243; _module_preset=\u00bbdefault\u00bb text_font=\u00bbLato||||||||\u00bb text_text_color=\u00bb#565656&#8243; text_line_height=\u00bb1.8em\u00bb header_4_font=\u00bbLato|600|||||||\u00bb header_4_text_color=\u00bb#E09900&#8243; header_4_font_size=\u00bb20px\u00bb header_4_line_height=\u00bb1.8em\u00bb hover_enabled=\u00bb0&#8243; header_4_font_size_tablet=\u00bb20px\u00bb header_4_font_size_phone=\u00bb16px\u00bb header_4_font_size_last_edited=\u00bbon|phone\u00bb global_colors_info=\u00bb{}\u00bb header_2_4_font_size_tablet=\u00bb20px\u00bb header_3_4_font_size_tablet=\u00bb20px\u00bb header_4_4_font_size_tablet=\u00bb20px\u00bb header_5_4_font_size_tablet=\u00bb20px\u00bb header_6_4_font_size_tablet=\u00bb20px\u00bb header_2_4_font_size_phone=\u00bb16px\u00bb header_3_4_font_size_phone=\u00bb16px\u00bb header_4_4_font_size_phone=\u00bb16px\u00bb header_5_4_font_size_phone=\u00bb16px\u00bb header_6_4_font_size_phone=\u00bb16px\u00bb header_2_4_font_size_last_edited=\u00bbon|phone\u00bb header_3_4_font_size_last_edited=\u00bbon|phone\u00bb header_4_4_font_size_last_edited=\u00bbon|phone\u00bb header_5_4_font_size_last_edited=\u00bbon|phone\u00bb header_6_4_font_size_last_edited=\u00bbon|phone\u00bb sticky_enabled=\u00bb0&#8243;]<\/p>\n<p><strong>Eje<br \/><\/strong>Comunicaci\u00f3n oral.<\/p>\n<p><strong>Objetivos del taller<br \/><\/strong>Expresarse de manera coherente y articulada sobre temas de su inter\u00e9s:<\/p>\n<ul>\n<li>Organizando las ideas en introducci\u00f3n, desarrollo y cierre.<\/li>\n<li>Incorporando descripciones y ejemplos que ilustren las ideas.<\/li>\n<\/ul>\n<p>Participar activamente en conversaciones grupales sobre textos le\u00eddos o escuchados en clases o temas de su inter\u00e9s:<\/p>\n<ul>\n<li>Manteniendo el foco de la conversaci\u00f3n.<\/li>\n<li>Expresando sus ideas u opiniones y fundament\u00e1ndolas.<\/li>\n<li>Formulando preguntas para aclarar dudas y verificar la comprensi\u00f3n.<\/li>\n<li>Demostrando inter\u00e9s ante lo escuchado.<\/li>\n<li>Mostrando empat\u00eda frente a las situaciones expresadas por otros.<\/li>\n<li>Respetando turnos.<\/li>\n<\/ul>\n<p><strong>Duraci\u00f3n<br \/><\/strong>20 o 45 minutos dependiendo de la modalidad (Por grupo curso o subgrupos y luego plenario)<\/p>\n<p><strong>Materiales y equipamiento<br \/><\/strong>Plum\u00f3n, pizarra blanca, pliego de papel kraft, sillas, computador y proyector. C\u00e1psulas \u201cLa disertaci\u00f3n del medio ambiente\u201d y \u201cComunicaci\u00f3n con emoci\u00f3n\u201d.<br \/>Aseg\u00farese de disponer de acceso a internet al momento de realizar el taller para descargar los materiales del Canal Emocional. De lo contrario, desc\u00e1rguelos previamente en su computador (c\u00e1psulas audiovisuales y textos) para utilizarlos en la sesi\u00f3n. Recuerde que en caso de no disponer de proyector o no desee trabajar con material audiovisual, puede realizar la actividad s\u00f3lo con el material escrito en reemplazo de las c\u00e1psulas.<\/p>\n<p><strong>Competencia a desarrollar<br \/><\/strong>Una vez realizado este taller las y los estudiantes habr\u00e1n tomado conciencia de la influencia que ejercen las emociones sobre nuestra comunicaci\u00f3n con las dem\u00e1s personas y sobre la importancia de aprender a gestionarlas adecuadamente.<\/p>\n<p>[\/et_pb_text][et_pb_text _builder_version=\u00bb4.22.2&#8243; _module_preset=\u00bbdefault\u00bb header_2_font=\u00bbLato||||||||\u00bb header_2_text_color=\u00bb#f09978&#8243; header_2_font_size=\u00bb36px\u00bb header_2_line_height=\u00bb1.3em\u00bb header_2_font_size_tablet=\u00bb34px\u00bb header_2_font_size_phone=\u00bb22px\u00bb header_2_font_size_last_edited=\u00bbon|phone\u00bb global_colors_info=\u00bb{}\u00bb]<\/p>\n<h2>C\u00e1psula \u00abLa Disertaci\u00f3n del Medio Ambiente\u00bb<\/h2>\n<p>[\/et_pb_text][et_pb_code _builder_version=\u00bb4.22.2&#8243; _module_preset=\u00bbdefault\u00bb global_colors_info=\u00bb{}\u00bb]<iframe loading=\"lazy\" src=\"https:\/\/drive.google.com\/file\/d\/11dgXana5KtkxsQR3pNCBAdG7okA3W0O8\/preview\" width=\"100%\" height=\"280\" allow=\"autoplay\"><\/iframe>[\/et_pb_code][et_pb_text _builder_version=\u00bb4.22.2&#8243; _module_preset=\u00bbdefault\u00bb header_2_font=\u00bbLato||||||||\u00bb header_2_text_color=\u00bb#f09978&#8243; header_2_font_size=\u00bb36px\u00bb header_2_line_height=\u00bb1.3em\u00bb header_2_font_size_tablet=\u00bb34px\u00bb header_2_font_size_phone=\u00bb22px\u00bb header_2_font_size_last_edited=\u00bbon|phone\u00bb global_colors_info=\u00bb{}\u00bb]<\/p>\n<h2>C\u00e1psula \u00abComunicaci\u00f3n con Emoci\u00f3n\u00bb<\/h2>\n<p>[\/et_pb_text][et_pb_code _builder_version=\u00bb4.22.2&#8243; _module_preset=\u00bbdefault\u00bb global_colors_info=\u00bb{}\u00bb]<iframe loading=\"lazy\" src=\"https:\/\/drive.google.com\/file\/d\/1BB-2mKxxIxzmjbzsdtIbBWL4lMTVHHl_\/preview\" width=\"100%\" height=\"280\" allow=\"autoplay\"><\/iframe>[\/et_pb_code][et_pb_button button_url=\u00bbhttps:\/\/upla.cl\/canalemocional\/wp-content\/uploads\/2023\/10\/LenguajeTallerComunicacionconempcion.pdf\u00bb url_new_window=\u00bbon\u00bb button_text=\u00bbDescargar informaci\u00f3n\u00bb button_alignment=\u00bbleft\u00bb button_text_last_edited=\u00bboff|desktop\u00bb _builder_version=\u00bb4.22.2&#8243; _module_preset=\u00bbdefault\u00bb custom_button=\u00bbon\u00bb button_text_color=\u00bb#f09978&#8243; button_icon=\u00bb&#xf15c;||fa||400&#8243; global_colors_info=\u00bb{}\u00bb button_text__hover_enabled=\u00bbon|hover\u00bb button_text__hover=\u00bbDescargar informaci\u00f3n \/ .pdf &#8211; 110Kb\u00bb][\/et_pb_button][\/et_pb_column][\/et_pb_row][\/et_pb_section][et_pb_section fb_built=\u00bb1&#8243; admin_label=\u00bbSection\u00bb _builder_version=\u00bb4.22.2&#8243; _module_preset=\u00bbdefault\u00bb background_color=\u00bb#f4f7fa\u00bb global_colors_info=\u00bb{}\u00bb][et_pb_row column_structure=\u00bb2_5,3_5&#8243; _builder_version=\u00bb4.22.2&#8243; _module_preset=\u00bbdefault\u00bb border_color_bottom=\u00bbRGBA(255,255,255,0)\u00bb global_colors_info=\u00bb{}\u00bb][et_pb_column type=\u00bb2_5&#8243; _builder_version=\u00bb4.16&#8243; _module_preset=\u00bbdefault\u00bb global_colors_info=\u00bb{}\u00bb][et_pb_divider color=\u00bb#f09978&#8243; _builder_version=\u00bb4.22.2&#8243; _module_preset=\u00bbdefault\u00bb width=\u00bb70%\u00bb locked=\u00bboff\u00bb global_colors_info=\u00bb{}\u00bb][\/et_pb_divider][et_pb_text _builder_version=\u00bb4.22.2&#8243; _module_preset=\u00bbdefault\u00bb header_2_font=\u00bbLato||||||||\u00bb header_2_text_color=\u00bb#565656&#8243; header_2_font_size=\u00bb36px\u00bb header_2_line_height=\u00bb1.3em\u00bb header_2_font_size_tablet=\u00bb34px\u00bb header_2_font_size_phone=\u00bb22px\u00bb header_2_font_size_last_edited=\u00bbon|phone\u00bb locked=\u00bboff\u00bb global_colors_info=\u00bb{}\u00bb]<\/p>\n<h2>Orientaciones para realizar el taller<\/h2>\n<p>[\/et_pb_text][\/et_pb_column][et_pb_column type=\u00bb3_5&#8243; _builder_version=\u00bb4.16&#8243; _module_preset=\u00bbdefault\u00bb global_colors_info=\u00bb{}\u00bb][et_pb_text _builder_version=\u00bb4.22.2&#8243; _module_preset=\u00bbdefault\u00bb text_font=\u00bbLato||||||||\u00bb text_text_color=\u00bb#565656&#8243; text_line_height=\u00bb1.8em\u00bb header_4_font=\u00bbLato|600|||||||\u00bb header_4_text_color=\u00bb#565656&#8243; header_4_font_size=\u00bb20px\u00bb header_4_line_height=\u00bb1.8em\u00bb header_4_font_size_tablet=\u00bb20px\u00bb header_4_font_size_phone=\u00bb16px\u00bb header_4_font_size_last_edited=\u00bbon|phone\u00bb global_colors_info=\u00bb{}\u00bb header_2_4_font_size_tablet=\u00bb20px\u00bb header_3_4_font_size_tablet=\u00bb20px\u00bb header_4_4_font_size_tablet=\u00bb20px\u00bb header_5_4_font_size_tablet=\u00bb20px\u00bb header_6_4_font_size_tablet=\u00bb20px\u00bb header_2_4_font_size_phone=\u00bb16px\u00bb header_3_4_font_size_phone=\u00bb16px\u00bb header_4_4_font_size_phone=\u00bb16px\u00bb header_5_4_font_size_phone=\u00bb16px\u00bb header_6_4_font_size_phone=\u00bb16px\u00bb header_2_4_font_size_last_edited=\u00bbon|phone\u00bb header_3_4_font_size_last_edited=\u00bbon|phone\u00bb header_4_4_font_size_last_edited=\u00bbon|phone\u00bb header_5_4_font_size_last_edited=\u00bbon|phone\u00bb header_6_4_font_size_last_edited=\u00bbon|phone\u00bb]<strong>Motivaci\u00f3n:<\/strong><br \/>\nAntes de dar inicio a la actividad sostenga una breve conversaci\u00f3n con sus estudiantes en relaci\u00f3n a los diferentes factores que influyen en la comunicaci\u00f3n humana. Para ello, por ejemplo, puede preguntar \u201c\u00bfQu\u00e9 elementos influir\u00e1n sobre la comunicaci\u00f3n que establecemos de manera presencial con otras personas?\u201d, \u201c\u00bfDe qu\u00e9 forma?\u201d, \u201c\u00bfMe podr\u00edan dar alg\u00fan ejemplo?\u201d u otras. La idea es prepararlos para iniciar la actividad.<br \/>\nLuego, inv\u00edteles a visionar una c\u00e1psula audiovisual que narra una situaci\u00f3n concreta relacionada con este tema para que una vez terminada la puedan comentar.[\/et_pb_text][\/et_pb_column][\/et_pb_row][et_pb_row _builder_version=\u00bb4.22.2&#8243; _module_preset=\u00bbdefault\u00bb global_colors_info=\u00bb{}\u00bb][et_pb_column type=\u00bb4_4&#8243; _builder_version=\u00bb4.22.2&#8243; _module_preset=\u00bbdefault\u00bb global_colors_info=\u00bb{}\u00bb][et_pb_text _builder_version=\u00bb4.22.2&#8243; _module_preset=\u00bbdefault\u00bb text_font=\u00bbLato||||||||\u00bb text_text_color=\u00bb#565656&#8243; text_line_height=\u00bb1.8em\u00bb header_4_font=\u00bbLato|600|||||||\u00bb header_4_text_color=\u00bb#565656&#8243; header_4_font_size=\u00bb20px\u00bb header_4_line_height=\u00bb1.8em\u00bb header_4_font_size_tablet=\u00bb20px\u00bb header_4_font_size_phone=\u00bb16px\u00bb header_4_font_size_last_edited=\u00bbon|phone\u00bb global_colors_info=\u00bb{}\u00bb header_2_4_font_size_tablet=\u00bb20px\u00bb header_3_4_font_size_tablet=\u00bb20px\u00bb header_4_4_font_size_tablet=\u00bb20px\u00bb header_5_4_font_size_tablet=\u00bb20px\u00bb header_6_4_font_size_tablet=\u00bb20px\u00bb header_2_4_font_size_phone=\u00bb16px\u00bb header_3_4_font_size_phone=\u00bb16px\u00bb header_4_4_font_size_phone=\u00bb16px\u00bb header_5_4_font_size_phone=\u00bb16px\u00bb header_6_4_font_size_phone=\u00bb16px\u00bb header_2_4_font_size_last_edited=\u00bbon|phone\u00bb header_3_4_font_size_last_edited=\u00bbon|phone\u00bb header_4_4_font_size_last_edited=\u00bbon|phone\u00bb header_5_4_font_size_last_edited=\u00bbon|phone\u00bb header_6_4_font_size_last_edited=\u00bbon|phone\u00bb]<strong>2. Presentaci\u00f3n de la C\u00e1psula<\/strong><br \/>\nExponga a sus estudiantes la c\u00e1psula audiovisual del Canal Emocional denominada \u201cEl cambio clim\u00e1tico\u201d.<\/p>\n<p><strong>3. Actividad central<\/strong><br \/>\nDependiendo del tiempo que disponga o de otros factores, realice una de las siguientes opciones:<\/p>\n<p><strong>Opci\u00f3n A: Reflexi\u00f3n grupal con todo el curso<\/strong> (20 minutos aproximadamente)<br \/>\nApenas termine la c\u00e1psula, invite a sus estudiantes a reflexionar sobre \u00e9sta recurriendo a las siguientes preguntas u otras que a Ud. le parezcan m\u00e1s pertinentes. Para reforzar las ideas que se van exponiendo puede ir escribiendo las respuestas en un pliego de papel o una pizarra.<\/p>\n<ul>\n<li>\u00bfQu\u00e9 le habr\u00e1 pasado a la protagonista de la c\u00e1psula?<\/li>\n<li>\u00bfA ustedes les ha ocurrido algo similar?, \u00bfCu\u00e1ndo?, \u00bfBajo qu\u00e9 circunstancias?<\/li>\n<li>\u00bfHabr\u00e1 otras emociones que puedan interferir en la comunicaci\u00f3n con otras personas?, \u00bfAlguien podr\u00eda narrar alguna situaci\u00f3n de este tipo? (pena, rabia, verg\u00fcenza, entusiasmo, otra)<\/li>\n<li>\u00bfQu\u00e9 situaciones les hacen sentir nerviosismo, temor, rabia, verg\u00fcenza, entusiasmo? \u00bfLes agrada sentir estas emociones? \u00bfPor qu\u00e9?<\/li>\n<li>\u00bfHan notado qu\u00e9 sienten en el cuerpo cuando experimentan temor, rabia, pena, verg\u00fcenza u otras emociones?<\/li>\n<li>\u00bfEs posible manejar las emociones?, \u00bfQu\u00e9 podemos hacer para mejorar el manejo de nuestras emociones?<\/li>\n<\/ul>\n<p><strong>Opci\u00f3n B: <\/strong>En este caso, se sugiere conformar los grupos por afinidad y pedirles que se re\u00fanan lo m\u00e1s distanciadamente de los otros grupos para evitar interferirse.<br \/>\n<em>Primera parte<\/em> (trabajo por grupos, 20 minutos aproximadamente)<br \/>\nAs\u00edgneles a cada uno de los grupos un set de preguntas para que las respondan. En caso de que falten sets puede inventar otros que contengan otras emociones que a Ud. le parezcan pertinentes o bien asignar un mismo set a dos o m\u00e1s grupos. <\/p>\n<p>Set 1: Nerviosismo o temor<br \/>\n\u00bfEn qu\u00e9 situaciones de la vida suelen sentirse nerviosos o atemorizados?, \u00bfHan notado qu\u00e9 sienten en el cuerpo mientras experimentan nerviosismo o temor? \u00bfC\u00f3mo reaccionan ustedes o qu\u00e9 cosas hacen cuando experimentan nerviosismo o temor? \u00bfDe qu\u00e9 otra forma diferente a la vista en la c\u00e1psula, el nerviosismo o temor pueden afectar a la comunicaci\u00f3n con otras personas?  <\/p>\n<p>Set 2: Rabia<br \/>\n\u00bfQu\u00e9 suele ocasionarles rabia a ustedes?, \u00bfHan notado qu\u00e9 sienten en el cuerpo mientras experimentan rabia? \u00bfC\u00f3mo reaccionan ustedes o qu\u00e9 cosas hacen cuando experimentan rabia? \u00bfDe qu\u00e9 forma la rabia puede afectar a la comunicaci\u00f3n con otras personas?  <\/p>\n<p>Set 3: Verg\u00fcenza<br \/>\n\u00bfQu\u00e9 suele ocasionarles verg\u00fcenza a ustedes?, \u00bfHan notado qu\u00e9 experimentan en el cuerpo mientras experimentan rabia? \u00bfC\u00f3mo reaccionan ustedes o qu\u00e9 cosas hacen cuando experimentan rabia? \u00bfDe qu\u00e9 forma la verg\u00fcenza puede afectar a la comunicaci\u00f3n con otras personas?  <\/p>\n<p>Set 4: Entusiasmo<br \/>\n\u00bfQu\u00e9 suele ocasionarles entusiasmo a ustedes?, \u00bfHan notado qu\u00e9 sienten en el cuerpo mientras experimentan entusiasmo? \u00bfC\u00f3mo reaccionan ustedes o qu\u00e9 cosas hacen cuando experimentan entusiasmo? \u00bfQu\u00e9 sueles hacer cuando sienten entusiasmo? \u00bfDe qu\u00e9 forma el entusiasmo puede afectar a la comunicaci\u00f3n con otras personas?<\/p>\n<p><strong>Plenario y cierre<\/strong> (25 minutos aproximadamente)<br \/>\nPida a un\/a representante de cada grupo que exponga las respuestas de su grupo.<br \/>\nEn la medida que cada grupo exponga agrad\u00e9zcales las respuestas y destaque ante el resto del curso sus puntos centrales.<br \/>\nAl finalizar la exposici\u00f3n de los grupos, realice una breve reflexi\u00f3n a modo de cierre de la actividad, apoy\u00e1ndose en las ideas orientadoras que se entregan m\u00e1s abajo.<\/p>\n<p>Finalmente, si lo desea, puede utilizar la c\u00e1psula audiovisual \u201cComunicaci\u00f3n con emoci\u00f3n\u201d para terminar con la actividad.[\/et_pb_text][\/et_pb_column][\/et_pb_row][\/et_pb_section][et_pb_section fb_built=\u00bb1&#8243; _builder_version=\u00bb4.22.2&#8243; _module_preset=\u00bbdefault\u00bb global_colors_info=\u00bb{}\u00bb][et_pb_row _builder_version=\u00bb4.22.2&#8243; _module_preset=\u00bbdefault\u00bb global_colors_info=\u00bb{}\u00bb][et_pb_column type=\u00bb4_4&#8243; _builder_version=\u00bb4.22.2&#8243; _module_preset=\u00bbdefault\u00bb global_colors_info=\u00bb{}\u00bb][et_pb_toggle title=\u00bbIdeas sugeridas para orientar la reflexi\u00f3n\u00bb open_toggle_background_color=\u00bb#f4f7fa\u00bb closed_toggle_background_color=\u00bb#f4f7fa\u00bb icon_color=\u00bb#f09978&#8243; toggle_icon=\u00bb&#xe044;||divi||400&#8243; use_icon_font_size=\u00bbon\u00bb open_icon_color=\u00bb#f09978&#8243; open_toggle_icon=\u00bb&#xe043;||divi||400&#8243; _builder_version=\u00bb4.22.2&#8243; _module_preset=\u00bbdefault\u00bb body_text_color=\u00bb#565656&#8243; border_width_all=\u00bb0px\u00bb border_color_all=\u00bbRGBA(255,255,255,0)\u00bb global_colors_info=\u00bb{}\u00bb]<\/p>\n<ul>\n<li>En la comunicaci\u00f3n interpersonal, sobre todo presencial, las emociones cumplen una funci\u00f3n fundamental. Por ejemplo, suelen enriquecer o fortalecer los mensajes.<\/li>\n<li>Sin embargo, todas las emociones, tanto de valencia positiva (como la alegr\u00eda o el entusiasmo), como de valencia negativa (como el temor o la rabia), pueden llegar a obstaculizar la comunicaci\u00f3n con los dem\u00e1s.<\/li>\n<li>El manejo de las emociones es algo que se aprende. En ning\u00fan caso es una condici\u00f3n individual que no se pueda superar.<\/li>\n<li>Para evitar que las emociones nos obstaculicen, lo m\u00e1s importante es aprender a reconocerlas en uno mismo.<\/li>\n<li>Aprender a reconocer las emociones no siempre es tan f\u00e1cil. Es una labor que requiere tiempo y pr\u00e1ctica. No se logra de la noche a la ma\u00f1ana.<\/li>\n<li>Muchas veces no notamos nuestras emociones. Simplemente no las notamos mientras ocurren. En estos casos, se recomienda comenzar por aprender a atender las sensaciones que sentimos en el cuerpo.<\/li>\n<li>Otras veces, si bien las notamos podemos tener dificultades para reconocerlas con nosotros mismos. Por ejemplo, a veces nos cuesta mucho reconocer que sentimos miedo porque lo asociamos con debilidad o con ser cobardes. Al respecto, es importante destacar que es com\u00fan y normal experimentar todo tipo de emociones. Lo relevante es aprender a manejar estos estados mentales y su expresi\u00f3n.<\/li>\n<li>Otras veces, si bien las reconocemos de manera privada, se nos hace dif\u00edcil comentarlas a los dem\u00e1s. En este sentido, se hace muy importante desarrollar o fortalecer lazos de confianza con otras personas.<\/li>\n<li>Finalmente, si es necesario, invite a quienes observen que tienen dificultades en la comprensi\u00f3n y manejo de sus emociones a acercarse a los profesionales del establecimiento cuya funci\u00f3n es justamente apoyar a resolver este tipo de situaciones.<\/li>\n<\/ul>\n<p>[\/et_pb_toggle][\/et_pb_column][\/et_pb_row][\/et_pb_section]<\/p>\n","protected":false},"excerpt":{"rendered":"<p>Usted est\u00e1 aqu\u00ed: Inicio &gt; Herramientas para la formaci\u00f3n emocional &gt; Lenguaje &gt; Tema: Comunicaci\u00f3n con emoci\u00f3nAsignatura &#8211; LenguajeTEMA: COMUNICACI\u00d3N CON EMOCI\u00d3NExpresarse frente a los dem\u00e1s suele ser dif\u00edcil puesto que no solo es necesario manejar bien las palabras, la gram\u00e1tica y los argumentos sino que tambi\u00e9n es muy importante comprender y manejar adecuadamente lo [&hellip;]<\/p>\n","protected":false},"author":2,"featured_media":0,"comment_status":"open","ping_status":"open","sticky":false,"template":"","format":"standard","meta":{"_et_pb_use_builder":"on","_et_pb_old_content":"","_et_gb_content_width":"","footnotes":""},"categories":[15],"tags":[],"class_list":["post-531","post","type-post","status-publish","format-standard","hentry","category-lenguaje"],"_links":{"self":[{"href":"https:\/\/upla.cl\/canalemocional\/wp-json\/wp\/v2\/posts\/531","targetHints":{"allow":["GET"]}}],"collection":[{"href":"https:\/\/upla.cl\/canalemocional\/wp-json\/wp\/v2\/posts"}],"about":[{"href":"https:\/\/upla.cl\/canalemocional\/wp-json\/wp\/v2\/types\/post"}],"author":[{"embeddable":true,"href":"https:\/\/upla.cl\/canalemocional\/wp-json\/wp\/v2\/users\/2"}],"replies":[{"embeddable":true,"href":"https:\/\/upla.cl\/canalemocional\/wp-json\/wp\/v2\/comments?post=531"}],"version-history":[{"count":12,"href":"https:\/\/upla.cl\/canalemocional\/wp-json\/wp\/v2\/posts\/531\/revisions"}],"predecessor-version":[{"id":1009,"href":"https:\/\/upla.cl\/canalemocional\/wp-json\/wp\/v2\/posts\/531\/revisions\/1009"}],"wp:attachment":[{"href":"https:\/\/upla.cl\/canalemocional\/wp-json\/wp\/v2\/media?parent=531"}],"wp:term":[{"taxonomy":"category","embeddable":true,"href":"https:\/\/upla.cl\/canalemocional\/wp-json\/wp\/v2\/categories?post=531"},{"taxonomy":"post_tag","embeddable":true,"href":"https:\/\/upla.cl\/canalemocional\/wp-json\/wp\/v2\/tags?post=531"}],"curies":[{"name":"wp","href":"https:\/\/api.w.org\/{rel}","templated":true}]}}