{"id":1503,"date":"2025-04-14T14:47:52","date_gmt":"2025-04-14T18:47:52","guid":{"rendered":"https:\/\/upla.cl\/egresados\/?p=1503"},"modified":"2025-04-14T15:40:02","modified_gmt":"2025-04-14T19:40:02","slug":"1503","status":"publish","type":"post","link":"https:\/\/upla.cl\/egresados\/2025\/04\/14\/1503\/","title":{"rendered":"TALLER: Formulaci\u00f3n de proyectos"},"content":{"rendered":"<p>La UVCE te invita al Taller de Formulaci\u00f3n de Proyectos!<\/p>\n<p>Este taller tiene por objetivo desarrollar conocimientos elementales tendientes a facilitar la presentaci\u00f3n de iniciativas ante instancias de financiamiento internas o externas, p\u00fablicas o privadas, combinando para ello el an\u00e1lisis te\u00f3rico del \u00e1mbito y actividades pr\u00e1cticas.<\/p>\n<p>\ud83c\udfaf Dirigido a egresados y egresadas UPLA<\/p>\n<p>\ud83d\uddd3\ufe0f \u00bfCu\u00e1ndo? Las sesiones se realizar\u00e1n en las siguientes fechas:<\/p>\n<p style=\"padding-left: 40px;\">&#8211; Martes 22 y 29 de abril.<br \/>\n&#8211; Martes 06, 13, 20 y 27 de mayo.<br \/>\n&#8211; Martes 03 y 10 de junio.<\/p>\n<p>\u23f0 Desde las 19:30 a 21:00 horas.<br \/>\n\ud83d\udcbb Modalidad virtual, v\u00eda zoom.<br \/>\n\ud83d\udc64 Expone: Cristian Olivera Le\u00f3n, ingeniero pesquero PUCV.<\/p>\n<p>Se entregar\u00e1 certificado a quienes asistan a todas las sesiones.<\/p>\n<div class='et-box et-shadow'>\n\t\t\t\t\t<div class='et-box-content'>\ud83d\udd17 Si est\u00e1s interesado\/a en participar, escanea el c\u00f3digo QR o en el enlace de nuestra descripci\u00f3n: inscripci\u00f3n cerrada.<\/div><\/div>\n<p><a href=\"https:\/\/upla.cl\/egresados\/wp-content\/uploads\/2025\/04\/grafica-RRSS-formulacion-de-proyectos-02-scaled.jpg\"><img loading=\"lazy\" decoding=\"async\" class=\"wp-image-1505 size-large aligncenter\" src=\"https:\/\/upla.cl\/egresados\/wp-content\/uploads\/2025\/04\/grafica-RRSS-formulacion-de-proyectos-02-819x1024.jpg\" alt=\"\" width=\"819\" height=\"1024\" \/><\/a><\/p>\n","protected":false},"excerpt":{"rendered":"<p>La UVCE te invita al Taller de Formulaci\u00f3n de Proyectos! Este taller tiene por objetivo desarrollar conocimientos elementales tendientes a facilitar la presentaci\u00f3n de iniciativas ante instancias de financiamiento internas o externas, p\u00fablicas o privadas, combinando para ello el an\u00e1lisis te\u00f3rico del \u00e1mbito y actividades pr\u00e1cticas. \ud83c\udfaf Dirigido a egresados y egresadas UPLA \ud83d\uddd3\ufe0f \u00bfCu\u00e1ndo? [&hellip;]<\/p>\n","protected":false},"author":5,"featured_media":1504,"comment_status":"closed","ping_status":"closed","sticky":false,"template":"","format":"standard","meta":{"_et_pb_use_builder":"","_et_pb_old_content":"","_et_gb_content_width":"","footnotes":""},"categories":[21],"tags":[],"class_list":["post-1503","post","type-post","status-publish","format-standard","has-post-thumbnail","hentry","category-actividades-2025"],"_links":{"self":[{"href":"https:\/\/upla.cl\/egresados\/wp-json\/wp\/v2\/posts\/1503","targetHints":{"allow":["GET"]}}],"collection":[{"href":"https:\/\/upla.cl\/egresados\/wp-json\/wp\/v2\/posts"}],"about":[{"href":"https:\/\/upla.cl\/egresados\/wp-json\/wp\/v2\/types\/post"}],"author":[{"embeddable":true,"href":"https:\/\/upla.cl\/egresados\/wp-json\/wp\/v2\/users\/5"}],"replies":[{"embeddable":true,"href":"https:\/\/upla.cl\/egresados\/wp-json\/wp\/v2\/comments?post=1503"}],"version-history":[{"count":3,"href":"https:\/\/upla.cl\/egresados\/wp-json\/wp\/v2\/posts\/1503\/revisions"}],"predecessor-version":[{"id":1508,"href":"https:\/\/upla.cl\/egresados\/wp-json\/wp\/v2\/posts\/1503\/revisions\/1508"}],"wp:featuredmedia":[{"embeddable":true,"href":"https:\/\/upla.cl\/egresados\/wp-json\/wp\/v2\/media\/1504"}],"wp:attachment":[{"href":"https:\/\/upla.cl\/egresados\/wp-json\/wp\/v2\/media?parent=1503"}],"wp:term":[{"taxonomy":"category","embeddable":true,"href":"https:\/\/upla.cl\/egresados\/wp-json\/wp\/v2\/categories?post=1503"},{"taxonomy":"post_tag","embeddable":true,"href":"https:\/\/upla.cl\/egresados\/wp-json\/wp\/v2\/tags?post=1503"}],"curies":[{"name":"wp","href":"https:\/\/api.w.org\/{rel}","templated":true}]}}