{"id":796,"date":"2024-03-28T15:23:54","date_gmt":"2024-03-28T18:23:54","guid":{"rendered":"https:\/\/upla.cl\/egresados\/?p=796"},"modified":"2024-04-03T14:20:39","modified_gmt":"2024-04-03T17:20:39","slug":"taller-formulacion-de-proyectos","status":"publish","type":"post","link":"https:\/\/upla.cl\/egresados\/2024\/03\/28\/taller-formulacion-de-proyectos\/","title":{"rendered":"Taller Formulaci\u00f3n de Proyectos"},"content":{"rendered":"<p>Desde la Unidad de Coordinaci\u00f3n Institucional de Seguimiento de Egresados(as) tenemos el agrado de invitarles a la primera versi\u00f3n del taller \u00abFormulaci\u00f3n de Proyectos\u00bb el cual se realizar\u00e1 en 4 sesiones online los d\u00edas mi\u00e9rcoles 03 &#8211; 10 &#8211; 17 y 24 de abril desde las 19.00 a las 21.00 horas a cargo del profesional Cristi\u00e1n Olivera Le\u00f3n. El taller tiene por objetivo desarrollar conocimientos elementales tendientes a facilitar la presentaci\u00f3n de iniciativas ante instancias de financiamiento internas o externas, p\u00fablicas o privadas, combinando para ello el an\u00e1lisis te\u00f3rico del \u00e1mbito y actividades pr\u00e1cticas.<\/p>\n<p><strong>M\u00f3dulo I: \u201cConceptos b\u00e1sicos asociados a la formulaci\u00f3n de proyectos\u201d<\/strong><br \/>\n\u2022 Definici\u00f3n de proyecto.<br \/>\n\u2022 Caracter\u00edsticas de un proyecto.<br \/>\n\u2022 Dimensiones de un proyecto.<br \/>\n\u2022 Etapas de un proyecto.<br \/>\n\u2022 Ejercicios pr\u00e1cticos.<\/p>\n<p><strong>M\u00f3dulo II: \u201cAbordaje metodol\u00f3gico de problemas\u201d<\/strong><br \/>\n\u2022 Etapas de un problema: Identificaci\u00f3n.<br \/>\n\u2022 Aplicaci\u00f3n de herramientas: \u201c\u00e1rbol de problemas &#8211; objetivos\u201d.<br \/>\n\u2022 Ejercicios pr\u00e1cticos.<\/p>\n<p><strong>M\u00f3dulo III: \u201cDise\u00f1o y formulaci\u00f3n\u201d<\/strong><br \/>\n\u2022 Aplicaci\u00f3n de conceptos para el dise\u00f1o (matriz del proyecto).<br \/>\n\u2022 Descripci\u00f3n de etapas y formulaci\u00f3n del proyecto.<br \/>\n\u2022 Ejercicios pr\u00e1cticos.<\/p>\n<p><strong>M\u00f3dulo IV: \u201cProgramaci\u00f3n operativa y presupuestaria\u201d<\/strong><br \/>\n\u2022 Definici\u00f3n de actividades y responsables.<br \/>\n\u2022 Cronograma de las actividades (Carta Gantt).<br \/>\n\u2022 Cotizaciones y presupuesto.<br \/>\n\u2022 Plataforma p\u00fablica de adquisiciones (Mercado P\u00fablico).<br \/>\n\u2022 Ejercicios pr\u00e1cticos.<\/p>\n<div><b>*<i>Se certificar\u00e1 solo a quienes asistan a todas las sesiones<\/i><\/b><\/div>\n<div><b><i>*El enlace de conexi\u00f3n ser\u00e1 enviado el d\u00eda martes 02 de abril. Por favor, si no recibe esta informaci\u00f3n escr\u00edbanos un correo a <a href=\"mailto:egresados@upla.cl\">egresados@upla.cl\u00a0<\/a><\/i><\/b><\/div>\n<div><\/div>\n<div><div class='et-box et-shadow'>\n\t\t\t\t\t<div class='et-box-content'>SI DESEAS PARTICIPAR INSCR\u00cdBETE <a href=\"https:\/\/forms.gle\/XRRk9AiQMGwf5G7E9\" target=\"_blank\" rel=\"noopener\">AQU\u00cd<\/a><\/div><\/div><\/div>\n<div><div class='et-box et-info'>\n\t\t\t\t\t<div class='et-box-content'>CONVOCATORIA CERRADA<\/div><\/div><\/div>\n","protected":false},"excerpt":{"rendered":"<p>Desde la Unidad de Coordinaci\u00f3n Institucional de Seguimiento de Egresados(as) tenemos el agrado de invitarles a la primera versi\u00f3n del taller \u00abFormulaci\u00f3n de Proyectos\u00bb el cual se realizar\u00e1 en 4 sesiones online los d\u00edas mi\u00e9rcoles 03 &#8211; 10 &#8211; 17 y 24 de abril desde las 19.00 a las 21.00 horas a cargo del profesional [&hellip;]<\/p>\n","protected":false},"author":5,"featured_media":807,"comment_status":"closed","ping_status":"closed","sticky":false,"template":"","format":"standard","meta":{"_et_pb_use_builder":"","_et_pb_old_content":"","_et_gb_content_width":"","footnotes":""},"categories":[16],"tags":[],"class_list":["post-796","post","type-post","status-publish","format-standard","has-post-thumbnail","hentry","category-actividades-2024"],"_links":{"self":[{"href":"https:\/\/upla.cl\/egresados\/wp-json\/wp\/v2\/posts\/796","targetHints":{"allow":["GET"]}}],"collection":[{"href":"https:\/\/upla.cl\/egresados\/wp-json\/wp\/v2\/posts"}],"about":[{"href":"https:\/\/upla.cl\/egresados\/wp-json\/wp\/v2\/types\/post"}],"author":[{"embeddable":true,"href":"https:\/\/upla.cl\/egresados\/wp-json\/wp\/v2\/users\/5"}],"replies":[{"embeddable":true,"href":"https:\/\/upla.cl\/egresados\/wp-json\/wp\/v2\/comments?post=796"}],"version-history":[{"count":13,"href":"https:\/\/upla.cl\/egresados\/wp-json\/wp\/v2\/posts\/796\/revisions"}],"predecessor-version":[{"id":837,"href":"https:\/\/upla.cl\/egresados\/wp-json\/wp\/v2\/posts\/796\/revisions\/837"}],"wp:featuredmedia":[{"embeddable":true,"href":"https:\/\/upla.cl\/egresados\/wp-json\/wp\/v2\/media\/807"}],"wp:attachment":[{"href":"https:\/\/upla.cl\/egresados\/wp-json\/wp\/v2\/media?parent=796"}],"wp:term":[{"taxonomy":"category","embeddable":true,"href":"https:\/\/upla.cl\/egresados\/wp-json\/wp\/v2\/categories?post=796"},{"taxonomy":"post_tag","embeddable":true,"href":"https:\/\/upla.cl\/egresados\/wp-json\/wp\/v2\/tags?post=796"}],"curies":[{"name":"wp","href":"https:\/\/api.w.org\/{rel}","templated":true}]}}