{"id":106423,"date":"2024-04-22T16:23:41","date_gmt":"2024-04-22T14:23:41","guid":{"rendered":"https:\/\/upla.cl\/facultad\/arte\/?p=106423"},"modified":"2024-06-10T22:26:38","modified_gmt":"2024-06-10T20:26:38","slug":"ensamble-latinoamericano-abya-yala","status":"publish","type":"post","link":"https:\/\/upla.cl\/facultad\/arte\/ensamble-latinoamericano-abya-yala\/","title":{"rendered":"Ensamble Latinoamericano  Abya Yala"},"content":{"rendered":"<p>[et_pb_section fb_built=\u00bb1&#8243; fullwidth=\u00bbon\u00bb _builder_version=\u00bb4.16&#8243; _module_preset=\u00bbdefault\u00bb global_colors_info=\u00bb{}\u00bb][et_pb_fullwidth_post_title meta=\u00bboff\u00bb featured_placement=\u00bbbackground\u00bb _builder_version=\u00bb4.25.1&#8243; _module_preset=\u00bbdefault\u00bb title_text_color=\u00bb#FFFFFF\u00bb background_color=\u00bb#565656&#8243; background_image=\u00bbhttps:\/\/upla.cl\/facultad\/arte\/wp-content\/uploads\/2023\/12\/20231206_saladearteescenico.jpg\u00bb background_blend=\u00bbmultiply\u00bb max_height=\u00bb15%\u00bb custom_padding=\u00bb13%||13%||true|false\u00bb title_text_shadow_style=\u00bbpreset2&#8243; global_colors_info=\u00bb{}\u00bb][\/et_pb_fullwidth_post_title][\/et_pb_section][et_pb_section fb_built=\u00bb1&#8243; _builder_version=\u00bb4.16&#8243; _module_preset=\u00bbdefault\u00bb global_colors_info=\u00bb{}\u00bb][et_pb_row column_structure=\u00bb2_5,3_5&#8243; _builder_version=\u00bb4.23.1&#8243; _module_preset=\u00bbdefault\u00bb border_color_bottom=\u00bb#f29fc5&#8243; global_colors_info=\u00bb{}\u00bb][et_pb_column type=\u00bb2_5&#8243; _builder_version=\u00bb4.16&#8243; _module_preset=\u00bbdefault\u00bb global_colors_info=\u00bb{}\u00bb][et_pb_image src=\u00bbhttps:\/\/upla.cl\/facultad\/arte\/wp-content\/uploads\/2024\/04\/Abya-Yala2.jpg\u00bb title_text=\u00bbAbya Yala2&#8243; _builder_version=\u00bb4.25.1&#8243; _module_preset=\u00bbdefault\u00bb border_radii=\u00bboff||30px||30px\u00bb global_colors_info=\u00bb{}\u00bb][\/et_pb_image][et_pb_text _builder_version=\u00bb4.25.0&#8243; _module_preset=\u00bbdefault\u00bb global_colors_info=\u00bb{}\u00bb]<\/p>\n<p>La <strong>Direcci\u00f3n General de Vinculaci\u00f3n con el Medio (DGVM)<\/strong> de la Universidad, vela por el funcionamiento y la promoci\u00f3n de las actividades y eventos realizados por el <strong>Ensamble Latinoamericano Abya Yala<\/strong>, seg\u00fan lo mandatado por el <a href=\"https:\/\/upla.cl\/vinculacion\/wp-content\/uploads\/2023\/04\/Decreto-Exento-1486-2022-REGLAMENTO-REGULA-ELENCOS-ARTISTICO-CULTURALES.pdf\" target=\"_blank\" rel=\"noopener\" title=\"Decreto Exento 1486\/2022\">Decreto Exento 1486\/2022, sobre el Reglamento que regula el funcionamiento de los mismos<\/a>.<\/p>\n<p>[\/et_pb_text][et_pb_button button_url=\u00bbhttps:\/\/upla.cl\/vinculacion\/unidad-de-innovacion-social\/elencos-artisticos-upla\/\u00bb url_new_window=\u00bbon\u00bb button_text=\u00bbPara mayor informaci\u00f3n, ingresar aqu\u00ed\u00bb button_alignment=\u00bbleft\u00bb admin_label=\u00bbbot\u00f3n M\u00e1s informaci\u00f3n\u00bb _builder_version=\u00bb4.25.0&#8243; _module_preset=\u00bbdefault\u00bb custom_button=\u00bbon\u00bb button_text_size=\u00bb16px\u00bb button_text_color=\u00bb#b10061&#8243; button_bg_color=\u00bb#FFFFFF\u00bb button_border_width=\u00bb2px\u00bb button_border_color=\u00bb#b10061&#8243; button_border_radius=\u00bb6px\u00bb button_letter_spacing=\u00bb0px\u00bb button_font=\u00bbLato|700|||||||\u00bb button_icon=\u00bb&#x35;||divi||400&#8243; custom_margin=\u00bb||||false|false\u00bb animation_style=\u00bbzoom\u00bb button_bg_color_last_edited=\u00bboff|tablet\u00bb box_shadow_style=\u00bbpreset3&#8243; box_shadow_color=\u00bbrgba(250,127,40,0.4)\u00bb global_colors_info=\u00bb{}\u00bb button_bg_color__hover_enabled=\u00bbon|desktop\u00bb button_bg_color__hover=\u00bb#b10061&#8243; button_bg_enable_color__hover=\u00bbon\u00bb button_border_color__hover_enabled=\u00bbon|hover\u00bb button_border_color__hover=\u00bbRGBA(255,255,255,0)\u00bb button_text_color__hover_enabled=\u00bbon|hover\u00bb button_text_color__hover=\u00bb#FFFFFF\u00bb][\/et_pb_button][\/et_pb_column][et_pb_column type=\u00bb3_5&#8243; _builder_version=\u00bb4.16&#8243; _module_preset=\u00bbdefault\u00bb global_colors_info=\u00bb{}\u00bb][et_pb_text _builder_version=\u00bb4.25.0&#8243; _module_preset=\u00bbdefault\u00bb global_colors_info=\u00bb{}\u00bb]<\/p>\n<p>El <strong>Ensamble Latinoamericano Abya Yala<\/strong> fue fundado el 2012 por el acad\u00e9mico de la carrera de Pedagog\u00eda en Educaci\u00f3n Musical, m\u00fasico y director, <strong>Fabi\u00e1n Dur\u00e1n Bustamante<\/strong>, en la Facultad de Arte de la Universidad de Playa Ancha.<\/p>\n<p>Esta agrupaci\u00f3n re\u00fane una amplia gama de instrumentos musicales, principalmente, de origen \u00e9tnicos y mestizos latinoamericanos, tales como: <strong>charango, tiple colombiano, cuatro venezolano, quena, sikus, arpa, bombo leg\u00fcero, bong\u00f3, entre otros.<\/strong><\/p>\n<p>Su repertorio est\u00e1 influenciado por la m\u00fasica tradicional chilena y latinoamericana, como tambi\u00e9n por los creadores de la nueva canci\u00f3n chilena. En este \u00faltimo tiempo, el ensamble ha estrenado e interpretado m\u00fasica principalmente de compositores chilenos como <strong>Daniel Delgado, Pedro Villagra, Quique Cruz, Jonathan B\u00e1ez, Romina Urra, y Luis Jim\u00e9nez, entre otros.<\/strong><\/p>\n<p>Desde el 2013 a la fecha, la agrupaci\u00f3n UPLA es parte de la <strong>Corporaci\u00f3n de Orquestas Latinoamericanas de Chile<\/strong> (COLCHI), hecho que le ha permitido participar de encuentros nacionales siendo un aporte en la realizaci\u00f3n de talleres instrumentales para ni\u00f1os y j\u00f3venes de Chile y Argentina.<\/p>\n<p>En su trayectoria destacan presentaciones realizadas en diferentes instancias y ciudades de Chile como el Encuentro Nacional de Orquestas Latinoamericanas COLCHI (Putaendo, Santiago, Lanco, La Uni\u00f3n, Osorno, Valpara\u00edso), Encuentro de Ensambles y Big Band (Santiago), Encuentro de Orquestas Chilenas (Santiago), Encuentro de Orquestas Palmilla (VI Regi\u00f3n), y Encuentro de las Artes (Osorno).<\/p>\n<p>Destaca, en su periplo musical, la primera gira binacional (2018) que los llev\u00f3 a realizar conciertos en Osorno, San Mart\u00edn de los Andes, Cipolleti y Viedma en Argentina, donde participaron del VI Encuentro de Orquestas del Movimiento de Orquestas Latinoamericanas de la Patagonia Argentina (MOLPA).<\/p>\n<p>En 2014 particip\u00f3 del Proyecto FAE \u201cGrabando la M\u00fasica\u201d, present\u00e1ndose en diez colegios de la Regi\u00f3n de Valpara\u00edso, adem\u00e1s de generar material did\u00e1ctico escrito y audiovisual en torno a la m\u00fasica latinoamericana. El mismo a\u00f1o, grab\u00f3 su primer disco hom\u00f3nimo con m\u00fasicas originales principalmente.<\/p>\n<p>En la actualidad, el ensamble est\u00e1 siendo dirigido por el docente de Pedagog\u00eda en Educaci\u00f3n Musical, Rodrigo Montes Anguita, quien act\u00faa como reemplazo del director fundador Fabi\u00e1n Dur\u00e1n Bustamante, dado que se encuentra en Barcelona, Espa\u00f1a, realizando un per\u00edodo de perfeccionamiento acad\u00e9mico y musical, desde fines de 2019.<\/p>\n<p>[\/et_pb_text][et_pb_team_member name=\u00bbRodrigo Montes Anguita\u00bb position=\u00bbDirector de Abya Yala \/ Acad\u00e9mico de la Carrera de Pedagog\u00eda en Educaci\u00f3n Musical\u00bb image_url=\u00bbhttps:\/\/upla.cl\/facultad\/arte\/wp-content\/uploads\/2024\/05\/Rodrigo-Montes.png\u00bb admin_label=\u00bbRodrigo Montes Anguita\u00bb _builder_version=\u00bb4.25.1&#8243; _module_preset=\u00bbdefault\u00bb position_font=\u00bb|800|||||||\u00bb position_text_color=\u00bb#b10061&#8243; body_link_font=\u00bb||||on|||#009BDB|\u00bb border_radii_image=\u00bbon|180px|180px|180px|180px\u00bb border_width_all_image=\u00bb2px\u00bb border_color_all_image=\u00bb#b10061&#8243; global_colors_info=\u00bb{}\u00bb theme_builder_area=\u00bbpost_content\u00bb]<\/p>\n<p><strong>Correo electr\u00f3nico:<\/strong> <a href=\"mailto:rodrigo.montes@upla.cl target=\" rel=\"noopener\">rodrigo.montes@upla.cl<\/a><br \/>M\u00e1ster en M\u00fasica como Arte Interdisciplinar, Universidad de Barcelona, Espa\u00f1a.<br \/>Profesor de M\u00fasica y Licenciado en Educaci\u00f3n, Universidad de Playa Ancha, Chile.<\/p>\n<p>[\/et_pb_team_member][\/et_pb_column][\/et_pb_row][\/et_pb_section][et_pb_section fb_built=\u00bb1&#8243; admin_label=\u00bbFooter\u00bb _builder_version=\u00bb4.23.1&#8243; _module_preset=\u00bbdefault\u00bb background_color=\u00bb#BCE3FA\u00bb custom_margin=\u00bb||-58px|||\u00bb custom_padding=\u00bb||7px|||\u00bb global_module=\u00bb105846&#8243; saved_tabs=\u00bball\u00bb global_colors_info=\u00bb{}\u00bb][et_pb_row column_structure=\u00bb3_5,2_5&#8243; use_custom_gutter=\u00bbon\u00bb _builder_version=\u00bb4.16&#8243; _module_preset=\u00bbdefault\u00bb width=\u00bb90%\u00bb max_width=\u00bb2560px\u00bb global_colors_info=\u00bb{}\u00bb][et_pb_column type=\u00bb3_5&#8243; _builder_version=\u00bb4.16&#8243; _module_preset=\u00bbdefault\u00bb global_colors_info=\u00bb{}\u00bb][et_pb_blurb title=\u00bbCont\u00e1ctanos\u00bb use_icon=\u00bbon\u00bb font_icon=\u00bb&#xe00b;||divi||400&#8243; icon_color=\u00bb#000000&#8243; icon_placement=\u00bbleft\u00bb _builder_version=\u00bb4.16&#8243; _module_preset=\u00bbdefault\u00bb header_font=\u00bb|700|||||||\u00bb header_font_size=\u00bb30px\u00bb custom_margin=\u00bb||0px|||\u00bb global_colors_info=\u00bb{}\u00bb][\/et_pb_blurb][et_pb_text _builder_version=\u00bb4.23.1&#8243; _module_preset=\u00bbdefault\u00bb global_colors_info=\u00bb{}\u00bb]<\/p>\n<p><span><style id=\"wpforms-css-vars-105714\">\n\t\t\t\t#wpforms-105714 {\n\t\t\t\t\n\t\t\t}\n\t\t\t<\/style><div class=\"wpforms-container wpforms-container-full wpforms-render-modern\" id=\"wpforms-105714\"><form id=\"wpforms-form-105714\" class=\"wpforms-validate wpforms-form wpforms-ajax-form\" data-formid=\"105714\" method=\"post\" enctype=\"multipart\/form-data\" action=\"\/facultad\/arte\/wp-json\/wp\/v2\/posts\/106423\" data-token=\"67c367ed6924e2d2e31caec9a11864bb\" data-token-time=\"1777559163\"><noscript class=\"wpforms-error-noscript\">Por favor, activa JavaScript en tu navegador para completar este formulario.<\/noscript><div id=\"wpforms-error-noscript\" style=\"display: none;\">Por favor, activa JavaScript en tu navegador para completar este formulario.<\/div><div class=\"wpforms-field-container\"><div id=\"wpforms-105714-field_0-container\" class=\"wpforms-field wpforms-field-name\" data-field-id=\"0\"><fieldset><legend class=\"wpforms-field-label\">Nombre <span class=\"wpforms-required-label\" aria-hidden=\"true\">*<\/span><\/legend><div class=\"wpforms-field-row wpforms-field-medium\"><div class=\"wpforms-field-row-block wpforms-first wpforms-one-half\"><input type=\"text\" id=\"wpforms-105714-field_0\" class=\"wpforms-field-name-first wpforms-field-required\" name=\"wpforms[fields][0][first]\" aria-errormessage=\"wpforms-105714-field_0-error\" required><label for=\"wpforms-105714-field_0\" class=\"wpforms-field-sublabel after\">Nombre<\/label><\/div><div class=\"wpforms-field-row-block wpforms-one-half\"><input type=\"text\" id=\"wpforms-105714-field_0-last\" class=\"wpforms-field-name-last wpforms-field-required\" name=\"wpforms[fields][0][last]\" aria-errormessage=\"wpforms-105714-field_0-last-error\" required><label for=\"wpforms-105714-field_0-last\" class=\"wpforms-field-sublabel after\">Apellidos<\/label><\/div><\/div><\/fieldset><\/div><div id=\"wpforms-105714-field_1-container\" class=\"wpforms-field wpforms-field-email\" data-field-id=\"1\"><fieldset><legend class=\"wpforms-field-label\">Correo electr\u00f3nico <span class=\"wpforms-required-label\" aria-hidden=\"true\">*<\/span><\/legend><div class=\"wpforms-field-row wpforms-field-medium\"><div class=\"wpforms-field-row-block wpforms-one-half wpforms-first\"><input type=\"email\" id=\"wpforms-105714-field_1\" class=\"wpforms-field-required wpforms-field-email-primary\" name=\"wpforms[fields][1][primary]\" spellcheck=\"false\" aria-errormessage=\"wpforms-105714-field_1-error\" required><label for=\"wpforms-105714-field_1\" class=\"wpforms-field-sublabel after\">Correo electr\u00f3nico<\/label><\/div><div class=\"wpforms-field-row-block wpforms-one-half\"><input type=\"email\" id=\"wpforms-105714-field_1-secondary\" class=\"wpforms-field-email-secondary wpforms-field-required\" data-rule-confirm=\"#wpforms-105714-field_1\" name=\"wpforms[fields][1][secondary]\" spellcheck=\"false\" aria-errormessage=\"wpforms-105714-field_1-secondary-error\" required><label for=\"wpforms-105714-field_1-secondary\" class=\"wpforms-field-sublabel after\">Confirmar el correo electr\u00f3nico<\/label><\/div><\/div><\/fieldset><\/div><div id=\"wpforms-105714-field_4-container\" class=\"wpforms-field wpforms-field-number\" data-field-id=\"4\"><label class=\"wpforms-field-label\" for=\"wpforms-105714-field_4\">Tel\u00e9fono de contacto<\/label><input type=\"number\" id=\"wpforms-105714-field_4\" class=\"wpforms-field-small\" name=\"wpforms[fields][4]\" step=\"any\" aria-errormessage=\"wpforms-105714-field_4-error\" aria-describedby=\"wpforms-105714-field_4-description\" ><div id=\"wpforms-105714-field_4-description\" class=\"wpforms-field-description\">Registre aqu\u00ed su n\u00famero de tel\u00e9fono si desea que le contactemos telef\u00f3nicamente (Opcional)<\/div><\/div><div id=\"wpforms-105714-field_2-container\" class=\"wpforms-field wpforms-field-textarea\" data-field-id=\"2\"><label class=\"wpforms-field-label\" for=\"wpforms-105714-field_2\">Mensaje <span class=\"wpforms-required-label\" aria-hidden=\"true\">*<\/span><\/label><textarea id=\"wpforms-105714-field_2\" class=\"wpforms-field-medium wpforms-field-required\" name=\"wpforms[fields][2]\" aria-errormessage=\"wpforms-105714-field_2-error\" required><\/textarea><\/div><\/div><!-- .wpforms-field-container --><div class=\"wpforms-submit-container\" ><input type=\"hidden\" name=\"wpforms[id]\" value=\"105714\"><input type=\"hidden\" name=\"page_title\" value=\"\"><input type=\"hidden\" name=\"page_url\" value=\"https:\/\/upla.cl\/facultad\/arte\/wp-json\/wp\/v2\/posts\/106423\"><input type=\"hidden\" name=\"url_referer\" value=\"\"><button type=\"submit\" name=\"wpforms[submit]\" id=\"wpforms-submit-105714\" class=\"wpforms-submit\" data-alt-text=\"Enviando...\" data-submit-text=\"Enviar\" aria-live=\"assertive\" value=\"wpforms-submit\">Enviar<\/button><img loading=\"lazy\" decoding=\"async\" src=\"https:\/\/upla.cl\/facultad\/arte\/wp-content\/plugins\/wpforms-lite\/assets\/images\/submit-spin.svg\" class=\"wpforms-submit-spinner\" style=\"display: none;\" width=\"26\" height=\"26\" alt=\"Cargando\"><\/div><\/form><\/div>  <!-- .wpforms-container --><\/span><\/p>\n<p>[\/et_pb_text][\/et_pb_column][et_pb_column type=\u00bb2_5&#8243; _builder_version=\u00bb4.16&#8243; _module_preset=\u00bbdefault\u00bb global_colors_info=\u00bb{}\u00bb][et_pb_blurb title=\u00bbEncu\u00e9ntranos\u00bb use_icon=\u00bbon\u00bb font_icon=\u00bb&#xe01d;||divi||400&#8243; icon_color=\u00bb#000000&#8243; icon_placement=\u00bbleft\u00bb _builder_version=\u00bb4.25.0&#8243; _module_preset=\u00bbdefault\u00bb header_font=\u00bb|700|||||||\u00bb header_font_size=\u00bb30px\u00bb global_colors_info=\u00bb{}\u00bb]<\/p>\n<p>Av. Guillermo Gonz\u00e1lez De Hontaneda 855, Playa Ancha, Valpara\u00edso.<\/p>\n<p>[\/et_pb_blurb][et_pb_code _builder_version=\u00bb4.23.1&#8243; _module_preset=\u00bbdefault\u00bb global_colors_info=\u00bb{}\u00bb]<iframe src=\"https:\/\/www.google.com\/maps\/embed?pb=!1m18!1m12!1m3!1d542.440888456234!2d-71.64189749127208!3d-33.023349508336885!2m3!1f0!2f0!3f0!3m2!1i1024!2i768!4f13.1!3m3!1m2!1s0x9689e6c64daeace1%3A0xbdadbd524f270fd1!2sUniversidad%20de%20Playa%20Ancha%20-%20Campus%202%20Facultad%20de%20Arte!5e0!3m2!1ses!2scl!4v1700489608180!5m2!1ses!2scl\" width=\"100%\" height=\"450\" style=\"border:0;\" allowfullscreen=\"\" loading=\"lazy\"><\/iframe>[\/et_pb_code][et_pb_blurb title=\u00bbS\u00edguenos\u00bb use_icon=\u00bbon\u00bb font_icon=\u00bb&#xf0da;||fa||900&#8243; icon_color=\u00bb#565656&#8243; icon_placement=\u00bbleft\u00bb icon_color_tablet=\u00bb\u00bb icon_color_phone=\u00bbRGBA(255,255,255,0)\u00bb icon_color_last_edited=\u00bbon|phone\u00bb _builder_version=\u00bb4.25.1&#8243; _module_preset=\u00bbdefault\u00bb header_font=\u00bb|700|||||||\u00bb header_text_align=\u00bbleft\u00bb header_font_size=\u00bb30px\u00bb body_text_align=\u00bbleft\u00bb image_icon_custom_margin_tablet=\u00bb\u00bb image_icon_custom_margin_phone=\u00bb||||false|false\u00bb image_icon_custom_margin_last_edited=\u00bbon|phone\u00bb image_icon_custom_padding=\u00bb||||false|false\u00bb header_text_align_tablet=\u00bb\u00bb header_text_align_phone=\u00bbcenter\u00bb header_text_align_last_edited=\u00bbon|phone\u00bb body_text_align_tablet=\u00bb\u00bb body_text_align_phone=\u00bbcenter\u00bb body_text_align_last_edited=\u00bbon|phone\u00bb global_colors_info=\u00bb{}\u00bb]<\/p>\n<p>en nuestras redes sociales<\/p>\n<p>[\/et_pb_blurb][et_pb_social_media_follow icon_color=\u00bb#FFFFFF\u00bb use_icon_font_size=\u00bbon\u00bb icon_font_size=\u00bb18px\u00bb _builder_version=\u00bb4.25.1&#8243; _module_preset=\u00bbdefault\u00bb background_color=\u00bbRGBA(255,255,255,0)\u00bb text_orientation=\u00bbleft\u00bb custom_margin=\u00bb|||10%|false|false\u00bb custom_margin_tablet=\u00bb\u00bb custom_margin_phone=\u00bb\u00bb custom_margin_last_edited=\u00bbon|phone\u00bb text_orientation_tablet=\u00bb\u00bb text_orientation_phone=\u00bbcenter\u00bb text_orientation_last_edited=\u00bbon|phone\u00bb global_colors_info=\u00bb{}\u00bb][et_pb_social_media_follow_network social_network=\u00bbfacebook\u00bb url=\u00bbhttps:\/\/www.facebook.com\/Facultad-De-Arte-Upla-1474590336176862&#8243; _builder_version=\u00bb4.25.0&#8243; _module_preset=\u00bbdefault\u00bb background_color=\u00bb#3b5998&#8243; global_colors_info=\u00bb{}\u00bb follow_button=\u00bboff\u00bb url_new_window=\u00bbon\u00bb]facebook[\/et_pb_social_media_follow_network][et_pb_social_media_follow_network social_network=\u00bbtwitter\u00bb url=\u00bbhttps:\/\/twitter.com\/Arte_UPLA\u00bb _builder_version=\u00bb4.25.0&#8243; _module_preset=\u00bbdefault\u00bb background_color=\u00bb#000000&#8243; global_colors_info=\u00bb{}\u00bb follow_button=\u00bboff\u00bb url_new_window=\u00bbon\u00bb]X[\/et_pb_social_media_follow_network][et_pb_social_media_follow_network social_network=\u00bbinstagram\u00bb url=\u00bbhttps:\/\/www.instagram.com\/arteupla\/\u00bb _builder_version=\u00bb4.25.0&#8243; _module_preset=\u00bbdefault\u00bb background_color=\u00bb#ea2c59&#8243; global_colors_info=\u00bb{}\u00bb follow_button=\u00bboff\u00bb url_new_window=\u00bbon\u00bb]instagram[\/et_pb_social_media_follow_network][et_pb_social_media_follow_network social_network=\u00bbyoutube\u00bb url=\u00bbhttps:\/\/www.youtube.com\/channel\/UCYHF2tM5px6NA-yYpfBTJDg\u00bb _builder_version=\u00bb4.25.0&#8243; _module_preset=\u00bbdefault\u00bb background_color=\u00bb#a82400&#8243; global_colors_info=\u00bb{}\u00bb follow_button=\u00bboff\u00bb url_new_window=\u00bbon\u00bb]youtube[\/et_pb_social_media_follow_network][\/et_pb_social_media_follow][\/et_pb_column][\/et_pb_row][\/et_pb_section]<\/p>\n","protected":false},"excerpt":{"rendered":"<p>Esta agrupaci\u00f3n re\u00fane una amplia gama de instrumentos musicales, principalmente de origen \u00e9tnicos y mestizos latinoamericanos tales como charango, tiple colombiano, cuatro venezolano, quena, sikus, arpa, bombo leg\u00fcero, bong\u00f3, entre otros.<\/p>\n","protected":false},"author":2,"featured_media":106830,"comment_status":"open","ping_status":"open","sticky":false,"template":"","format":"standard","meta":{"_et_pb_use_builder":"on","_et_pb_old_content":"","_et_gb_content_width":"","footnotes":""},"categories":[12,10],"tags":[],"class_list":["post-106423","post","type-post","status-publish","format-standard","has-post-thumbnail","hentry","category-elencos-artisticos","category-vinculacion-con-el-medio"],"_links":{"self":[{"href":"https:\/\/upla.cl\/facultad\/arte\/wp-json\/wp\/v2\/posts\/106423","targetHints":{"allow":["GET"]}}],"collection":[{"href":"https:\/\/upla.cl\/facultad\/arte\/wp-json\/wp\/v2\/posts"}],"about":[{"href":"https:\/\/upla.cl\/facultad\/arte\/wp-json\/wp\/v2\/types\/post"}],"author":[{"embeddable":true,"href":"https:\/\/upla.cl\/facultad\/arte\/wp-json\/wp\/v2\/users\/2"}],"replies":[{"embeddable":true,"href":"https:\/\/upla.cl\/facultad\/arte\/wp-json\/wp\/v2\/comments?post=106423"}],"version-history":[{"count":0,"href":"https:\/\/upla.cl\/facultad\/arte\/wp-json\/wp\/v2\/posts\/106423\/revisions"}],"wp:featuredmedia":[{"embeddable":true,"href":"https:\/\/upla.cl\/facultad\/arte\/wp-json\/wp\/v2\/media\/106830"}],"wp:attachment":[{"href":"https:\/\/upla.cl\/facultad\/arte\/wp-json\/wp\/v2\/media?parent=106423"}],"wp:term":[{"taxonomy":"category","embeddable":true,"href":"https:\/\/upla.cl\/facultad\/arte\/wp-json\/wp\/v2\/categories?post=106423"},{"taxonomy":"post_tag","embeddable":true,"href":"https:\/\/upla.cl\/facultad\/arte\/wp-json\/wp\/v2\/tags?post=106423"}],"curies":[{"name":"wp","href":"https:\/\/api.w.org\/{rel}","templated":true}]}}