{"id":107288,"date":"2024-08-08T11:45:21","date_gmt":"2024-08-08T15:45:21","guid":{"rendered":"https:\/\/upla.cl\/facultad\/arte\/?p=107288"},"modified":"2024-08-27T11:36:00","modified_gmt":"2024-08-27T15:36:00","slug":"artes-visuales","status":"publish","type":"post","link":"https:\/\/upla.cl\/facultad\/arte\/artes-visuales\/","title":{"rendered":"Artes Visuales"},"content":{"rendered":"<p>[et_pb_section fb_built=\u00bb1&#8243; fullwidth=\u00bbon\u00bb _builder_version=\u00bb4.16&#8243; _module_preset=\u00bbdefault\u00bb global_colors_info=\u00bb{}\u00bb][et_pb_fullwidth_post_title meta=\u00bboff\u00bb featured_placement=\u00bbbackground\u00bb _builder_version=\u00bb4.27.0&#8243; _module_preset=\u00bbdefault\u00bb title_text_color=\u00bb#FFFFFF\u00bb background_color=\u00bb#f29fc5&#8243; background_image=\u00bbhttps:\/\/upla.cl\/facultad\/arte\/wp-content\/uploads\/2024\/08\/20240808_artes-visuales_elencos.jpg\u00bb background_blend=\u00bbmultiply\u00bb max_height=\u00bb15%\u00bb custom_padding=\u00bb13%||13%||true|false\u00bb title_text_shadow_style=\u00bbpreset2&#8243; global_colors_info=\u00bb{}\u00bb][\/et_pb_fullwidth_post_title][\/et_pb_section][et_pb_section fb_built=\u00bb1&#8243; _builder_version=\u00bb4.16&#8243; _module_preset=\u00bbdefault\u00bb global_colors_info=\u00bb{}\u00bb][et_pb_row column_structure=\u00bb2_5,3_5&#8243; _builder_version=\u00bb4.23.1&#8243; _module_preset=\u00bbdefault\u00bb border_color_bottom=\u00bb#f29fc5&#8243; global_colors_info=\u00bb{}\u00bb][et_pb_column type=\u00bb2_5&#8243; _builder_version=\u00bb4.16&#8243; _module_preset=\u00bbdefault\u00bb global_colors_info=\u00bb{}\u00bb][et_pb_image src=\u00bbhttps:\/\/upla.cl\/facultad\/arte\/wp-content\/uploads\/2024\/08\/20240808_artes-visuales_elencos_2.jpg\u00bb alt=\u00bbArtes Visuales\u00bb title_text=\u00bb20240808_artes-visuales_elencos_2&#8243; _builder_version=\u00bb4.27.0&#8243; _module_preset=\u00bbdefault\u00bb border_radii=\u00bboff||30px||30px\u00bb global_colors_info=\u00bb{}\u00bb][\/et_pb_image][et_pb_text _builder_version=\u00bb4.27.0&#8243; _module_preset=\u00bbdefault\u00bb global_colors_info=\u00bb{}\u00bb]<\/p>\n<p>La <strong>Direcci\u00f3n General de Vinculaci\u00f3n con el Medio (DGVM)<\/strong> de la Universidad de Playa Ancha, vela por el funcionamiento y la promoci\u00f3n de las actividades y eventos realizados por <strong>Artes Visuales<\/strong>, seg\u00fan lo mandatado por el <a href=\"https:\/\/upla.cl\/vinculacion\/wp-content\/uploads\/2023\/04\/Decreto-Exento-1486-2022-REGLAMENTO-REGULA-ELENCOS-ARTISTICO-CULTURALES.pdf\" target=\"_blank\" rel=\"noopener\" title=\"Decreto Exento 1486\/2022\">Decreto Exento 1486\/2022, sobre el Reglamento que regula el funcionamiento de los mismos<\/a>.<\/p>\n<p>[\/et_pb_text][et_pb_button button_url=\u00bbhttps:\/\/upla.cl\/vinculacion\/unidad-de-innovacion-social\/elencos-artisticos-upla\/\u00bb url_new_window=\u00bbon\u00bb button_text=\u00bbPara mayor informaci\u00f3n, ingresar aqu\u00ed\u00bb button_alignment=\u00bbleft\u00bb admin_label=\u00bbbot\u00f3n M\u00e1s informaci\u00f3n\u00bb _builder_version=\u00bb4.27.0&#8243; _module_preset=\u00bbdefault\u00bb custom_button=\u00bbon\u00bb button_text_size=\u00bb16px\u00bb button_text_color=\u00bb#b10061&#8243; button_bg_color=\u00bb#FFFFFF\u00bb button_border_width=\u00bb2px\u00bb button_border_color=\u00bb#b10061&#8243; button_border_radius=\u00bb6px\u00bb button_letter_spacing=\u00bb0px\u00bb button_font=\u00bbLato|700|||||||\u00bb button_icon=\u00bb&#x35;||divi||400&#8243; custom_margin=\u00bb||||false|false\u00bb animation_style=\u00bbzoom\u00bb button_bg_color_last_edited=\u00bboff|tablet\u00bb box_shadow_style=\u00bbpreset3&#8243; box_shadow_color=\u00bbrgba(250,127,40,0.4)\u00bb global_colors_info=\u00bb{}\u00bb button_bg_color__hover_enabled=\u00bbon|desktop\u00bb button_bg_color__hover=\u00bb#b10061&#8243; button_bg_enable_color__hover=\u00bbon\u00bb button_border_color__hover_enabled=\u00bbon|hover\u00bb button_border_color__hover=\u00bbRGBA(255,255,255,0)\u00bb button_text_color__hover_enabled=\u00bbon|hover\u00bb button_text_color__hover=\u00bb#FFFFFF\u00bb][\/et_pb_button][\/et_pb_column][et_pb_column type=\u00bb3_5&#8243; _builder_version=\u00bb4.16&#8243; _module_preset=\u00bbdefault\u00bb global_colors_info=\u00bb{}\u00bb][et_pb_text _builder_version=\u00bb4.27.0&#8243; _module_preset=\u00bbdefault\u00bb hover_enabled=\u00bb0&#8243; global_colors_info=\u00bb{}\u00bb sticky_enabled=\u00bb0&#8243;]<\/p>\n<p>\u201cArtes visuales\u201d es un elenco art\u00edstico cultural de la Universidad de Playa Ancha, creado a trav\u00e9s del decreto 1438\/2023 en 2023, con el prop\u00f3sito de integrar las artes al repertorio cultural de la Universidad y en su representaci\u00f3n presentarlas en los diversos espacios art\u00edsticos-culturales y establecimientos educacionales de la regi\u00f3n de Valpara\u00edso y el pa\u00eds.<\/p>\n<p>Este elenco, a cargo del artista visual y acad\u00e9mico de la Facultad de Arte, V\u00edctor Maturana Leighton, propone la promoci\u00f3n y desarrollo del talento en el campo de las artes visuales entre los estudiantes, docentes y la comunidad en general, mediante exposiciones perform\u00e1ticas y talleres, con el prop\u00f3sito de fomentar la creatividad y el desarrollo personal desde la apreciaci\u00f3n y exploraci\u00f3n sensorial.<\/p>\n<p>La descripci\u00f3n de la ejecuci\u00f3n del proyecto consiste en que un grupo de estudiantes -que son parte del elenco- dise\u00f1an y confeccionan un traje para las presentaciones como una marca personal, estos deben contener los siete colores del arco iris que tambi\u00e9n corresponde a los siete centros energ\u00e9ticos de nuestro cuerpo, en las proporciones que a ellos le hagan sentido, y con esp\u00edritu en la diagramaci\u00f3n de la armon\u00eda de la geometr\u00eda sustentable.<\/p>\n<p>Estos son llamados los caminantes, que aportan con el movimiento en esta trilog\u00eda de las expresiones. En el escenario de cada presentaci\u00f3n habr\u00e1 muchos materiales, especialmente tuber\u00edas de PVC, con las cuales deber\u00e1n hacer germinar, desde el plano, la dimensi\u00f3n espacial, con la armon\u00eda de la escultura y la estructura de la arquitectura. Estas formas son especies de mecanos que se arman y se desarman, volvi\u00e9ndose a armar de diferentes maneras, haciendo alusi\u00f3n al rompecabezas oriental Tangram.<\/p>\n<p>Los fundamentos que mueven este proyecto (elenco Artes visuales) surgen de las necesidades que el ser humano requiere para mejorar su desarrollo personal y, as\u00ed, ser un mejor aporte a la sociedad, esto en el contexto que todos y todas necesitamos conocer y aplicar los sentidos internos (que permiten conocerse hacia adentro) y que utilizan como un todo a los sentidos externos, que nos permite conocer el exterior.<\/p>\n<p>De esta manera, se potencia el sentir, el hacer y el pensar como un todo. Para lograrlo, se necesita que el cuerpo se exprese; en un primer momento, sin herramientas externas. Que adem\u00e1s encuentre su propio pulso en su caminar; que produzca sonido en diferentes tiempos con su cuerpo y que, con sus extremidades, logre construir con diferentes materiales (como lo iniciaron los pueblos \u00e9tnicos).<\/p>\n<p>Cuando el ser humano se enfoque en que es parte de la naturaleza y que no est\u00e1 sobre ella -y menos la domina-, podr\u00e1 sumar a su experiencia las diferentes herramientas que ha ido facilitando a la vida, pero ahora con el respeto en que todos somos un todo en esta armon\u00eda universal.<\/p>\n<p><strong>Primera exposici\u00f3n<\/strong><\/p>\n<p>La primera exposici\u00f3n del elenco \u201cArtes visuales\u201d fue \u201cLa transversalidad de las expresiones, Sonido \/ Movimiento \/ Forma\u201d, donde se montaron peque\u00f1os cuadros art\u00edsticos para llevar figuras geom\u00e9tricas del origami a dimensiones esculturales, a trav\u00e9s de distintas materialidades, como tubos de PVC, telas, hilos, entre otras.<\/p>\n<p>Esta exposici\u00f3n se fundament\u00f3 en los conceptos de plano, dimensiones, vol\u00famenes, formas geom\u00e9tricas y sus significados, para profundizar en el desarrollo de habilidades socioemocionales y espirituales. Esta presentaci\u00f3n se realiz\u00f3 en los jardines del Palacio Presidencial de Cerro Castillo, por invitaci\u00f3n del colegio Jos\u00e9 Cort\u00e9s Brown de Vi\u00f1a del Mar.\u00a0<\/p>\n<p>&nbsp;<\/p>\n<h4>Director: <strong>V\u00edctor Maturana Leighton<\/strong><\/h4>\n<p>[\/et_pb_text][et_pb_button button_url=\u00bbmailto:vmaturana@upla.cl\u00bb url_new_window=\u00bbon\u00bb button_text=\u00bbEnviar correo electr\u00f3nico\u00bb button_alignment=\u00bbleft\u00bb disabled_on=\u00bboff|off|off\u00bb admin_label=\u00bbbot\u00f3n M\u00e1s informaci\u00f3n\u00bb _builder_version=\u00bb4.27.0&#8243; _module_preset=\u00bbdefault\u00bb custom_button=\u00bbon\u00bb button_text_size=\u00bb16px\u00bb button_text_color=\u00bb#b10061&#8243; button_bg_color=\u00bb#FFFFFF\u00bb button_border_width=\u00bb2px\u00bb button_border_color=\u00bb#b10061&#8243; button_border_radius=\u00bb6px\u00bb button_letter_spacing=\u00bb0px\u00bb button_font=\u00bbLato|700|||||||\u00bb button_icon=\u00bb&#xf1d8;||fa||900&#8243; custom_margin=\u00bb||||false|false\u00bb animation_style=\u00bbzoom\u00bb hover_enabled=\u00bb0&#8243; button_bg_color_last_edited=\u00bboff|tablet\u00bb box_shadow_style=\u00bbpreset3&#8243; box_shadow_color=\u00bbrgba(250,127,40,0.4)\u00bb global_colors_info=\u00bb{}\u00bb button_bg_color__hover_enabled=\u00bbon|desktop\u00bb button_bg_color__hover=\u00bb#b10061&#8243; button_bg_enable_color__hover=\u00bbon\u00bb button_border_color__hover_enabled=\u00bbon|hover\u00bb button_border_color__hover=\u00bbRGBA(255,255,255,0)\u00bb button_text_color__hover_enabled=\u00bbon|hover\u00bb button_text_color__hover=\u00bb#FFFFFF\u00bb sticky_enabled=\u00bb0&#8243;][\/et_pb_button][\/et_pb_column][\/et_pb_row][\/et_pb_section][et_pb_section fb_built=\u00bb1&#8243; admin_label=\u00bbFooter\u00bb _builder_version=\u00bb4.23.1&#8243; _module_preset=\u00bbdefault\u00bb background_color=\u00bb#BCE3FA\u00bb custom_margin=\u00bb||-58px|||\u00bb custom_padding=\u00bb||7px|||\u00bb global_module=\u00bb105846&#8243; saved_tabs=\u00bball\u00bb global_colors_info=\u00bb{}\u00bb][et_pb_row column_structure=\u00bb3_5,2_5&#8243; use_custom_gutter=\u00bbon\u00bb _builder_version=\u00bb4.16&#8243; _module_preset=\u00bbdefault\u00bb width=\u00bb90%\u00bb max_width=\u00bb2560px\u00bb global_colors_info=\u00bb{}\u00bb][et_pb_column type=\u00bb3_5&#8243; _builder_version=\u00bb4.16&#8243; _module_preset=\u00bbdefault\u00bb global_colors_info=\u00bb{}\u00bb][et_pb_blurb title=\u00bbCont\u00e1ctanos\u00bb use_icon=\u00bbon\u00bb font_icon=\u00bb&#xe00b;||divi||400&#8243; icon_color=\u00bb#000000&#8243; icon_placement=\u00bbleft\u00bb content_max_width=\u00bb1100px\u00bb _builder_version=\u00bb4.25.2&#8243; _module_preset=\u00bbdefault\u00bb header_font=\u00bb|700|||||||\u00bb header_font_size=\u00bb30px\u00bb custom_margin=\u00bb||0px|||\u00bb global_colors_info=\u00bb{}\u00bb][\/et_pb_blurb][et_pb_text _builder_version=\u00bb4.23.1&#8243; _module_preset=\u00bbdefault\u00bb global_colors_info=\u00bb{}\u00bb]<\/p>\n<p><span><style id=\"wpforms-css-vars-105714\">\n\t\t\t\t#wpforms-105714 {\n\t\t\t\t\n\t\t\t}\n\t\t\t<\/style><div class=\"wpforms-container wpforms-container-full wpforms-render-modern\" id=\"wpforms-105714\"><form id=\"wpforms-form-105714\" class=\"wpforms-validate wpforms-form wpforms-ajax-form\" data-formid=\"105714\" method=\"post\" enctype=\"multipart\/form-data\" action=\"\/facultad\/arte\/wp-json\/wp\/v2\/posts\/107288\" data-token=\"67c367ed6924e2d2e31caec9a11864bb\" data-token-time=\"1777559163\"><noscript class=\"wpforms-error-noscript\">Por favor, activa JavaScript en tu navegador para completar este formulario.<\/noscript><div id=\"wpforms-error-noscript\" style=\"display: none;\">Por favor, activa JavaScript en tu navegador para completar este formulario.<\/div><div class=\"wpforms-field-container\"><div id=\"wpforms-105714-field_0-container\" class=\"wpforms-field wpforms-field-name\" data-field-id=\"0\"><fieldset><legend class=\"wpforms-field-label\">Nombre <span class=\"wpforms-required-label\" aria-hidden=\"true\">*<\/span><\/legend><div class=\"wpforms-field-row wpforms-field-medium\"><div class=\"wpforms-field-row-block wpforms-first wpforms-one-half\"><input type=\"text\" id=\"wpforms-105714-field_0\" class=\"wpforms-field-name-first wpforms-field-required\" name=\"wpforms[fields][0][first]\" aria-errormessage=\"wpforms-105714-field_0-error\" required><label for=\"wpforms-105714-field_0\" class=\"wpforms-field-sublabel after\">Nombre<\/label><\/div><div class=\"wpforms-field-row-block wpforms-one-half\"><input type=\"text\" id=\"wpforms-105714-field_0-last\" class=\"wpforms-field-name-last wpforms-field-required\" name=\"wpforms[fields][0][last]\" aria-errormessage=\"wpforms-105714-field_0-last-error\" required><label for=\"wpforms-105714-field_0-last\" class=\"wpforms-field-sublabel after\">Apellidos<\/label><\/div><\/div><\/fieldset><\/div><div id=\"wpforms-105714-field_1-container\" class=\"wpforms-field wpforms-field-email\" data-field-id=\"1\"><fieldset><legend class=\"wpforms-field-label\">Correo electr\u00f3nico <span class=\"wpforms-required-label\" aria-hidden=\"true\">*<\/span><\/legend><div class=\"wpforms-field-row wpforms-field-medium\"><div class=\"wpforms-field-row-block wpforms-one-half wpforms-first\"><input type=\"email\" id=\"wpforms-105714-field_1\" class=\"wpforms-field-required wpforms-field-email-primary\" name=\"wpforms[fields][1][primary]\" spellcheck=\"false\" aria-errormessage=\"wpforms-105714-field_1-error\" required><label for=\"wpforms-105714-field_1\" class=\"wpforms-field-sublabel after\">Correo electr\u00f3nico<\/label><\/div><div class=\"wpforms-field-row-block wpforms-one-half\"><input type=\"email\" id=\"wpforms-105714-field_1-secondary\" class=\"wpforms-field-email-secondary wpforms-field-required\" data-rule-confirm=\"#wpforms-105714-field_1\" name=\"wpforms[fields][1][secondary]\" spellcheck=\"false\" aria-errormessage=\"wpforms-105714-field_1-secondary-error\" required><label for=\"wpforms-105714-field_1-secondary\" class=\"wpforms-field-sublabel after\">Confirmar el correo electr\u00f3nico<\/label><\/div><\/div><\/fieldset><\/div><div id=\"wpforms-105714-field_4-container\" class=\"wpforms-field wpforms-field-number\" data-field-id=\"4\"><label class=\"wpforms-field-label\" for=\"wpforms-105714-field_4\">Tel\u00e9fono de contacto<\/label><input type=\"number\" id=\"wpforms-105714-field_4\" class=\"wpforms-field-small\" name=\"wpforms[fields][4]\" step=\"any\" aria-errormessage=\"wpforms-105714-field_4-error\" aria-describedby=\"wpforms-105714-field_4-description\" ><div id=\"wpforms-105714-field_4-description\" class=\"wpforms-field-description\">Registre aqu\u00ed su n\u00famero de tel\u00e9fono si desea que le contactemos telef\u00f3nicamente (Opcional)<\/div><\/div><div id=\"wpforms-105714-field_2-container\" class=\"wpforms-field wpforms-field-textarea\" data-field-id=\"2\"><label class=\"wpforms-field-label\" for=\"wpforms-105714-field_2\">Mensaje <span class=\"wpforms-required-label\" aria-hidden=\"true\">*<\/span><\/label><textarea id=\"wpforms-105714-field_2\" class=\"wpforms-field-medium wpforms-field-required\" name=\"wpforms[fields][2]\" aria-errormessage=\"wpforms-105714-field_2-error\" required><\/textarea><\/div><\/div><!-- .wpforms-field-container --><div class=\"wpforms-submit-container\" ><input type=\"hidden\" name=\"wpforms[id]\" value=\"105714\"><input type=\"hidden\" name=\"page_title\" value=\"\"><input type=\"hidden\" name=\"page_url\" value=\"https:\/\/upla.cl\/facultad\/arte\/wp-json\/wp\/v2\/posts\/107288\"><input type=\"hidden\" name=\"url_referer\" value=\"\"><button type=\"submit\" name=\"wpforms[submit]\" id=\"wpforms-submit-105714\" class=\"wpforms-submit\" data-alt-text=\"Enviando...\" data-submit-text=\"Enviar\" aria-live=\"assertive\" value=\"wpforms-submit\">Enviar<\/button><img loading=\"lazy\" decoding=\"async\" src=\"https:\/\/upla.cl\/facultad\/arte\/wp-content\/plugins\/wpforms-lite\/assets\/images\/submit-spin.svg\" class=\"wpforms-submit-spinner\" style=\"display: none;\" width=\"26\" height=\"26\" alt=\"Cargando\"><\/div><\/form><\/div>  <!-- .wpforms-container --><\/span><\/p>\n<p>[\/et_pb_text][\/et_pb_column][et_pb_column type=\u00bb2_5&#8243; _builder_version=\u00bb4.16&#8243; _module_preset=\u00bbdefault\u00bb global_colors_info=\u00bb{}\u00bb][et_pb_blurb title=\u00bbEncu\u00e9ntranos\u00bb use_icon=\u00bbon\u00bb font_icon=\u00bb&#xe01d;||divi||400&#8243; icon_color=\u00bb#000000&#8243; icon_placement=\u00bbleft\u00bb content_max_width=\u00bb1100px\u00bb _builder_version=\u00bb4.25.2&#8243; _module_preset=\u00bbdefault\u00bb header_font=\u00bb|700|||||||\u00bb header_font_size=\u00bb30px\u00bb global_colors_info=\u00bb{}\u00bb]<\/p>\n<p>Av. Guillermo Gonz\u00e1lez De Hontaneda 855, Playa Ancha, Valpara\u00edso.<\/p>\n<p>[\/et_pb_blurb][et_pb_code _builder_version=\u00bb4.23.1&#8243; _module_preset=\u00bbdefault\u00bb global_colors_info=\u00bb{}\u00bb]<iframe src=\"https:\/\/www.google.com\/maps\/embed?pb=!1m18!1m12!1m3!1d542.440888456234!2d-71.64189749127208!3d-33.023349508336885!2m3!1f0!2f0!3f0!3m2!1i1024!2i768!4f13.1!3m3!1m2!1s0x9689e6c64daeace1%3A0xbdadbd524f270fd1!2sUniversidad%20de%20Playa%20Ancha%20-%20Campus%202%20Facultad%20de%20Arte!5e0!3m2!1ses!2scl!4v1700489608180!5m2!1ses!2scl\" width=\"100%\" height=\"450\" style=\"border:0;\" allowfullscreen=\"\" loading=\"lazy\"><\/iframe>[\/et_pb_code][et_pb_blurb title=\u00bbS\u00edguenos\u00bb use_icon=\u00bbon\u00bb font_icon=\u00bb&#xf0da;||fa||900&#8243; icon_color=\u00bb#565656&#8243; icon_placement=\u00bbleft\u00bb icon_color_tablet=\u00bb\u00bb icon_color_phone=\u00bbRGBA(255,255,255,0)\u00bb icon_color_last_edited=\u00bbon|phone\u00bb _builder_version=\u00bb4.25.1&#8243; _module_preset=\u00bbdefault\u00bb header_font=\u00bb|700|||||||\u00bb header_text_align=\u00bbleft\u00bb header_font_size=\u00bb30px\u00bb body_text_align=\u00bbleft\u00bb image_icon_custom_margin_tablet=\u00bb\u00bb image_icon_custom_margin_phone=\u00bb||||false|false\u00bb image_icon_custom_margin_last_edited=\u00bbon|phone\u00bb image_icon_custom_padding=\u00bb||||false|false\u00bb header_text_align_tablet=\u00bb\u00bb header_text_align_phone=\u00bbcenter\u00bb header_text_align_last_edited=\u00bbon|phone\u00bb body_text_align_tablet=\u00bb\u00bb body_text_align_phone=\u00bbcenter\u00bb body_text_align_last_edited=\u00bbon|phone\u00bb global_colors_info=\u00bb{}\u00bb]<\/p>\n<p>en nuestras redes sociales<\/p>\n<p>[\/et_pb_blurb][et_pb_social_media_follow icon_color=\u00bb#FFFFFF\u00bb use_icon_font_size=\u00bbon\u00bb icon_font_size=\u00bb18px\u00bb _builder_version=\u00bb4.25.1&#8243; _module_preset=\u00bbdefault\u00bb background_color=\u00bbRGBA(255,255,255,0)\u00bb text_orientation=\u00bbleft\u00bb custom_margin=\u00bb|||10%|false|false\u00bb custom_margin_tablet=\u00bb\u00bb custom_margin_phone=\u00bb\u00bb custom_margin_last_edited=\u00bbon|phone\u00bb text_orientation_tablet=\u00bb\u00bb text_orientation_phone=\u00bbcenter\u00bb text_orientation_last_edited=\u00bbon|phone\u00bb global_colors_info=\u00bb{}\u00bb][et_pb_social_media_follow_network social_network=\u00bbfacebook\u00bb url=\u00bbhttps:\/\/www.facebook.com\/Facultad-De-Arte-Upla-1474590336176862&#8243; _builder_version=\u00bb4.25.0&#8243; _module_preset=\u00bbdefault\u00bb background_color=\u00bb#3b5998&#8243; global_colors_info=\u00bb{}\u00bb follow_button=\u00bboff\u00bb url_new_window=\u00bbon\u00bb]facebook[\/et_pb_social_media_follow_network][et_pb_social_media_follow_network social_network=\u00bbtwitter\u00bb url=\u00bbhttps:\/\/twitter.com\/Arte_UPLA\u00bb _builder_version=\u00bb4.25.0&#8243; _module_preset=\u00bbdefault\u00bb background_color=\u00bb#000000&#8243; global_colors_info=\u00bb{}\u00bb follow_button=\u00bboff\u00bb url_new_window=\u00bbon\u00bb]X[\/et_pb_social_media_follow_network][et_pb_social_media_follow_network social_network=\u00bbinstagram\u00bb url=\u00bbhttps:\/\/www.instagram.com\/arteupla\/\u00bb _builder_version=\u00bb4.25.0&#8243; _module_preset=\u00bbdefault\u00bb background_color=\u00bb#ea2c59&#8243; global_colors_info=\u00bb{}\u00bb follow_button=\u00bboff\u00bb url_new_window=\u00bbon\u00bb]instagram[\/et_pb_social_media_follow_network][et_pb_social_media_follow_network social_network=\u00bbyoutube\u00bb url=\u00bbhttps:\/\/www.youtube.com\/channel\/UCYHF2tM5px6NA-yYpfBTJDg\u00bb _builder_version=\u00bb4.25.0&#8243; _module_preset=\u00bbdefault\u00bb background_color=\u00bb#a82400&#8243; global_colors_info=\u00bb{}\u00bb follow_button=\u00bboff\u00bb url_new_window=\u00bbon\u00bb]youtube[\/et_pb_social_media_follow_network][\/et_pb_social_media_follow][\/et_pb_column][\/et_pb_row][\/et_pb_section]<\/p>\n","protected":false},"excerpt":{"rendered":"<p>La Direcci\u00f3n General de Vinculaci\u00f3n con el Medio (DGVM) de la Universidad de Playa Ancha, vela por el funcionamiento y la promoci\u00f3n de las actividades y eventos realizados por Artes Visuales, seg\u00fan lo mandatado por el Decreto Exento 1486\/2022, sobre el Reglamento que regula el funcionamiento de los mismos.\u201cArtes visuales\u201d es un elenco art\u00edstico cultural [&hellip;]<\/p>\n","protected":false},"author":2,"featured_media":0,"comment_status":"open","ping_status":"open","sticky":false,"template":"","format":"standard","meta":{"_et_pb_use_builder":"on","_et_pb_old_content":"","_et_gb_content_width":"","footnotes":""},"categories":[12,10],"tags":[],"class_list":["post-107288","post","type-post","status-publish","format-standard","hentry","category-elencos-artisticos","category-vinculacion-con-el-medio"],"_links":{"self":[{"href":"https:\/\/upla.cl\/facultad\/arte\/wp-json\/wp\/v2\/posts\/107288","targetHints":{"allow":["GET"]}}],"collection":[{"href":"https:\/\/upla.cl\/facultad\/arte\/wp-json\/wp\/v2\/posts"}],"about":[{"href":"https:\/\/upla.cl\/facultad\/arte\/wp-json\/wp\/v2\/types\/post"}],"author":[{"embeddable":true,"href":"https:\/\/upla.cl\/facultad\/arte\/wp-json\/wp\/v2\/users\/2"}],"replies":[{"embeddable":true,"href":"https:\/\/upla.cl\/facultad\/arte\/wp-json\/wp\/v2\/comments?post=107288"}],"version-history":[{"count":0,"href":"https:\/\/upla.cl\/facultad\/arte\/wp-json\/wp\/v2\/posts\/107288\/revisions"}],"wp:attachment":[{"href":"https:\/\/upla.cl\/facultad\/arte\/wp-json\/wp\/v2\/media?parent=107288"}],"wp:term":[{"taxonomy":"category","embeddable":true,"href":"https:\/\/upla.cl\/facultad\/arte\/wp-json\/wp\/v2\/categories?post=107288"},{"taxonomy":"post_tag","embeddable":true,"href":"https:\/\/upla.cl\/facultad\/arte\/wp-json\/wp\/v2\/tags?post=107288"}],"curies":[{"name":"wp","href":"https:\/\/api.w.org\/{rel}","templated":true}]}}