{"id":106088,"date":"2021-04-24T09:18:06","date_gmt":"2021-04-24T13:18:06","guid":{"rendered":"https:\/\/upla.cl\/facultad\/humanidades\/?p=106088"},"modified":"2022-04-07T10:55:42","modified_gmt":"2022-04-07T14:55:42","slug":"investigacion-doctoral-hablantes-de-herencia-aymara-en-el-norte-de-chile","status":"publish","type":"post","link":"https:\/\/upla.cl\/facultad\/humanidades\/2021\/04\/24\/investigacion-doctoral-hablantes-de-herencia-aymara-en-el-norte-de-chile\/","title":{"rendered":"INVESTIGACI\u00d3N DOCTORAL: HABLANTES DE HERENCIA AYMARA EN EL NORTE DE CHILE"},"content":{"rendered":"<p><img loading=\"lazy\" decoding=\"async\" class=\"alignnone wp-image-106092 size-full\" src=\"https:\/\/upla.cl\/facultad\/humanidades\/wp-content\/uploads\/2021\/04\/Infografia-web.jpg\" alt=\"\" width=\"1920\" height=\"1080\" srcset=\"https:\/\/upla.cl\/facultad\/humanidades\/wp-content\/uploads\/2021\/04\/Infografia-web.jpg 1920w, https:\/\/upla.cl\/facultad\/humanidades\/wp-content\/uploads\/2021\/04\/Infografia-web-1280x720.jpg 1280w, https:\/\/upla.cl\/facultad\/humanidades\/wp-content\/uploads\/2021\/04\/Infografia-web-980x551.jpg 980w, https:\/\/upla.cl\/facultad\/humanidades\/wp-content\/uploads\/2021\/04\/Infografia-web-480x270.jpg 480w\" sizes=\"(min-width: 0px) and (max-width: 480px) 480px, (min-width: 481px) and (max-width: 980px) 980px, (min-width: 981px) and (max-width: 1280px) 1280px, (min-width: 1281px) 1920px, 100vw\" \/><\/p>\n<h2>INVESTIGACI\u00d3N DOCTORAL: HABLANTES DE HERENCIA AYMARA EN EL NORTE DE CHILE<\/h2>\n<p align=\"justify\">En el contexto de la tesis de doctorado en biling\u00fcismo y adquisici\u00f3n de segundas lenguas de la Universidad de Rutgers, Estados Unidos, la <strong>profesora Jennifer Markovits<\/strong> de la Facultad de Humanidades, realiz\u00f3 la etapa de recolecci\u00f3n de datos en la comunidad aymara de Sibaya, Huara, regi\u00f3n de Tarapac\u00e1, con la ayuda de la direcci\u00f3n de La escuela Sibaya en el mes de febrero del presente a\u00f1o.<\/p>\n<p>El objetivo es examinar factores cognitivos, sociales, hist\u00f3ricos y ling\u00fc\u00edsticos en la adquisici\u00f3n y uso de una estructura ling\u00fc\u00edstica del aymara llamada evidencialidad. Para tales efectos, la profesora trabaj\u00f3 por dos semanas con ni\u00f1os y ni\u00f1as hablantes de herencia aymara quienes participaron en distintas tareas y juegos que permitieron corroborar el nivel de conocimiento de su lengua materna, el aymara. Se espera que los datos recolectados visualicen un perfil de hablante no descrito actualmente en la literatura nacional desde una perspectiva ling\u00fc\u00edstica y, adem\u00e1s, que los resultados de esta investigaci\u00f3n promuevan m\u00e1s iniciativas dentro de nuestra universidad para el biling\u00fcismo lengua- ind\u00edgena espa\u00f1ol.<\/p>\n","protected":false},"excerpt":{"rendered":"<p>INVESTIGACI\u00d3N DOCTORAL: HABLANTES DE HERENCIA AYMARA EN EL NORTE DE CHILE En el contexto de la tesis de doctorado en biling\u00fcismo y adquisici\u00f3n de segundas lenguas de la Universidad de Rutgers, Estados Unidos, la profesora Jennifer Markovits de la Facultad de Humanidades, realiz\u00f3 la etapa de recolecci\u00f3n de datos en la comunidad aymara de Sibaya, [&hellip;]<\/p>\n","protected":false},"author":2,"featured_media":106092,"comment_status":"open","ping_status":"open","sticky":false,"template":"","format":"standard","meta":{"_et_pb_use_builder":"","_et_pb_old_content":"","_et_gb_content_width":"","footnotes":""},"categories":[16,19],"tags":[],"class_list":["post-106088","post","type-post","status-publish","format-standard","has-post-thumbnail","hentry","category-noticia","category-dep-literaturalinguistica"],"_links":{"self":[{"href":"https:\/\/upla.cl\/facultad\/humanidades\/wp-json\/wp\/v2\/posts\/106088","targetHints":{"allow":["GET"]}}],"collection":[{"href":"https:\/\/upla.cl\/facultad\/humanidades\/wp-json\/wp\/v2\/posts"}],"about":[{"href":"https:\/\/upla.cl\/facultad\/humanidades\/wp-json\/wp\/v2\/types\/post"}],"author":[{"embeddable":true,"href":"https:\/\/upla.cl\/facultad\/humanidades\/wp-json\/wp\/v2\/users\/2"}],"replies":[{"embeddable":true,"href":"https:\/\/upla.cl\/facultad\/humanidades\/wp-json\/wp\/v2\/comments?post=106088"}],"version-history":[{"count":4,"href":"https:\/\/upla.cl\/facultad\/humanidades\/wp-json\/wp\/v2\/posts\/106088\/revisions"}],"predecessor-version":[{"id":106093,"href":"https:\/\/upla.cl\/facultad\/humanidades\/wp-json\/wp\/v2\/posts\/106088\/revisions\/106093"}],"wp:featuredmedia":[{"embeddable":true,"href":"https:\/\/upla.cl\/facultad\/humanidades\/wp-json\/wp\/v2\/media\/106092"}],"wp:attachment":[{"href":"https:\/\/upla.cl\/facultad\/humanidades\/wp-json\/wp\/v2\/media?parent=106088"}],"wp:term":[{"taxonomy":"category","embeddable":true,"href":"https:\/\/upla.cl\/facultad\/humanidades\/wp-json\/wp\/v2\/categories?post=106088"},{"taxonomy":"post_tag","embeddable":true,"href":"https:\/\/upla.cl\/facultad\/humanidades\/wp-json\/wp\/v2\/tags?post=106088"}],"curies":[{"name":"wp","href":"https:\/\/api.w.org\/{rel}","templated":true}]}}