{"id":106189,"date":"2022-05-02T09:31:45","date_gmt":"2022-05-02T13:31:45","guid":{"rendered":"https:\/\/upla.cl\/facultad\/humanidades\/?p=106189"},"modified":"2022-05-02T09:34:53","modified_gmt":"2022-05-02T13:34:53","slug":"carrera-de-pedagogia-en-filosofia-realiza-microintervencion-en-colegio-capellan-pascal-2","status":"publish","type":"post","link":"https:\/\/upla.cl\/facultad\/humanidades\/2022\/05\/02\/carrera-de-pedagogia-en-filosofia-realiza-microintervencion-en-colegio-capellan-pascal-2\/","title":{"rendered":"Carrera de Pedagog\u00eda en Filosof\u00eda realiza microintervenci\u00f3n en colegio Capell\u00e1n Pascal"},"content":{"rendered":"<div align=\"justify\">\nEstimular la reflexio\u0301n de los estudiantes frente a los desafi\u0301os filoso\u0301ficos presentes en los estudios universitarios, fue el principal objetivo de la microintervenci\u00f3n que realiz\u00f3 un grupo de estudiantes de la carrera de Pedagog\u00eda en Filosof\u00eda  de la Facultad de Humanidades de la UPLA en el colegio Capell\u00e1n Pascal.<\/p>\n<p>La actividad, que estuvo a cargo del <strong>Dr. Juan Pablo A\u0301lvarez y Delia Salazar<\/strong>, se desarroll\u00f3 en el marco de la celebracio\u0301n de la semana de las Humanidades del mencionado establecimientos educacional y de los 30 an\u0303os del colegio.<\/p>\n<p>La acad\u00e9mica <strong>Delia Salazar<\/strong> sostuvo que este tipo de actividades, no solo acercan los profesores en formaci\u00f3n al aula, sino tambi\u00e9n es una instancia para reflexionar sobre la filosofi\u0301a inserta en nuestra cotidianidad.<\/p>\n<p>\u201cSin duda, estas microintervenciones favorecen la colaboracio\u0301n interinstitucional, pues por una parte acerca la Filosof\u00eda a los y las j\u00f3venes de ense\u00f1anza Media y, por otra, es un espacio donde nuestros estudiantes pueden tomar contacto con el entorno escolar\u201d, dijo la acad\u00e9mica.<\/p>\n<p><strong>ACTIVIDAD<\/strong><\/p>\n<p>Tras una breve charla titulada <em>\u201cDesafi\u0301os filos\u00f3ficos en los estudios universitarios\u201d<\/em>, los j\u00f3venes escribieron en un post-it la pregunta que  surgi\u00f3 en cada uno, a partir de la exposici\u00f3n. Posteriormente, estas se pegaron en papelo\u0301grafos fuera del Auditorio para que la comunidad escolar pueda apreciar el trabajo de los y las estudiantes.<\/p>\n<p><strong>Nelson Reyes Kleim, profesor del colegio Capell\u00e1n Pascal<\/strong> valor\u00f3 el trabajo que realiz\u00f3 la Universidad de Playa Ancha, a trav\u00e9s de la carrera de Pedagog\u00eda en Filosof\u00eda.<\/p>\n<p>\u201cRealmente, fue una experiencia enriquecedora para los estudiantes, al vincularse con estudiantes universitarios, y para nosotros como colegio tambi\u00e9n, al generar lazos y espacios comunes en el \u00e1mbito acad\u00e9mico, que esperamos que sigan creciendo de la mano de las facultades de educaci\u00f3n de las distintas universidades de la zona. Sin duda, es una actividad que necesitamos seguir fomentando para vincular el aprendizaje escolar con la vida universitaria\u201d, afirm\u00f3 Reyes.\n<\/p><\/div>\n<div class=\"et_pb_slider et_pb_slider_fullwidth_off et_pb_gallery_post_type\">\n\t\t\t\t<div class=\"et_pb_slides\">\n\t\t\t\t\t<div class=\"et_pb_slide\" style=\"background: url(https:\/\/upla.cl\/facultad\/humanidades\/wp-content\/uploads\/2022\/05\/Captura-de-pantalla-2022-04-26-a-las-15.34.53.png);\"><\/div><div class=\"et_pb_slide\" style=\"background: url(https:\/\/upla.cl\/facultad\/humanidades\/wp-content\/uploads\/2022\/05\/Captura-de-pantalla-2022-04-26-a-las-15.34.37.png);\"><\/div><div class=\"et_pb_slide\" style=\"background: url(https:\/\/upla.cl\/facultad\/humanidades\/wp-content\/uploads\/2022\/05\/Captura-de-pantalla-2022-04-26-a-las-15.34.14.png);\"><\/div><div class=\"et_pb_slide\" style=\"background: url(https:\/\/upla.cl\/facultad\/humanidades\/wp-content\/uploads\/2022\/05\/Captura-de-pantalla-2022-04-26-a-las-15.37.21.png);\"><\/div><div class=\"et_pb_slide\" style=\"background: url(https:\/\/upla.cl\/facultad\/humanidades\/wp-content\/uploads\/2022\/05\/Captura-de-pantalla-2022-04-26-a-las-15.33.48.png);\"><\/div>\n\t\t\t\t<\/div>\n\t\t\t<\/div>\n","protected":false},"excerpt":{"rendered":"<p>Estimular la reflexio\u0301n de los estudiantes frente a los desafi\u0301os filoso\u0301ficos presentes en los estudios universitarios, fue el principal objetivo de la microintervenci\u00f3n que realiz\u00f3 un grupo de estudiantes de la carrera de Pedagog\u00eda en Filosof\u00eda de la Facultad de Humanidades de la UPLA en el colegio Capell\u00e1n Pascal. La actividad, que estuvo a cargo [&hellip;]<\/p>\n","protected":false},"author":2,"featured_media":106194,"comment_status":"open","ping_status":"open","sticky":false,"template":"","format":"standard","meta":{"_et_pb_use_builder":"","_et_pb_old_content":"","_et_gb_content_width":"","footnotes":""},"categories":[18,16],"tags":[],"class_list":["post-106189","post","type-post","status-publish","format-standard","has-post-thumbnail","hentry","category-dep-filosofiahistoriaturismo","category-noticia"],"_links":{"self":[{"href":"https:\/\/upla.cl\/facultad\/humanidades\/wp-json\/wp\/v2\/posts\/106189","targetHints":{"allow":["GET"]}}],"collection":[{"href":"https:\/\/upla.cl\/facultad\/humanidades\/wp-json\/wp\/v2\/posts"}],"about":[{"href":"https:\/\/upla.cl\/facultad\/humanidades\/wp-json\/wp\/v2\/types\/post"}],"author":[{"embeddable":true,"href":"https:\/\/upla.cl\/facultad\/humanidades\/wp-json\/wp\/v2\/users\/2"}],"replies":[{"embeddable":true,"href":"https:\/\/upla.cl\/facultad\/humanidades\/wp-json\/wp\/v2\/comments?post=106189"}],"version-history":[{"count":5,"href":"https:\/\/upla.cl\/facultad\/humanidades\/wp-json\/wp\/v2\/posts\/106189\/revisions"}],"predecessor-version":[{"id":106199,"href":"https:\/\/upla.cl\/facultad\/humanidades\/wp-json\/wp\/v2\/posts\/106189\/revisions\/106199"}],"wp:featuredmedia":[{"embeddable":true,"href":"https:\/\/upla.cl\/facultad\/humanidades\/wp-json\/wp\/v2\/media\/106194"}],"wp:attachment":[{"href":"https:\/\/upla.cl\/facultad\/humanidades\/wp-json\/wp\/v2\/media?parent=106189"}],"wp:term":[{"taxonomy":"category","embeddable":true,"href":"https:\/\/upla.cl\/facultad\/humanidades\/wp-json\/wp\/v2\/categories?post=106189"},{"taxonomy":"post_tag","embeddable":true,"href":"https:\/\/upla.cl\/facultad\/humanidades\/wp-json\/wp\/v2\/tags?post=106189"}],"curies":[{"name":"wp","href":"https:\/\/api.w.org\/{rel}","templated":true}]}}