{"id":101903,"date":"2017-06-15T09:00:11","date_gmt":"2017-06-15T13:00:11","guid":{"rendered":"http:\/\/www.upla.cl\/noticias\/?p=101903"},"modified":"2017-06-14T13:33:11","modified_gmt":"2017-06-14T17:33:11","slug":"convenio-upa-1301-abre-convocatoria-para-financiar-investigaciones-de-estudiantes-y-academicos-con-enfoque-territorial","status":"publish","type":"post","link":"https:\/\/upla.cl\/noticias\/2017\/06\/15\/convenio-upa-1301-abre-convocatoria-para-financiar-investigaciones-de-estudiantes-y-academicos-con-enfoque-territorial\/","title":{"rendered":"Convenio UPA 1301 abre convocatoria para financiar investigaciones de estudiantes y acad\u00e9micos con enfoque territorial"},"content":{"rendered":"<p><a href=\"https:\/\/www.upla.cl\/noticias\/wp-content\/uploads\/2017\/06\/10-pancha_opt.jpg\"><img loading=\"lazy\" decoding=\"async\" class=\"aligncenter wp-image-101931 size-full\" src=\"https:\/\/www.upla.cl\/noticias\/wp-content\/uploads\/2017\/06\/10-pancha_opt.jpg\" alt=\"\" width=\"625\" height=\"423\" srcset=\"https:\/\/upla.cl\/noticias\/wp-content\/uploads\/2017\/06\/10-pancha_opt.jpg 625w, https:\/\/upla.cl\/noticias\/wp-content\/uploads\/2017\/06\/10-pancha_opt-300x203.jpg 300w, https:\/\/upla.cl\/noticias\/wp-content\/uploads\/2017\/06\/10-pancha_opt-110x75.jpg 110w\" sizes=\"auto, (max-width: 625px) 100vw, 625px\" \/><\/a>Hasta el pr\u00f3ximo 3 de julio, habr\u00e1 plazo para que estudiantes, por una parte y acad\u00e9micos (as) por otra, postulen a los respectivos concursos de financiamiento de investigaci\u00f3n (segundo semestre del 2017), pertenecientes al <strong>Convenio de Desempe\u00f1o \u201cInnovaci\u00f3n Social para el Desarrollo Territorial de Playa Ancha\u201d (CD UPA 1301)<\/strong>, cuyo objetivo es promover la realizaci\u00f3n de trabajos que contribuyan al desarrollo territorial de las comunidades, mediante la generaci\u00f3n de conocimiento compartido entre la <strong>Universidad de Playa Ancha (UPLA)<\/strong> y actores sociales p\u00fablicos, privados y miembros de la sociedad civil.<\/p>\n<p>En ambos casos, los proyectos focalizados en las provincias de Valpara\u00edso o San Felipe, deben abordar algunas de las siguientes materias: Medioambiente, Espacios P\u00fablicos, Participaci\u00f3n Social, Democracia y Desarrollo local, Patrimonio, Vida de barrio y Cultura, y Salud, Convivencia y Calidad de Vida. En ese sentido, tem\u00e1ticas como educaci\u00f3n ambiental, desarrollo de experiencias art\u00edsticas participativas y din\u00e1micas de producci\u00f3n y consumo cultural, pueden ser investigadas en el marco de esta iniciativa del CD UPA 1301, que valorar\u00e1 en especial la interdisciplinariedad en los equipos.<\/p>\n<p>Respecto al <strong>concurso de acad\u00e9micos (as)<\/strong>, es importante se\u00f1alar que va dirigido a profesores (as) tanto de planta como a contrata de las distintas facultades de la UPLA (Valpara\u00edso y San Felipe) y que considera, adem\u00e1s, la participaci\u00f3n de estudiantes como ayudantes de investigaci\u00f3n. Para conocer m\u00e1s detalles sobre esta convocatoria, revisar <a href=\"https:\/\/www.upla.cl\/noticias\/wp-content\/uploads\/2017\/06\/INVESTIGACI\u00d3N-CD-UPA-1301-ACAD\u00c9MICOS-2017-1.docx\"><strong>aqu\u00ed<\/strong><\/a><\/p>\n<p>En tanto, el <strong>concurso para estudiantes<\/strong>, est\u00e1 orientado a alumnos y alumnas de cursos superiores (5\u00b0 semestre en adelante), que se encuentren con sus matr\u00edculas 2017 al d\u00eda. Las bases y el formulario respectivo, se pueden descargar <a href=\"https:\/\/www.upla.cl\/noticias\/wp-content\/uploads\/2017\/06\/CONVOCATORIA-2017-CD-UPA-1301-INVESTIGACI\u00d3N-ESTUDIANTES-Valpo-San-Felipe.docx\"><strong>aqu\u00ed<\/strong><\/a><\/p>\n<p>Por \u00faltimo, tanto las propuestas de acad\u00e9micos (as) como las de estudiantes, deben ser entregadas a m\u00e1s tardar a las 17.00 horas del <strong>pr\u00f3ximo lunes 3 de julio<\/strong> en la <strong>oficina del CD UPA 1301<\/strong>, ubicada en el segundo piso de la Biblioteca Central de esta casa de estudios, a un costado de la Sala de Alta Demanda.<\/p>\n<p>&nbsp;<\/p>\n<p>&nbsp;<\/p>\n","protected":false},"excerpt":{"rendered":"<p>Iniciativa, que busca generar conocimiento compartido entre la UPLA y la comunidad, cerrar\u00e1 el 3 de julio, a las 17.00 horas.<\/p>\n","protected":false},"author":10,"featured_media":101931,"comment_status":"closed","ping_status":"closed","sticky":false,"template":"","format":"standard","meta":{"footnotes":""},"categories":[51,40,97,43,91],"tags":[],"class_list":["post-101903","post","type-post","status-publish","format-standard","has-post-thumbnail","","category-academia","category-destacados","category-estudiantes","category-investigacion","category-vinculacion-con-el-medio"],"_links":{"self":[{"href":"https:\/\/upla.cl\/noticias\/wp-json\/wp\/v2\/posts\/101903","targetHints":{"allow":["GET"]}}],"collection":[{"href":"https:\/\/upla.cl\/noticias\/wp-json\/wp\/v2\/posts"}],"about":[{"href":"https:\/\/upla.cl\/noticias\/wp-json\/wp\/v2\/types\/post"}],"author":[{"embeddable":true,"href":"https:\/\/upla.cl\/noticias\/wp-json\/wp\/v2\/users\/10"}],"replies":[{"embeddable":true,"href":"https:\/\/upla.cl\/noticias\/wp-json\/wp\/v2\/comments?post=101903"}],"version-history":[{"count":0,"href":"https:\/\/upla.cl\/noticias\/wp-json\/wp\/v2\/posts\/101903\/revisions"}],"wp:featuredmedia":[{"embeddable":true,"href":"https:\/\/upla.cl\/noticias\/wp-json\/wp\/v2\/media\/101931"}],"wp:attachment":[{"href":"https:\/\/upla.cl\/noticias\/wp-json\/wp\/v2\/media?parent=101903"}],"wp:term":[{"taxonomy":"category","embeddable":true,"href":"https:\/\/upla.cl\/noticias\/wp-json\/wp\/v2\/categories?post=101903"},{"taxonomy":"post_tag","embeddable":true,"href":"https:\/\/upla.cl\/noticias\/wp-json\/wp\/v2\/tags?post=101903"}],"curies":[{"name":"wp","href":"https:\/\/api.w.org\/{rel}","templated":true}]}}