{"id":106053,"date":"2017-09-07T09:05:10","date_gmt":"2017-09-07T12:05:10","guid":{"rendered":"http:\/\/www.upla.cl\/noticias\/?p=106053"},"modified":"2017-09-11T12:52:40","modified_gmt":"2017-09-11T15:52:40","slug":"caminar-erguido-lo-hace-mas-atractivo-para-las-mujeres","status":"publish","type":"post","link":"https:\/\/upla.cl\/noticias\/2017\/09\/07\/caminar-erguido-lo-hace-mas-atractivo-para-las-mujeres\/","title":{"rendered":"Caminar erguido lo hace m\u00e1s atractivo para las mujeres"},"content":{"rendered":"<figure id=\"attachment_106054\" aria-describedby=\"caption-attachment-106054\" style=\"width: 300px\" class=\"wp-caption alignright\"><a href=\"http:\/\/www.estrellavalpo.cl\/impresa\/2017\/09\/07\/full\/cuerpo-principal\/8\/texto\/\" target=\"_blank\" rel=\"noopener\"><img loading=\"lazy\" decoding=\"async\" class=\"wp-image-106054 size-medium\" src=\"https:\/\/www.upla.cl\/noticias\/wp-content\/uploads\/2017\/09\/Captura-de-pantalla-2017-09-11-a-las-12.39.39-p.m.-300x223.png\" alt=\"\" width=\"300\" height=\"223\" srcset=\"https:\/\/upla.cl\/noticias\/wp-content\/uploads\/2017\/09\/Captura-de-pantalla-2017-09-11-a-las-12.39.39-p.m.-300x223.png 300w, https:\/\/upla.cl\/noticias\/wp-content\/uploads\/2017\/09\/Captura-de-pantalla-2017-09-11-a-las-12.39.39-p.m.-768x570.png 768w, https:\/\/upla.cl\/noticias\/wp-content\/uploads\/2017\/09\/Captura-de-pantalla-2017-09-11-a-las-12.39.39-p.m..png 964w\" sizes=\"auto, (max-width: 300px) 100vw, 300px\" \/><\/a><figcaption id=\"caption-attachment-106054\" class=\"wp-caption-text\">Fuente: La Estrella de Valpara\u00edso, <a href=\"http:\/\/www.estrellavalpo.cl\/impresa\/2017\/09\/07\/full\/cuerpo-principal\/8\/texto\/\" target=\"_blank\" rel=\"noopener\">p\u00e1gina 8<\/a>, publicado el 7 de septiembre de 2017.<\/figcaption><\/figure>\n<p class=\"tex_capitular\">\u00bfSab\u00eda usted que su forma de caminar determina la percepci\u00f3n que las otras personas tienen de usted? Por lo menos as\u00ed lo revel\u00f3 un estudio en donde se tomaron como muestra a personas de Alemania, Rusia y por su puesto Chile.<\/p>\n<p class=\"tex_normal\">En el an\u00e1lisis de los datos y en la investigaci\u00f3n particip\u00f3 el Laboratorio de Comportamiento Animal y Humano del Centro de Estudios Avanzados de la Universidad de Playa Ancha (UPLA), quien a trav\u00e9s del doctor en Biolog\u00eda, Jos\u00e9 Antonio Mu\u00f1oz, investigador del Centro de Estudios Avanzados (CEA) de la UPLA, determin\u00f3 que \u00abexist\u00eda evidencia previa en torno al atractivo que genera la forma de caminar de las personas; sin embargo, esta evidencia no se hab\u00eda comparado utilizando una aproximaci\u00f3n intercultural. En este sentido, es interesante que pese a las grandes diferencias culturales que existen entre los tres pa\u00edses del estudio, en todos los casos el patr\u00f3n de juicio de atractivo fue muy similar. Tal vez la principal raz\u00f3n se la debamos a nuestra propia biolog\u00eda primate, que privilegia la percepci\u00f3n visual por sobre la de los otros sentidos\u00bb.<\/p>\n<p class=\"tex_normal\">Por lo mismo es que determin\u00f3 que mientras m\u00e1s erguido, con los hombros levemente inclinados hacia atr\u00e1s, con un contoneo relativamente arm\u00f3nico y con pasos firmes y decididos, la persona suele convertirse m\u00e1s atractiva.<\/p>\n<p class=\"tex_normal\">\u00abLa fuerza corporal es un rasgo relevante dentro de las interacciones sociales entre los hombres. Las personas m\u00e1s fuertes suelen generar respeto y comportamientos de entrega de beneficios por parte de sus rivales, especialmente cuando se enojan. Aunque en la actualidad la mayor\u00eda de la gente no resuelve los problemas a trav\u00e9s de combates f\u00edsicos, seguimos conservando la capacidad de evaluar el potencial de da\u00f1o de un adversario a partir de su fuerza corporal\u00bb, a\u00f1ade el doctor Jos\u00e9 Antonio Mu\u00f1oz.<\/p>\n<h3 class=\"sub_actualidad\">Para las mujeres<\/h3>\n<p class=\"tex_sin_sangria\">Los resultados de la investigaci\u00f3n fueron publicados en la revista Frontiers in Psychology y adem\u00e1s determinaron que las mujeres sienten una mayor atracci\u00f3n hacia las personas que caminan en forma erguida.<\/p>\n<p class=\"tex_normal\">\u00abLa forma de caminar de los hombres fuertes es atractiva para las mujeres porque la persona que camina de dicha manera, posee un potencial biol\u00f3gico mejor que el de los dem\u00e1s, ya que es capaz de sobresalir frente a sus pares en t\u00e9rminos de dominancia social y salud. Es decir, es un portador de buenos genes y esto tiene coherencia desde el punto de vista biol\u00f3gico como se\u00f1al de atractivo\u00bb, se\u00f1ala Jos\u00e9 Antonio Mu\u00f1oz.<\/p>\n<p class=\"tex_normal\">Hay que tener en cuenta que el estudio publicado y en el cual participaron s\u00f3lo hombres, no determina la forma c\u00f3mo caminar, sino que analiza la percepci\u00f3n de terceros en torno a a la fortaleza corporal.<\/p>\n<p class=\"tex_normal\">\u00abUna persona que no camina erguida, puede modificar su forma de caminar. Esto lo hace realizando ejercicios que aumentan la fuerza corporal y por ende mejoren la forma de caminar\u00bb, se\u00f1al\u00f3 Jos\u00e9 Antonio Mu\u00f1oz.<\/p>\n<h4 class=\"page-note-title\"><em>Mujeres<\/em><\/h4>\n<p class=\"page-note-excerpt\"><em>\u00a0El pr\u00f3ximo a\u00f1o se pretende realizar el mismo estudio, pero esta vez en mujeres. En dicha oportunidad se pretende medir el movimiento de las caderas de la mujer y c\u00f3mo \u00e9ste resulta atractivo en la percepci\u00f3n del hombre.<\/em><\/p>\n<p>Fuente: La Estrella de Valpara\u00edso,<a href=\"http:\/\/www.estrellavalpo.cl\/impresa\/2017\/09\/07\/full\/cuerpo-principal\/8\/texto\/\" target=\"_blank\" rel=\"noopener\"> p\u00e1gina 8<\/a>, publicado el 7 de septiembre de 2017.<\/p>\n","protected":false},"excerpt":{"rendered":"<p>Fuente: La Estrella de Valpara\u00edso, p\u00e1gina 8, publicado el 7 de septiembre de 2017.<\/p>\n","protected":false},"author":6,"featured_media":106054,"comment_status":"closed","ping_status":"closed","sticky":false,"template":"","format":"standard","meta":{"footnotes":""},"categories":[45],"tags":[],"class_list":["post-106053","post","type-post","status-publish","format-standard","has-post-thumbnail","","category-upla-en-los-medios"],"_links":{"self":[{"href":"https:\/\/upla.cl\/noticias\/wp-json\/wp\/v2\/posts\/106053","targetHints":{"allow":["GET"]}}],"collection":[{"href":"https:\/\/upla.cl\/noticias\/wp-json\/wp\/v2\/posts"}],"about":[{"href":"https:\/\/upla.cl\/noticias\/wp-json\/wp\/v2\/types\/post"}],"author":[{"embeddable":true,"href":"https:\/\/upla.cl\/noticias\/wp-json\/wp\/v2\/users\/6"}],"replies":[{"embeddable":true,"href":"https:\/\/upla.cl\/noticias\/wp-json\/wp\/v2\/comments?post=106053"}],"version-history":[{"count":0,"href":"https:\/\/upla.cl\/noticias\/wp-json\/wp\/v2\/posts\/106053\/revisions"}],"wp:featuredmedia":[{"embeddable":true,"href":"https:\/\/upla.cl\/noticias\/wp-json\/wp\/v2\/media\/106054"}],"wp:attachment":[{"href":"https:\/\/upla.cl\/noticias\/wp-json\/wp\/v2\/media?parent=106053"}],"wp:term":[{"taxonomy":"category","embeddable":true,"href":"https:\/\/upla.cl\/noticias\/wp-json\/wp\/v2\/categories?post=106053"},{"taxonomy":"post_tag","embeddable":true,"href":"https:\/\/upla.cl\/noticias\/wp-json\/wp\/v2\/tags?post=106053"}],"curies":[{"name":"wp","href":"https:\/\/api.w.org\/{rel}","templated":true}]}}