{"id":111813,"date":"2018-02-28T13:39:33","date_gmt":"2018-02-28T16:39:33","guid":{"rendered":"http:\/\/www.upla.cl\/noticias\/?p=111813"},"modified":"2018-02-28T13:39:33","modified_gmt":"2018-02-28T16:39:33","slug":"consejo-nacional-de-decanos-de-educacion-releva-importancia-de-la-ensenanza-de-la-filosofia-y-las-ciencias","status":"publish","type":"post","link":"https:\/\/upla.cl\/noticias\/2018\/02\/28\/consejo-nacional-de-decanos-de-educacion-releva-importancia-de-la-ensenanza-de-la-filosofia-y-las-ciencias\/","title":{"rendered":"Consejo Nacional de Decanos de Educaci\u00f3n releva importancia de la ense\u00f1anza de la filosof\u00eda y las ciencias"},"content":{"rendered":"<p><a href=\"https:\/\/www.upla.cl\/noticias\/wp-content\/uploads\/2018\/02\/Comunicado-CONFAUCE-Filosof\u00eda-y-Ciencia-270218.jpg\"><img loading=\"lazy\" decoding=\"async\" class=\"aligncenter wp-image-111814 size-full\" src=\"https:\/\/www.upla.cl\/noticias\/wp-content\/uploads\/2018\/02\/Comunicado-CONFAUCE-Filosof\u00eda-y-Ciencia-270218.jpg\" alt=\"\" width=\"1275\" height=\"1650\" srcset=\"https:\/\/upla.cl\/noticias\/wp-content\/uploads\/2018\/02\/Comunicado-CONFAUCE-Filosof\u00eda-y-Ciencia-270218.jpg 1275w, https:\/\/upla.cl\/noticias\/wp-content\/uploads\/2018\/02\/Comunicado-CONFAUCE-Filosof\u00eda-y-Ciencia-270218-232x300.jpg 232w, https:\/\/upla.cl\/noticias\/wp-content\/uploads\/2018\/02\/Comunicado-CONFAUCE-Filosof\u00eda-y-Ciencia-270218-768x994.jpg 768w, https:\/\/upla.cl\/noticias\/wp-content\/uploads\/2018\/02\/Comunicado-CONFAUCE-Filosof\u00eda-y-Ciencia-270218-791x1024.jpg 791w\" sizes=\"auto, (max-width: 1275px) 100vw, 1275px\" \/><\/a><\/p>\n","protected":false},"excerpt":{"rendered":"<p>En declaraci\u00f3n p\u00fablica, organismo, dependiente del Consejo Nacional de Rectores, destaca que ambas disciplinas son clave para el desarrollo del pensamiento cr\u00edtico, l\u00f3gico y cient\u00edfico.<\/p>\n","protected":false},"author":3,"featured_media":67298,"comment_status":"closed","ping_status":"closed","sticky":false,"template":"","format":"standard","meta":{"footnotes":""},"categories":[51,96,40,97,73],"tags":[],"class_list":["post-111813","post","type-post","status-publish","format-standard","has-post-thumbnail","","category-academia","category-academicos","category-destacados","category-estudiantes","category-facultad-de-ciencias-de-la-educacion"],"_links":{"self":[{"href":"https:\/\/upla.cl\/noticias\/wp-json\/wp\/v2\/posts\/111813","targetHints":{"allow":["GET"]}}],"collection":[{"href":"https:\/\/upla.cl\/noticias\/wp-json\/wp\/v2\/posts"}],"about":[{"href":"https:\/\/upla.cl\/noticias\/wp-json\/wp\/v2\/types\/post"}],"author":[{"embeddable":true,"href":"https:\/\/upla.cl\/noticias\/wp-json\/wp\/v2\/users\/3"}],"replies":[{"embeddable":true,"href":"https:\/\/upla.cl\/noticias\/wp-json\/wp\/v2\/comments?post=111813"}],"version-history":[{"count":0,"href":"https:\/\/upla.cl\/noticias\/wp-json\/wp\/v2\/posts\/111813\/revisions"}],"wp:featuredmedia":[{"embeddable":true,"href":"https:\/\/upla.cl\/noticias\/wp-json\/wp\/v2\/media\/67298"}],"wp:attachment":[{"href":"https:\/\/upla.cl\/noticias\/wp-json\/wp\/v2\/media?parent=111813"}],"wp:term":[{"taxonomy":"category","embeddable":true,"href":"https:\/\/upla.cl\/noticias\/wp-json\/wp\/v2\/categories?post=111813"},{"taxonomy":"post_tag","embeddable":true,"href":"https:\/\/upla.cl\/noticias\/wp-json\/wp\/v2\/tags?post=111813"}],"curies":[{"name":"wp","href":"https:\/\/api.w.org\/{rel}","templated":true}]}}