{"id":111891,"date":"2018-02-24T16:14:08","date_gmt":"2018-02-24T19:14:08","guid":{"rendered":"http:\/\/www.upla.cl\/noticias\/?p=111891"},"modified":"2018-03-06T16:23:30","modified_gmt":"2018-03-06T19:23:30","slug":"la-forma-de-caminar-determinante-para-nuestro-atractivo","status":"publish","type":"post","link":"https:\/\/upla.cl\/noticias\/2018\/02\/24\/la-forma-de-caminar-determinante-para-nuestro-atractivo\/","title":{"rendered":"La forma de caminar, determinante para nuestro atractivo"},"content":{"rendered":"<p>La comunicaci\u00f3n no verbal es determinante en nuestra forma de relacionarnos y, en este sentido, tambi\u00e9n la manera de caminar nos puede situar entre los m\u00e1s atractivos de nuestro entorno, seg\u00fan un estudio cient\u00edfico internacional desarrollado en Chile, Rusia y Alemania.<\/p>\n<p>Los resultados, publicados en la revista Frontiers in Psychology, se\u00f1alan que, pese a las diferencias culturales que existen entre los pa\u00edses del estudio, \u201cen todos los casos el patr\u00f3n de juicio de atractivo fue muy similar\u201d, indica el doctor en Biolog\u00eda Jos\u00e9 Antonio Mu\u00f1oz, investigador del Centro de Estudios Avanzados de la Universidad de Playa Ancha (UPLA). \u201cTal vez la principal raz\u00f3n se la debamos a nuestra propia biolog\u00eda primate, que privilegia la percepci\u00f3n visual por sobre la de los otros sentidos\u201d, apunta Mu\u00f1oz.<\/p>\n<p>Mu\u00f1oz agrega que, a la luz de estos resultados, las mujeres m\u00e1s que los hombres sienten la atracci\u00f3n por la forma de caminar de los fuertes. Esto, seg\u00fan el experto, responde a que, para el sexo femenino, \u201cla persona que camina de dicha manera posee un potencial biol\u00f3gico mejor que el de los dem\u00e1s, ya que es capaz de sobresalir frente a sus pares en t\u00e9rminos de dominaci\u00f3n social y salud. Es decir, es un portador de buenos genes y esto tiene coherencia desde el punto de vista biol\u00f3gico como se\u00f1al de atractivo\u201d.<\/p>\n<p>Aunque la investigaci\u00f3n no evalu\u00f3 las caracter\u00edsticas de modo de caminar, sino m\u00e1s bien la percepci\u00f3n, informa <a href=\"http:\/\/www.noticias24.com\/salud\/noticia\/54667\/por-que-la-forma-de-caminar-puede-aumentar-nuestro-atractivo\/\" target=\"_blank\" rel=\"noopener\">Noticias24.com<\/a>, Mu\u00f1oz sostiene que \u201cexisten otros estudios que se han centrado en evaluar posturas corporales en funci\u00f3n de su se\u00f1al agresiva. En este sentido, caminar con los brazos abiertos, con los hombros hacia atr\u00e1s y marcando los pasos, son se\u00f1ales intimidatorias\u201d.<\/p>\n<p>Fuente: <a href=\"https:\/\/www.cuatro.com\/noticias\/sociedad\/forma-caminar-estudio_0_2520525353.html\" target=\"_blank\" rel=\"noopener\">Noticias Cuatro de Espa\u00f1a<\/a>, publicado el 24 de febrero de 2018.<\/p>\n","protected":false},"excerpt":{"rendered":"<p>Fuente: Noticias Cuatro de Espa\u00f1a, publicado el 24 de febrero de 2018.<\/p>\n","protected":false},"author":2,"featured_media":83752,"comment_status":"closed","ping_status":"closed","sticky":false,"template":"","format":"standard","meta":{"footnotes":""},"categories":[96,62,43,45],"tags":[],"class_list":["post-111891","post","type-post","status-publish","format-standard","has-post-thumbnail","","category-academicos","category-cea","category-investigacion","category-upla-en-los-medios"],"_links":{"self":[{"href":"https:\/\/upla.cl\/noticias\/wp-json\/wp\/v2\/posts\/111891","targetHints":{"allow":["GET"]}}],"collection":[{"href":"https:\/\/upla.cl\/noticias\/wp-json\/wp\/v2\/posts"}],"about":[{"href":"https:\/\/upla.cl\/noticias\/wp-json\/wp\/v2\/types\/post"}],"author":[{"embeddable":true,"href":"https:\/\/upla.cl\/noticias\/wp-json\/wp\/v2\/users\/2"}],"replies":[{"embeddable":true,"href":"https:\/\/upla.cl\/noticias\/wp-json\/wp\/v2\/comments?post=111891"}],"version-history":[{"count":0,"href":"https:\/\/upla.cl\/noticias\/wp-json\/wp\/v2\/posts\/111891\/revisions"}],"wp:featuredmedia":[{"embeddable":true,"href":"https:\/\/upla.cl\/noticias\/wp-json\/wp\/v2\/media\/83752"}],"wp:attachment":[{"href":"https:\/\/upla.cl\/noticias\/wp-json\/wp\/v2\/media?parent=111891"}],"wp:term":[{"taxonomy":"category","embeddable":true,"href":"https:\/\/upla.cl\/noticias\/wp-json\/wp\/v2\/categories?post=111891"},{"taxonomy":"post_tag","embeddable":true,"href":"https:\/\/upla.cl\/noticias\/wp-json\/wp\/v2\/tags?post=111891"}],"curies":[{"name":"wp","href":"https:\/\/api.w.org\/{rel}","templated":true}]}}