{"id":113258,"date":"2018-04-18T17:15:08","date_gmt":"2018-04-18T20:15:08","guid":{"rendered":"http:\/\/www.upla.cl\/noticias\/?p=113258"},"modified":"2018-04-19T11:21:31","modified_gmt":"2018-04-19T14:21:31","slug":"upla-lidero-exitoso-operativo-de-salud-vocal","status":"publish","type":"post","link":"https:\/\/upla.cl\/noticias\/2018\/04\/18\/upla-lidero-exitoso-operativo-de-salud-vocal\/","title":{"rendered":"UPLA lider\u00f3 exitoso  operativo de salud vocal"},"content":{"rendered":"<p><a href=\"https:\/\/www.upla.cl\/noticias\/wp-content\/uploads\/2018\/04\/Operativo-Fonoaudiolog\u00eda-2.jpg\"><img loading=\"lazy\" decoding=\"async\" class=\"alignleft size-medium wp-image-113261\" src=\"https:\/\/www.upla.cl\/noticias\/wp-content\/uploads\/2018\/04\/Operativo-Fonoaudiolog\u00eda-2-300x226.jpg\" alt=\"\" width=\"300\" height=\"226\" srcset=\"https:\/\/upla.cl\/noticias\/wp-content\/uploads\/2018\/04\/Operativo-Fonoaudiolog\u00eda-2-300x226.jpg 300w, https:\/\/upla.cl\/noticias\/wp-content\/uploads\/2018\/04\/Operativo-Fonoaudiolog\u00eda-2.jpg 640w\" sizes=\"auto, (max-width: 300px) 100vw, 300px\" \/><\/a>M\u00e1s de 150 personas de distintas comunas de la regi\u00f3n, se atendieron en el tercer Operativo de salud vocal <strong>\u201cLaboratorio puertas abiertas\u201d<\/strong> y <strong>\u201cCircuito del cuidado vocal\u201d<\/strong>, que<br \/>\nrealiz\u00f3 la carrera de <a href=\"http:\/\/www.upla.cl\/cienciassalud\/category\/carreras-postgrados\/carreras\/\">Fonoaudiolog\u00eda<\/a> en el marco de la celebraci\u00f3n del\u00a0D\u00eda Mundial de la Voz.<\/p>\n<p>La coordinadora de la actividad, acad\u00e9mica <strong>Paulina Zavala Olivares,<\/strong> explic\u00f3 que la atenci\u00f3n consisti\u00f3 en entregar asistencia otorrinolarigol\u00f3gica y fonoaudiol\u00f3gica gratuita a todas las personas con sintomatolog\u00eda vocal o a quienes quer\u00edan conocer el estado de su aparato fonador.<\/p>\n<p>\u201cEsta campa\u00f1a fue todo un \u00e9xito, no solo porque vinieron mucho m\u00e1s personas de las que ten\u00edamos consideradas, sino tambi\u00e9n, porque en esta ocasi\u00f3n me acompa\u00f1aron las estudiantes de cuarto a\u00f1o, lo que signific\u00f3 trabajar en equipo. Ellas fueron un verdadero aporte\u201d, dijo la fonoaudi\u00f3loga y docente cl\u00ednica del Laboratorio de Voz, quien destac\u00f3 la participaci\u00f3n de la <strong>Dra. Alba Testart.<\/strong><\/p>\n<p>Agreg\u00f3 que la demanda por atenci\u00f3n fue tan alta, que hubo personas que en esta ocasi\u00f3n no lograron cupo para ser atendida. Ello, a pesar de que se extendieron todos los horarios acordados. Sin embargo, la profesional inst\u00f3 a las personas a estar alertas respecto del cuidado de su voz, pues siempre es conveniente descartar lesiones lar\u00edngeas o definir alguna otra dificultad de articulaci\u00f3n o uso de las cuerdas vocales.<\/p>\n<h5><strong>Opiniones<\/strong><\/h5>\n<p><strong><a href=\"https:\/\/www.upla.cl\/noticias\/wp-content\/uploads\/2018\/04\/Camila-Rivera.jpg\"><img loading=\"lazy\" decoding=\"async\" class=\"alignleft size-thumbnail wp-image-113262\" src=\"https:\/\/www.upla.cl\/noticias\/wp-content\/uploads\/2018\/04\/Camila-Rivera-150x150.jpg\" alt=\"\" width=\"150\" height=\"150\" \/><\/a>Camila Rivera Carrasset, estudiante de Fonoaudiolog\u00eda:<\/strong><\/p>\n<p>\u201cHaber tenido la posibilidad de participar como estudiante en este operativo, es algo que valoro mucho, porque es una oportunidad concreta de participar en los laboratorios y estar en contacto con los pacientes. Adem\u00e1s, ver el trabajo que realiza la fonoaudi\u00f3loga con el 0torrino, en conjunto, es muy valioso\u201d.<\/p>\n<p>&nbsp;<\/p>\n<p><strong><a href=\"https:\/\/www.upla.cl\/noticias\/wp-content\/uploads\/2018\/04\/Macarena-Correa.jpg\"><img loading=\"lazy\" decoding=\"async\" class=\"alignleft size-thumbnail wp-image-113263\" src=\"https:\/\/www.upla.cl\/noticias\/wp-content\/uploads\/2018\/04\/Macarena-Correa-150x150.jpg\" alt=\"\" width=\"150\" height=\"150\" \/><\/a>Macarena Correa Arist\u00eda, paciente:<\/strong><\/p>\n<p>\u201cVine a hacerme una evaluaci\u00f3n y despu\u00e9s vine a practicarme un examen, y me parece muy positivo que la universidad d\u00e9 esta oportunidad, porque es un evaluaci\u00f3n gratuita y profesional. Es decir, de especialistas en el tema de la voz, y me pareci\u00f3 fant\u00e1stico, porque me confirmaron un diagn\u00f3stico que me hab\u00edan dado\u201d.<\/p>\n<p>&nbsp;<\/p>\n<p><strong><a href=\"https:\/\/www.upla.cl\/noticias\/wp-content\/uploads\/2018\/04\/Catherine-Saavedra.jpg\"><img loading=\"lazy\" decoding=\"async\" class=\"alignleft size-thumbnail wp-image-113264\" src=\"https:\/\/www.upla.cl\/noticias\/wp-content\/uploads\/2018\/04\/Catherine-Saavedra-150x150.jpg\" alt=\"\" width=\"150\" height=\"150\" \/><\/a>Catherine Saavedra Quezada, paciente:<\/strong><\/p>\n<p>\u201cYo soy profesora y llegu\u00e9 aqu\u00ed por la sugerencia de una alumna de la fonoaudi\u00f3loga para una evaluaci\u00f3n. Finalmente, tengo una lesi\u00f3n en las cuerdas vocales que debo atender. Por eso valoro esta instancia, ya que me permiti\u00f3 confirmar que efectivamente tengo un diagn\u00f3stico que atender\u201d.<\/p>\n<div id='gallery-1' class='gallery galleryid-113258 gallery-columns-3 gallery-size-thumbnail'><figure class='gallery-item'>\n\t\t\t<div class='gallery-icon landscape'>\n\t\t\t\t<a href='https:\/\/upla.cl\/noticias\/wp-content\/uploads\/2018\/04\/Operativo-fonoaudiolog\u00eda-5.jpg'><img loading=\"lazy\" decoding=\"async\" width=\"150\" height=\"150\" src=\"https:\/\/upla.cl\/noticias\/wp-content\/uploads\/2018\/04\/Operativo-fonoaudiolog\u00eda-5-150x150.jpg\" class=\"attachment-thumbnail size-thumbnail\" alt=\"\" \/><\/a>\n\t\t\t<\/div><\/figure><figure class='gallery-item'>\n\t\t\t<div class='gallery-icon landscape'>\n\t\t\t\t<a href='https:\/\/upla.cl\/noticias\/wp-content\/uploads\/2018\/04\/Operativo-Fonoaudiolog\u00eda.jpg'><img loading=\"lazy\" decoding=\"async\" width=\"150\" height=\"150\" src=\"https:\/\/upla.cl\/noticias\/wp-content\/uploads\/2018\/04\/Operativo-Fonoaudiolog\u00eda-150x150.jpg\" class=\"attachment-thumbnail size-thumbnail\" alt=\"\" \/><\/a>\n\t\t\t<\/div><\/figure><figure class='gallery-item'>\n\t\t\t<div class='gallery-icon landscape'>\n\t\t\t\t<a href='https:\/\/upla.cl\/noticias\/wp-content\/uploads\/2018\/04\/Paulina-Zavala-y-Alba-Testart.jpg'><img loading=\"lazy\" decoding=\"async\" width=\"150\" height=\"150\" src=\"https:\/\/upla.cl\/noticias\/wp-content\/uploads\/2018\/04\/Paulina-Zavala-y-Alba-Testart-150x150.jpg\" class=\"attachment-thumbnail size-thumbnail\" alt=\"\" \/><\/a>\n\t\t\t<\/div><\/figure>\n\t\t<\/div>\n\n","protected":false},"excerpt":{"rendered":"<p>La carrera de Fonoaudiolog\u00eda realiz\u00f3 m\u00e1s de 150 atenciones, en el marco de la celebraci\u00f3n del\u00a0D\u00eda Mundial de la Voz.<\/p>\n","protected":false},"author":3,"featured_media":113261,"comment_status":"closed","ping_status":"closed","sticky":false,"template":"","format":"standard","meta":{"footnotes":""},"categories":[51,96,40,74],"tags":[],"class_list":["post-113258","post","type-post","status-publish","format-standard","has-post-thumbnail","","category-academia","category-academicos","category-destacados","category-facultad-de-ciencias-de-la-salud"],"_links":{"self":[{"href":"https:\/\/upla.cl\/noticias\/wp-json\/wp\/v2\/posts\/113258","targetHints":{"allow":["GET"]}}],"collection":[{"href":"https:\/\/upla.cl\/noticias\/wp-json\/wp\/v2\/posts"}],"about":[{"href":"https:\/\/upla.cl\/noticias\/wp-json\/wp\/v2\/types\/post"}],"author":[{"embeddable":true,"href":"https:\/\/upla.cl\/noticias\/wp-json\/wp\/v2\/users\/3"}],"replies":[{"embeddable":true,"href":"https:\/\/upla.cl\/noticias\/wp-json\/wp\/v2\/comments?post=113258"}],"version-history":[{"count":0,"href":"https:\/\/upla.cl\/noticias\/wp-json\/wp\/v2\/posts\/113258\/revisions"}],"wp:featuredmedia":[{"embeddable":true,"href":"https:\/\/upla.cl\/noticias\/wp-json\/wp\/v2\/media\/113261"}],"wp:attachment":[{"href":"https:\/\/upla.cl\/noticias\/wp-json\/wp\/v2\/media?parent=113258"}],"wp:term":[{"taxonomy":"category","embeddable":true,"href":"https:\/\/upla.cl\/noticias\/wp-json\/wp\/v2\/categories?post=113258"},{"taxonomy":"post_tag","embeddable":true,"href":"https:\/\/upla.cl\/noticias\/wp-json\/wp\/v2\/tags?post=113258"}],"curies":[{"name":"wp","href":"https:\/\/api.w.org\/{rel}","templated":true}]}}