{"id":113277,"date":"2018-04-18T18:24:24","date_gmt":"2018-04-18T21:24:24","guid":{"rendered":"http:\/\/www.upla.cl\/noticias\/?p=113277"},"modified":"2018-04-19T10:56:32","modified_gmt":"2018-04-19T13:56:32","slug":"nuevo-ascensor-de-casa-central-inicia-marcha-blanca","status":"publish","type":"post","link":"https:\/\/upla.cl\/noticias\/2018\/04\/18\/nuevo-ascensor-de-casa-central-inicia-marcha-blanca\/","title":{"rendered":"Nuevo ascensor de Casa Central inicia marcha blanca"},"content":{"rendered":"<p><a href=\"https:\/\/www.upla.cl\/noticias\/wp-content\/uploads\/2018\/04\/Entrega-de-ascensor.jpg\"><img loading=\"lazy\" decoding=\"async\" class=\"aligncenter size-full wp-image-113279\" src=\"https:\/\/www.upla.cl\/noticias\/wp-content\/uploads\/2018\/04\/Entrega-de-ascensor.jpg\" alt=\"\" width=\"640\" height=\"446\" srcset=\"https:\/\/upla.cl\/noticias\/wp-content\/uploads\/2018\/04\/Entrega-de-ascensor.jpg 640w, https:\/\/upla.cl\/noticias\/wp-content\/uploads\/2018\/04\/Entrega-de-ascensor-300x209.jpg 300w\" sizes=\"auto, (max-width: 640px) 100vw, 640px\" \/><\/a>El pr\u00f3ximo viernes 20 de abril, el tercer ascensor de Casa Central iniciar\u00e1 su funcionamiento, en el marco de la pol\u00edtica de inclusi\u00f3n de la universidad y con el af\u00e1n de descongestionar los ascensores emplazados en el hall del edificio.<\/p>\n<p>Lo anterior es posible, luego que la empresa ejecutora, <strong>Transve S.A.,<\/strong> entregara la obra terminada a la <a href=\"http:\/\/sitios.upla.cl\/infraestructura\/\"><strong>Direcci\u00f3n General de Infraestructura<\/strong><\/a> de nuestra casa de estudios, construcci\u00f3n que se ejecut\u00f3 por un financiamiento de un <strong>Proyecto FDI<\/strong>, liderado por la <a href=\"http:\/\/www.upla.cl\/inclusion\/\"><strong>Unidad de Inclusi\u00f3n<\/strong><\/a> de la universidad, en conjunto con la Vicerretor\u00eda de Desarrollo.<\/p>\n<p><strong>Exequiel Cortez, director de Mantenci\u00f3n y Planta F\u00edsica<\/strong> de la instituci\u00f3n, inform\u00f3 que la puesta en servicio y entrega para su uso a la comunidad universitaria, se fij\u00f3 para el pr\u00f3ximo viernes 20 de abril, a partir de las 11:00 horas.<\/p>\n<p><a href=\"https:\/\/www.upla.cl\/noticias\/wp-content\/uploads\/2018\/04\/Ascensor-7.jpg\"><img loading=\"lazy\" decoding=\"async\" class=\"alignright size-medium wp-image-113281\" src=\"https:\/\/www.upla.cl\/noticias\/wp-content\/uploads\/2018\/04\/Ascensor-7-300x232.jpg\" alt=\"\" width=\"300\" height=\"232\" srcset=\"https:\/\/upla.cl\/noticias\/wp-content\/uploads\/2018\/04\/Ascensor-7-300x232.jpg 300w, https:\/\/upla.cl\/noticias\/wp-content\/uploads\/2018\/04\/Ascensor-7.jpg 640w\" sizes=\"auto, (max-width: 300px) 100vw, 300px\" \/><\/a>Subray\u00f3, que este ascensor tiene caracter\u00edsticas de \u00abalto tr\u00e1fico\u00bb, por lo que puede ser utilizado por toda la comunidad. Sin embargo, enfatiz\u00f3 el inter\u00e9s primordial de este proyecto, que fue dar respuesta a las necesidades de los estudiantes en situaci\u00f3n de discapacidad y de movilidad reducida.<\/p>\n<p>\u201cEste ascensor tiene m\u00e1s tecnolog\u00eda y cumple con una normativa mucho m\u00e1s exigente. Entrar\u00e1 en operaciones el viernes, en un per\u00edodo de marcha blanca\u00a0por un par de semanas, para estar atentos a todos los ajustes que se requieran\u201d, dijo <strong>Cortez<\/strong>, quien hizo un llamado a la comunidad universitaria a cuidar y hacer un correcto uso de este ascensor, pues es un equipamiento que nos beneficia a todos.<\/p>\n<p><strong>Mar\u00eda Jos\u00e9 Maturana Otey, encargada de la Unidad de Inclusi\u00f3n<\/strong> de la universidad, destac\u00f3 el valor que tiene contar con un nuevo elevador, especialmente por el beneficio que significar\u00e1 para sus usuarios.<\/p>\n<p>\u201cEstamos muy contentos con la recepci\u00f3n de esta obra, porque sabemos lo necesaria que es, especialmente para los estudiantes de movilidad reducida. Ver que un proyecto pasa a ser una obra concreta, es algo muy significativo para nuestra unidad\u201d, dijo la profesional<strong>.<\/strong><\/p>\n<div id='gallery-1' class='gallery galleryid-113277 gallery-columns-3 gallery-size-thumbnail'><figure class='gallery-item'>\n\t\t\t<div class='gallery-icon landscape'>\n\t\t\t\t<a href='https:\/\/upla.cl\/noticias\/wp-content\/uploads\/2018\/04\/Ascensor-7-1.jpg'><img loading=\"lazy\" decoding=\"async\" width=\"150\" height=\"150\" src=\"https:\/\/upla.cl\/noticias\/wp-content\/uploads\/2018\/04\/Ascensor-7-1-150x150.jpg\" class=\"attachment-thumbnail size-thumbnail\" alt=\"\" \/><\/a>\n\t\t\t<\/div><\/figure><figure class='gallery-item'>\n\t\t\t<div class='gallery-icon landscape'>\n\t\t\t\t<a href='https:\/\/upla.cl\/noticias\/wp-content\/uploads\/2018\/04\/ascensor-9.jpg'><img loading=\"lazy\" decoding=\"async\" width=\"150\" height=\"150\" src=\"https:\/\/upla.cl\/noticias\/wp-content\/uploads\/2018\/04\/ascensor-9-150x150.jpg\" class=\"attachment-thumbnail size-thumbnail\" alt=\"\" \/><\/a>\n\t\t\t<\/div><\/figure><figure class='gallery-item'>\n\t\t\t<div class='gallery-icon landscape'>\n\t\t\t\t<a href='https:\/\/upla.cl\/noticias\/wp-content\/uploads\/2018\/04\/Ascensor-5.jpg'><img loading=\"lazy\" decoding=\"async\" width=\"150\" height=\"150\" src=\"https:\/\/upla.cl\/noticias\/wp-content\/uploads\/2018\/04\/Ascensor-5-150x150.jpg\" class=\"attachment-thumbnail size-thumbnail\" alt=\"\" \/><\/a>\n\t\t\t<\/div><\/figure>\n\t\t<\/div>\n\n","protected":false},"excerpt":{"rendered":"<p>Este viernes 20 de abril, a partir de las 11 horas, el tercer elevador de este edificio abrir\u00e1 sus puertas a la comunidad universitaria.<\/p>\n","protected":false},"author":3,"featured_media":113279,"comment_status":"closed","ping_status":"closed","sticky":false,"template":"","format":"standard","meta":{"footnotes":""},"categories":[40,122,102],"tags":[],"class_list":["post-113277","post","type-post","status-publish","format-standard","has-post-thumbnail","","category-destacados","category-inclusion","category-infraestructura"],"_links":{"self":[{"href":"https:\/\/upla.cl\/noticias\/wp-json\/wp\/v2\/posts\/113277","targetHints":{"allow":["GET"]}}],"collection":[{"href":"https:\/\/upla.cl\/noticias\/wp-json\/wp\/v2\/posts"}],"about":[{"href":"https:\/\/upla.cl\/noticias\/wp-json\/wp\/v2\/types\/post"}],"author":[{"embeddable":true,"href":"https:\/\/upla.cl\/noticias\/wp-json\/wp\/v2\/users\/3"}],"replies":[{"embeddable":true,"href":"https:\/\/upla.cl\/noticias\/wp-json\/wp\/v2\/comments?post=113277"}],"version-history":[{"count":0,"href":"https:\/\/upla.cl\/noticias\/wp-json\/wp\/v2\/posts\/113277\/revisions"}],"wp:featuredmedia":[{"embeddable":true,"href":"https:\/\/upla.cl\/noticias\/wp-json\/wp\/v2\/media\/113279"}],"wp:attachment":[{"href":"https:\/\/upla.cl\/noticias\/wp-json\/wp\/v2\/media?parent=113277"}],"wp:term":[{"taxonomy":"category","embeddable":true,"href":"https:\/\/upla.cl\/noticias\/wp-json\/wp\/v2\/categories?post=113277"},{"taxonomy":"post_tag","embeddable":true,"href":"https:\/\/upla.cl\/noticias\/wp-json\/wp\/v2\/tags?post=113277"}],"curies":[{"name":"wp","href":"https:\/\/api.w.org\/{rel}","templated":true}]}}