{"id":113359,"date":"2018-04-20T15:58:42","date_gmt":"2018-04-20T18:58:42","guid":{"rendered":"http:\/\/www.upla.cl\/noticias\/?p=113359"},"modified":"2019-05-28T18:55:26","modified_gmt":"2019-05-28T22:55:26","slug":"directores-de-bibliotecas-del-cruch-avanzan-en-actualizacion-de-estandares","status":"publish","type":"post","link":"https:\/\/upla.cl\/noticias\/2018\/04\/20\/directores-de-bibliotecas-del-cruch-avanzan-en-actualizacion-de-estandares\/","title":{"rendered":"Directores de bibliotecas del CRUCH avanzan en actualizaci\u00f3n de est\u00e1ndares"},"content":{"rendered":"<p><a href=\"https:\/\/www.upla.cl\/noticias\/wp-content\/uploads\/2018\/04\/cabid_sibupla5.jpg\"><img loading=\"lazy\" decoding=\"async\" class=\"alignright size-medium wp-image-113371\" src=\"https:\/\/www.upla.cl\/noticias\/wp-content\/uploads\/2018\/04\/cabid_sibupla5-300x199.jpg\" alt=\"\" width=\"300\" height=\"199\" srcset=\"https:\/\/upla.cl\/noticias\/wp-content\/uploads\/2018\/04\/cabid_sibupla5-300x199.jpg 300w, https:\/\/upla.cl\/noticias\/wp-content\/uploads\/2018\/04\/cabid_sibupla5-310x205.jpg 310w, https:\/\/upla.cl\/noticias\/wp-content\/uploads\/2018\/04\/cabid_sibupla5.jpg 640w\" sizes=\"auto, (max-width: 300px) 100vw, 300px\" \/><\/a>En los \u00faltimos detalles de la propuesta de nuevos est\u00e1ndares para bibliotecas universitarias chilenas trabaj\u00f3 la <a href=\"http:\/\/cabid.cl\/\" target=\"_blank\" rel=\"noopener\"><strong>Comisi\u00f3n de Directores de Bibliotecas de las Universidades del Consejo de Rectores (CABID)<\/strong><\/a> que se reuni\u00f3 de manera extraordinaria los d\u00edas 18 y 19 de abril en la Universidad de Playa Ancha.<\/p>\n<p>Con una excelente convocatoria que congreg\u00f3 a los 27 representantes de casas de estudios de todo el pa\u00eds, se continu\u00f3 con el trabajo que vienen desarrollando desde 2017 con el objeto de actualizar su hoja de ruta.<\/p>\n<p><a href=\"https:\/\/www.upla.cl\/noticias\/wp-content\/uploads\/2018\/04\/cabid_sibupla4.jpg\"><img loading=\"lazy\" decoding=\"async\" class=\"alignright size-medium wp-image-113370\" src=\"https:\/\/www.upla.cl\/noticias\/wp-content\/uploads\/2018\/04\/cabid_sibupla4-300x199.jpg\" alt=\"\" width=\"300\" height=\"199\" srcset=\"https:\/\/upla.cl\/noticias\/wp-content\/uploads\/2018\/04\/cabid_sibupla4-300x199.jpg 300w, https:\/\/upla.cl\/noticias\/wp-content\/uploads\/2018\/04\/cabid_sibupla4-310x205.jpg 310w, https:\/\/upla.cl\/noticias\/wp-content\/uploads\/2018\/04\/cabid_sibupla4.jpg 640w\" sizes=\"auto, (max-width: 300px) 100vw, 300px\" \/><\/a>La anfitriona de la jornada, <strong>Mag. Carmen Gloria Arlegui Mu\u00f1oz<\/strong>, manifest\u00f3 su alegr\u00eda por contar con la totalidad de los integrantes de CABID, entre ellas a las dos universidades nuevas como son Ays\u00e9n y O\u2019 Higgins, y as\u00ed continuar con la elaboraci\u00f3n de la propuesta que ser\u00e1 presentada a los rectores pr\u00f3ximamente.<\/p>\n<p>En la jornada inaugural el <strong>rector de la Universidad de Playa Ancha, Patricio Sanhueza Vivanco<\/strong>, agradeci\u00f3 el trabajo que realizan los directores de bibliotecas en pro de apoyar el proceso de aprendizaje de miles de j\u00f3venes en todo el pa\u00eds.<\/p>\n<h5><strong>Sesi\u00f3n extraordinaria<\/strong><\/h5>\n<p><strong><a href=\"https:\/\/www.upla.cl\/noticias\/wp-content\/uploads\/2018\/04\/cabid_hectorgarcia_userena.jpg\"><img loading=\"lazy\" decoding=\"async\" class=\"alignright size-thumbnail wp-image-113364\" src=\"https:\/\/www.upla.cl\/noticias\/wp-content\/uploads\/2018\/04\/cabid_hectorgarcia_userena-150x150.jpg\" alt=\"\" width=\"150\" height=\"150\" \/><\/a>H\u00e9ctor Garc\u00eda Leal<\/strong> de la <a href=\"http:\/\/www.userena.cl\/\" target=\"_blank\" rel=\"noopener\">Universidad de La Serena<\/a> e integrante del directorio de CABID explic\u00f3 que trabajaron en una propuesta nueva de est\u00e1ndares, ya que los \u00faltimos datan del 2003, que est\u00e9n relacionados con l\u00edneas de acreditaci\u00f3n apostando por la evaluaci\u00f3n de los resultados \u201cigual como lo solicitan las acreditaciones para las carreras y universidades. De esa forma las bibliotecas se van a poner a la par de las l\u00edneas de acreditaci\u00f3n que pide la Comisi\u00f3n Nacional de Acreditaci\u00f3n y van a estar alineadas con la mejora continua y con la calidad en los procesos. As\u00ed las bibliotecas tambi\u00e9n generar\u00e1n un aporte significativo en las \u00e1reas de docencia de pregrado y postgrado, investigaci\u00f3n y vinculaci\u00f3n con el medio\u201d.<\/p>\n<p>El directivo agreg\u00f3 que dentro de los nuevos est\u00e1ndares se incorporar\u00e1 el concepto de inclusi\u00f3n para que las bibliotecas avancen en este aspecto pensando en la diversidad de sus usuarios y as\u00ed mejorar las condiciones para el aprendizaje de cada uno de ellos.<\/p>\n<p><strong><a href=\"https:\/\/www.upla.cl\/noticias\/wp-content\/uploads\/2018\/04\/cabid_evelyndidier_puc.jpg\"><img loading=\"lazy\" decoding=\"async\" class=\"alignleft size-thumbnail wp-image-113362\" src=\"https:\/\/www.upla.cl\/noticias\/wp-content\/uploads\/2018\/04\/cabid_evelyndidier_puc-150x150.jpg\" alt=\"\" width=\"150\" height=\"150\" \/><\/a>Evelyn Didier<\/strong> de la <a href=\"http:\/\/www.uc.cl\/\" target=\"_blank\" rel=\"noopener\">Pontificia Universidad Cat\u00f3lica de Chile<\/a> expres\u00f3 que este trabajo conjunto apunta a mejorar la calidad de la educaci\u00f3n superior. \u201cNuestra \u00e1rea est\u00e1 en permanente cambio, las funciones de las bibliotecas universitarias se han expandido desde el 2003. Hoy estamos en un nivel muy exigente de ampliaci\u00f3n de funciones para la universidad en el entorno digital, cambi\u00f3 la biblioteca en el entorno digital. Antes nuestro centro era las colecciones luego pasaron a ser los servicios y hoy d\u00eda es ser parte de la comunidad del conocimiento. El desaf\u00edo para los directivos de bibliotecas universitarias es liderar ese cambio y poder generar condiciones para que pueda ocurrir\u201d.<\/p>\n<p>La pr\u00f3xima reuni\u00f3n extraordinaria se realizar\u00e1 en la <a href=\"http:\/\/www.ufro.cl\/\" target=\"_blank\" rel=\"noopener\">Universidad de La Frontera<\/a>, sede Puc\u00f3n, el 7 y 8 de junio para sancionar tareas por regi\u00f3n e iniciar la redacci\u00f3n del documento final para presentarlo al CRUCH.<\/p>\n<h5><strong>Egresados UPLA lideran bibliotecas de universidades en O\u2019 Higgins y Ays\u00e9n<\/strong><\/h5>\n<p>Formados en la <strong>carrera de Bibliotecolog\u00eda<\/strong> de la <a href=\"http:\/\/www.upla.cl\/csociales\/\">Facultad de Ciencias Sociales<\/a>, dos profesionales contribuyen con su labor en los planteles creados recientemente:<\/p>\n<p><strong><a href=\"https:\/\/www.upla.cl\/noticias\/wp-content\/uploads\/2018\/04\/cabid_pablolivares_uaysen.jpg\"><img loading=\"lazy\" decoding=\"async\" class=\"alignright size-thumbnail wp-image-113365\" src=\"https:\/\/www.upla.cl\/noticias\/wp-content\/uploads\/2018\/04\/cabid_pablolivares_uaysen-150x150.jpg\" alt=\"\" width=\"150\" height=\"150\" \/><\/a>Pablo Olivares, <a href=\"http:\/\/www.uaysen.cl\/\" target=\"_blank\" rel=\"noopener\">Universidad de Ays\u00e9n<\/a><\/strong>: \u201cPara nosotros es muy relevante participar en estas instancias, como universidad estatal, queremos seguir la tendencia y estar a la par de las dem\u00e1s universidades. Nuestra biblioteca es peque\u00f1a, tiene un universo de 218 estudiantes, pero se est\u00e1n implementando todos los servicios que deber\u00eda tener. Es una biblioteca que est\u00e1 en proceso de crecimiento, actualmente esperamos mantener estanter\u00eda abierta para que nuestros estudiantes tengan una conexi\u00f3n real con los libros. Nuestro desaf\u00edo para este a\u00f1o es salir a la red, que el portal de bibliotecas de la U. de Ays\u00e9n tenga acceso online desde afuera\u201d.<\/p>\n<p><strong><a href=\"https:\/\/www.upla.cl\/noticias\/wp-content\/uploads\/2018\/04\/cabid_pauladiaz_uohiggins.jpg\"><img loading=\"lazy\" decoding=\"async\" class=\"alignleft size-thumbnail wp-image-113366\" src=\"https:\/\/www.upla.cl\/noticias\/wp-content\/uploads\/2018\/04\/cabid_pauladiaz_uohiggins-150x150.jpg\" alt=\"\" width=\"150\" height=\"150\" \/><\/a>Paula D\u00edaz Fuentes, <a href=\"https:\/\/www.uoh.cl\/\" target=\"_blank\" rel=\"noopener\">Universidad de O\u2019 Higgins<\/a><\/strong>: \u201cEstas reuniones nos permiten mantenernos actualizados respecto lo que se est\u00e1 conversando en bibliotecas universitarias del pa\u00eds. Nosotros tenemos 1350 estudiantes en 20 carreras m\u00e1s 7 nuevas que se comenzaron a impartir este a\u00f1o lo que ha sido un proyecto muy bien recibido por la comunidad. Esperamos en el menor tiempo posible contar con servicios que ya existen en las otras bibliotecas universitarias y poder cumplir las expectativas y necesidades de nuestros estudiantes\u201d.<\/p>\n<p><a href=\"https:\/\/www.upla.cl\/noticias\/wp-content\/uploads\/2018\/04\/cabid_gabrielaortuzar_uchile.jpg\"><img loading=\"lazy\" decoding=\"async\" class=\"alignright size-thumbnail wp-image-113363\" src=\"https:\/\/www.upla.cl\/noticias\/wp-content\/uploads\/2018\/04\/cabid_gabrielaortuzar_uchile-150x150.jpg\" alt=\"\" width=\"150\" height=\"150\" \/><\/a>La incorporaci\u00f3n de estas casas de estudio es visto con mucho entusiasmo por los integrantes de CABID. Una de sus fundadoras, <strong>Gabriela Ort\u00fazar<\/strong> de la <a href=\"http:\/\/www.uchile.cl\" target=\"_blank\" rel=\"noopener\">Universidad de Chile<\/a>, recalc\u00f3 que es \u201cun gran logro haber logrado la creaci\u00f3n de estas dos nuevas universidades p\u00fablicas y es muy gratificante contribuir a su crecimiento y desarrollo. Estamos muy dispuestos a apoyarlos y a compartir nuestras experiencias. M\u00e1s a\u00fan en estas instancias donde trabajamos en conjunto en torno al mejoramiento de la gesti\u00f3n de las bibliotecas universitarias, la definici\u00f3n de est\u00e1ndares y de indicadores de calidad para mejorar lo que se hace habitualmente aparte de nuestras funciones y servicios. Adem\u00e1s de definir lineamientos que puedan servir para otras instituciones o bibliotecas como base para su acreditaci\u00f3n y evaluaci\u00f3n de los servicios que otorga\u201d.<\/p>\n","protected":false},"excerpt":{"rendered":"<p>CABID se reuni\u00f3 de manera extraordinaria los d\u00edas 18 y 19 de abril en la Universidad de Playa Ancha.<\/p>\n","protected":false},"author":2,"featured_media":113372,"comment_status":"closed","ping_status":"closed","sticky":false,"template":"","format":"standard","meta":{"footnotes":""},"categories":[51,40,98,178,139,113,91],"tags":[],"class_list":["post-113359","post","type-post","status-publish","format-standard","has-post-thumbnail","","category-academia","category-destacados","category-gestion","category-rectoria","category-sibupla","category-universidades-en-red","category-vinculacion-con-el-medio"],"_links":{"self":[{"href":"https:\/\/upla.cl\/noticias\/wp-json\/wp\/v2\/posts\/113359","targetHints":{"allow":["GET"]}}],"collection":[{"href":"https:\/\/upla.cl\/noticias\/wp-json\/wp\/v2\/posts"}],"about":[{"href":"https:\/\/upla.cl\/noticias\/wp-json\/wp\/v2\/types\/post"}],"author":[{"embeddable":true,"href":"https:\/\/upla.cl\/noticias\/wp-json\/wp\/v2\/users\/2"}],"replies":[{"embeddable":true,"href":"https:\/\/upla.cl\/noticias\/wp-json\/wp\/v2\/comments?post=113359"}],"version-history":[{"count":0,"href":"https:\/\/upla.cl\/noticias\/wp-json\/wp\/v2\/posts\/113359\/revisions"}],"wp:featuredmedia":[{"embeddable":true,"href":"https:\/\/upla.cl\/noticias\/wp-json\/wp\/v2\/media\/113372"}],"wp:attachment":[{"href":"https:\/\/upla.cl\/noticias\/wp-json\/wp\/v2\/media?parent=113359"}],"wp:term":[{"taxonomy":"category","embeddable":true,"href":"https:\/\/upla.cl\/noticias\/wp-json\/wp\/v2\/categories?post=113359"},{"taxonomy":"post_tag","embeddable":true,"href":"https:\/\/upla.cl\/noticias\/wp-json\/wp\/v2\/tags?post=113359"}],"curies":[{"name":"wp","href":"https:\/\/api.w.org\/{rel}","templated":true}]}}