{"id":115064,"date":"2018-06-01T08:45:51","date_gmt":"2018-06-01T12:45:51","guid":{"rendered":"http:\/\/www.upla.cl\/noticias\/?p=115064"},"modified":"2018-06-21T15:42:58","modified_gmt":"2018-06-21T19:42:58","slug":"20-de-junio-economia-politica-urbana-y-ciudadania-el-derecho-a-la-ciudad-en-las-ciudades-portuarias","status":"publish","type":"post","link":"https:\/\/upla.cl\/noticias\/2018\/06\/01\/20-de-junio-economia-politica-urbana-y-ciudadania-el-derecho-a-la-ciudad-en-las-ciudades-portuarias\/","title":{"rendered":"20 de junio: \u201cEconom\u00eda pol\u00edtica urbana y ciudadan\u00eda: El derecho a la ciudad en las ciudades portuarias\u201d"},"content":{"rendered":"<p><a href=\"https:\/\/www.upla.cl\/noticias\/wp-content\/uploads\/2018\/06\/Invitaci\u00f3n.jpg\"><img loading=\"lazy\" decoding=\"async\" class=\"aligncenter size-full wp-image-115065\" src=\"https:\/\/www.upla.cl\/noticias\/wp-content\/uploads\/2018\/06\/Invitaci\u00f3n.jpg\" alt=\"\" width=\"800\" height=\"814\" srcset=\"https:\/\/upla.cl\/noticias\/wp-content\/uploads\/2018\/06\/Invitaci\u00f3n.jpg 800w, https:\/\/upla.cl\/noticias\/wp-content\/uploads\/2018\/06\/Invitaci\u00f3n-295x300.jpg 295w, https:\/\/upla.cl\/noticias\/wp-content\/uploads\/2018\/06\/Invitaci\u00f3n-768x781.jpg 768w\" sizes=\"auto, (max-width: 800px) 100vw, 800px\" \/><\/a><\/p>\n<p><a href=\"https:\/\/www.upla.cl\/noticias\/wp-content\/uploads\/2018\/06\/Programa.docx\"><strong>Revisar programa aqu\u00ed<\/strong><\/a><\/p>\n","protected":false},"excerpt":{"rendered":"<p>Evento se realizar\u00e1  entre las 18:00 y 21:00 horas en Sal\u00f3n de Honor del municipio de Valpara\u00edso (Calle Condell 1490, piso 2, edificio Consistorial).<\/p>\n","protected":false},"author":10,"featured_media":115065,"comment_status":"closed","ping_status":"closed","sticky":false,"template":"","format":"standard","meta":{"footnotes":""},"categories":[76,91],"tags":[],"class_list":["post-115064","post","type-post","status-publish","format-standard","has-post-thumbnail","","category-facultad-de-ciencias-sociales","category-vinculacion-con-el-medio"],"_links":{"self":[{"href":"https:\/\/upla.cl\/noticias\/wp-json\/wp\/v2\/posts\/115064","targetHints":{"allow":["GET"]}}],"collection":[{"href":"https:\/\/upla.cl\/noticias\/wp-json\/wp\/v2\/posts"}],"about":[{"href":"https:\/\/upla.cl\/noticias\/wp-json\/wp\/v2\/types\/post"}],"author":[{"embeddable":true,"href":"https:\/\/upla.cl\/noticias\/wp-json\/wp\/v2\/users\/10"}],"replies":[{"embeddable":true,"href":"https:\/\/upla.cl\/noticias\/wp-json\/wp\/v2\/comments?post=115064"}],"version-history":[{"count":0,"href":"https:\/\/upla.cl\/noticias\/wp-json\/wp\/v2\/posts\/115064\/revisions"}],"wp:featuredmedia":[{"embeddable":true,"href":"https:\/\/upla.cl\/noticias\/wp-json\/wp\/v2\/media\/115065"}],"wp:attachment":[{"href":"https:\/\/upla.cl\/noticias\/wp-json\/wp\/v2\/media?parent=115064"}],"wp:term":[{"taxonomy":"category","embeddable":true,"href":"https:\/\/upla.cl\/noticias\/wp-json\/wp\/v2\/categories?post=115064"},{"taxonomy":"post_tag","embeddable":true,"href":"https:\/\/upla.cl\/noticias\/wp-json\/wp\/v2\/tags?post=115064"}],"curies":[{"name":"wp","href":"https:\/\/api.w.org\/{rel}","templated":true}]}}