{"id":115152,"date":"2018-06-01T08:48:25","date_gmt":"2018-06-01T12:48:25","guid":{"rendered":"http:\/\/www.upla.cl\/noticias\/?p=115152"},"modified":"2018-06-19T23:55:02","modified_gmt":"2018-06-20T03:55:02","slug":"19-de-junio-seminario-sobre-igualdad-de-genero-en-educacion-superior","status":"publish","type":"post","link":"https:\/\/upla.cl\/noticias\/2018\/06\/01\/19-de-junio-seminario-sobre-igualdad-de-genero-en-educacion-superior\/","title":{"rendered":"19 de junio: Seminario sobre Igualdad de G\u00e9nero en Educaci\u00f3n Superior"},"content":{"rendered":"<p><a href=\"https:\/\/www.upla.cl\/noticias\/wp-content\/uploads\/2018\/06\/Invitacio\u0301n-Seminario-Poli\u0301ticas-Igualdad-de-Ge\u0301nero-e1529009792223.jpg\"><img loading=\"lazy\" decoding=\"async\" class=\"aligncenter size-full wp-image-115153\" src=\"https:\/\/www.upla.cl\/noticias\/wp-content\/uploads\/2018\/06\/Invitacio\u0301n-Seminario-Poli\u0301ticas-Igualdad-de-Ge\u0301nero-e1529009792223.jpg\" alt=\"\" width=\"900\" height=\"565\" \/><\/a><\/p>\n<p>&nbsp;<\/p>\n<p>&nbsp;<\/p>\n<p><a href=\"https:\/\/www.upla.cl\/noticias\/?attachment_id=115156\">Descargar programa aqu\u00ed<\/a><\/p>\n","protected":false},"excerpt":{"rendered":"<p>\u00abBrechas y Pol\u00edticas de Igualdad de G\u00e9nero en la Educaci\u00f3n Superior y otros sectores del pa\u00eds\u00bb es el nombre del seminario que se realizar\u00e1 de 9 a 14 horas en la Sala de Lectura de la Biblioteca del Congreso Nacional de Valpara\u00edso. <\/p>\n","protected":false},"author":11,"featured_media":115153,"comment_status":"closed","ping_status":"closed","sticky":false,"template":"","format":"standard","meta":{"footnotes":""},"categories":[96,97,122,113],"tags":[],"class_list":["post-115152","post","type-post","status-publish","format-standard","has-post-thumbnail","","category-academicos","category-estudiantes","category-inclusion","category-universidades-en-red"],"_links":{"self":[{"href":"https:\/\/upla.cl\/noticias\/wp-json\/wp\/v2\/posts\/115152","targetHints":{"allow":["GET"]}}],"collection":[{"href":"https:\/\/upla.cl\/noticias\/wp-json\/wp\/v2\/posts"}],"about":[{"href":"https:\/\/upla.cl\/noticias\/wp-json\/wp\/v2\/types\/post"}],"author":[{"embeddable":true,"href":"https:\/\/upla.cl\/noticias\/wp-json\/wp\/v2\/users\/11"}],"replies":[{"embeddable":true,"href":"https:\/\/upla.cl\/noticias\/wp-json\/wp\/v2\/comments?post=115152"}],"version-history":[{"count":0,"href":"https:\/\/upla.cl\/noticias\/wp-json\/wp\/v2\/posts\/115152\/revisions"}],"wp:featuredmedia":[{"embeddable":true,"href":"https:\/\/upla.cl\/noticias\/wp-json\/wp\/v2\/media\/115153"}],"wp:attachment":[{"href":"https:\/\/upla.cl\/noticias\/wp-json\/wp\/v2\/media?parent=115152"}],"wp:term":[{"taxonomy":"category","embeddable":true,"href":"https:\/\/upla.cl\/noticias\/wp-json\/wp\/v2\/categories?post=115152"},{"taxonomy":"post_tag","embeddable":true,"href":"https:\/\/upla.cl\/noticias\/wp-json\/wp\/v2\/tags?post=115152"}],"curies":[{"name":"wp","href":"https:\/\/api.w.org\/{rel}","templated":true}]}}