{"id":118688,"date":"2018-11-08T14:30:25","date_gmt":"2018-11-08T17:30:25","guid":{"rendered":"http:\/\/www.upla.cl\/noticias\/?p=118688"},"modified":"2018-11-08T14:30:25","modified_gmt":"2018-11-08T17:30:25","slug":"el-humor-es-la-piedra-angular-de-mi-vida","status":"publish","type":"post","link":"https:\/\/upla.cl\/noticias\/2018\/11\/08\/el-humor-es-la-piedra-angular-de-mi-vida\/","title":{"rendered":"\u201cEl humor es la piedra angular de mi vida\u201d"},"content":{"rendered":"<p><a href=\"https:\/\/www.upla.cl\/noticias\/wp-content\/uploads\/2018\/11\/Charla-Oscarito-Teleton20.jpg\"><img loading=\"lazy\" decoding=\"async\" class=\"aligncenter size-full wp-image-118702\" src=\"https:\/\/www.upla.cl\/noticias\/wp-content\/uploads\/2018\/11\/Charla-Oscarito-Teleton20.jpg\" alt=\"\" width=\"640\" height=\"426\" srcset=\"https:\/\/upla.cl\/noticias\/wp-content\/uploads\/2018\/11\/Charla-Oscarito-Teleton20.jpg 640w, https:\/\/upla.cl\/noticias\/wp-content\/uploads\/2018\/11\/Charla-Oscarito-Teleton20-300x200.jpg 300w, https:\/\/upla.cl\/noticias\/wp-content\/uploads\/2018\/11\/Charla-Oscarito-Teleton20-310x205.jpg 310w\" sizes=\"auto, (max-width: 640px) 100vw, 640px\" \/><\/a>Historias de vida, testimonios de superaci\u00f3n e inclusi\u00f3n, adem\u00e1s de muchas risas,fue lo que entreg\u00f3 el animador y comediante, <strong>\u00d3scar \u00c1lvarez,<\/strong> <strong>\u201cOscarito\u201d<\/strong> en nuestra universidad, donde imparti\u00f3 la charla \u00abRisas que Rehabilitan\u00bb.<\/p>\n<p>El encuentro que reuni\u00f3 a estudiantes, funcionarios y acad\u00e9micos, se enmarca en su papel como embajador de la campa\u00f1a <a href=\"https:\/\/www.teleton.cl\/\" target=\"_blank\" rel=\"noopener\"><strong>Telet\u00f3n 2018 \u201cEl Regalo de Todos\u201d<\/strong><\/a> lo que incluye charlas motivacionales en diferentes instituciones que resaltan el tema de la inclusi\u00f3n y el trabajo que se debe realizar para cumplir las metas personales: \u201cEsta charla promueve una palabra muy linda, inclusi\u00f3n. Para m\u00ed es muy reconfortante que las universidades, entre ellas la <a href=\"http:\/\/www.upla.cl\/portada\/\"><strong>UPLA,<\/strong><\/a> abran sus puertas para que una persona con discapacidad pueda hablar de los logros y reflejar que, a pesar de eso, cualquier de nosotros puede cumplir sus metas\u201d.<\/p>\n<p><a href=\"https:\/\/www.upla.cl\/noticias\/wp-content\/uploads\/2018\/11\/Charla-Oscarito-Teleton07.jpg\"><img loading=\"lazy\" decoding=\"async\" class=\"alignright size-medium wp-image-118693\" src=\"https:\/\/www.upla.cl\/noticias\/wp-content\/uploads\/2018\/11\/Charla-Oscarito-Teleton07-300x200.jpg\" alt=\"\" width=\"300\" height=\"200\" srcset=\"https:\/\/upla.cl\/noticias\/wp-content\/uploads\/2018\/11\/Charla-Oscarito-Teleton07-300x200.jpg 300w, https:\/\/upla.cl\/noticias\/wp-content\/uploads\/2018\/11\/Charla-Oscarito-Teleton07.jpg 640w\" sizes=\"auto, (max-width: 300px) 100vw, 300px\" \/><\/a>Respecto de su veta humor\u00edstica, el comediante explic\u00f3 que viene desde su familia, especialmente por sus padres y hermana, adem\u00e1s de haber sido uno de los rasgos de su personalidad que lo ayud\u00f3 a aceptarse: \u201cTuve un largo proceso de aceptaci\u00f3n y \u00e9sta aceptaci\u00f3n lleg\u00f3 de la mano de mi simpat\u00eda, no importa c\u00f3mo sean las personas, lo importante es ser \u00edntegro y tener una actitud positiva. El humor es la piedra angular de mi vida, y el humor que se vive en los pasillos de la centros de la Telet\u00f3n es impresionante\u201d.<\/p>\n<p>\u201cOscarito\u201d, de 39 a\u00f1os, relata que estuvo 18 a\u00f1os en rehabilitaci\u00f3n por su malformaci\u00f3n cong\u00e9nita, para luego someterse a cuatro operaciones para poder caminar y lograr su independencia y hoy, luego de haberla logrado, ya no se considera una persona con discapacidad, por lo tanto, se r\u00ede de <a href=\"https:\/\/www.upla.cl\/noticias\/wp-content\/uploads\/2018\/11\/Charla-Oscarito-Teleton54.jpg\"><img loading=\"lazy\" decoding=\"async\" class=\"alignleft size-medium wp-image-118704\" src=\"https:\/\/www.upla.cl\/noticias\/wp-content\/uploads\/2018\/11\/Charla-Oscarito-Teleton54-300x200.jpg\" alt=\"\" width=\"300\" height=\"200\" srcset=\"https:\/\/upla.cl\/noticias\/wp-content\/uploads\/2018\/11\/Charla-Oscarito-Teleton54-300x200.jpg 300w, https:\/\/upla.cl\/noticias\/wp-content\/uploads\/2018\/11\/Charla-Oscarito-Teleton54.jpg 640w\" sizes=\"auto, (max-width: 300px) 100vw, 300px\" \/><\/a>ella: \u201cEn mis rutinas molest\u00f3 a la discapacidad en s\u00ed, la discapacidad es no poder hacer algo y, en ese sentido, toda la persona que pisa esta tierra, en alg\u00fan grado, es discapacitado\u201d.<\/p>\n<p>\u201cMe gustar\u00eda que sobre todo los estudiantes comprendieran que no por tener un fracaso en alguna materia, deben desanimarse y echar sus carreras por la borda, por algo est\u00e1n en la universidad y deben seguir adelante, siempre motivados\u201d, finaliz\u00f3 el animador.<\/p>\n<p>&nbsp;<\/p>\n<p>&nbsp;<\/p>\n<h5><strong>Risas que rehabilitan\u00a0<\/strong><\/h5>\n<div id='gallery-1' class='gallery galleryid-118688 gallery-columns-2 gallery-size-medium'><figure class='gallery-item'>\n\t\t\t<div class='gallery-icon landscape'>\n\t\t\t\t<a href=\"https:\/\/upla.cl\/noticias\/wp-content\/uploads\/2018\/11\/Charla-Oscarito-Teleton39.jpg\"><img loading=\"lazy\" decoding=\"async\" width=\"300\" height=\"200\" src=\"https:\/\/upla.cl\/noticias\/wp-content\/uploads\/2018\/11\/Charla-Oscarito-Teleton39-300x200.jpg\" class=\"attachment-medium size-medium\" alt=\"\" srcset=\"https:\/\/upla.cl\/noticias\/wp-content\/uploads\/2018\/11\/Charla-Oscarito-Teleton39-300x200.jpg 300w, https:\/\/upla.cl\/noticias\/wp-content\/uploads\/2018\/11\/Charla-Oscarito-Teleton39.jpg 640w\" sizes=\"auto, (max-width: 300px) 100vw, 300px\" \/><\/a>\n\t\t\t<\/div><\/figure><figure class='gallery-item'>\n\t\t\t<div class='gallery-icon landscape'>\n\t\t\t\t<a href=\"https:\/\/upla.cl\/noticias\/wp-content\/uploads\/2018\/11\/Charla-Oscarito-Teleton60.jpg\"><img loading=\"lazy\" decoding=\"async\" width=\"300\" height=\"200\" src=\"https:\/\/upla.cl\/noticias\/wp-content\/uploads\/2018\/11\/Charla-Oscarito-Teleton60-300x200.jpg\" class=\"attachment-medium size-medium\" alt=\"\" srcset=\"https:\/\/upla.cl\/noticias\/wp-content\/uploads\/2018\/11\/Charla-Oscarito-Teleton60-300x200.jpg 300w, https:\/\/upla.cl\/noticias\/wp-content\/uploads\/2018\/11\/Charla-Oscarito-Teleton60.jpg 640w\" sizes=\"auto, (max-width: 300px) 100vw, 300px\" \/><\/a>\n\t\t\t<\/div><\/figure><figure class='gallery-item'>\n\t\t\t<div class='gallery-icon landscape'>\n\t\t\t\t<a href=\"https:\/\/upla.cl\/noticias\/wp-content\/uploads\/2018\/11\/Charla-Oscarito-Teleton46.jpg\"><img loading=\"lazy\" decoding=\"async\" width=\"300\" height=\"200\" src=\"https:\/\/upla.cl\/noticias\/wp-content\/uploads\/2018\/11\/Charla-Oscarito-Teleton46-300x200.jpg\" class=\"attachment-medium size-medium\" alt=\"\" srcset=\"https:\/\/upla.cl\/noticias\/wp-content\/uploads\/2018\/11\/Charla-Oscarito-Teleton46-300x200.jpg 300w, https:\/\/upla.cl\/noticias\/wp-content\/uploads\/2018\/11\/Charla-Oscarito-Teleton46.jpg 640w\" sizes=\"auto, (max-width: 300px) 100vw, 300px\" \/><\/a>\n\t\t\t<\/div><\/figure><figure class='gallery-item'>\n\t\t\t<div class='gallery-icon landscape'>\n\t\t\t\t<a href=\"https:\/\/upla.cl\/noticias\/wp-content\/uploads\/2018\/11\/Charla-Oscarito-Teleton42.jpg\"><img loading=\"lazy\" decoding=\"async\" width=\"300\" height=\"200\" src=\"https:\/\/upla.cl\/noticias\/wp-content\/uploads\/2018\/11\/Charla-Oscarito-Teleton42-300x200.jpg\" class=\"attachment-medium size-medium\" alt=\"\" srcset=\"https:\/\/upla.cl\/noticias\/wp-content\/uploads\/2018\/11\/Charla-Oscarito-Teleton42-300x200.jpg 300w, https:\/\/upla.cl\/noticias\/wp-content\/uploads\/2018\/11\/Charla-Oscarito-Teleton42.jpg 640w\" sizes=\"auto, (max-width: 300px) 100vw, 300px\" \/><\/a>\n\t\t\t<\/div><\/figure><figure class='gallery-item'>\n\t\t\t<div class='gallery-icon landscape'>\n\t\t\t\t<a href=\"https:\/\/upla.cl\/noticias\/wp-content\/uploads\/2018\/11\/Charla-Oscarito-Teleton40.jpg\"><img loading=\"lazy\" decoding=\"async\" width=\"300\" height=\"200\" src=\"https:\/\/upla.cl\/noticias\/wp-content\/uploads\/2018\/11\/Charla-Oscarito-Teleton40-300x200.jpg\" class=\"attachment-medium size-medium\" alt=\"\" srcset=\"https:\/\/upla.cl\/noticias\/wp-content\/uploads\/2018\/11\/Charla-Oscarito-Teleton40-300x200.jpg 300w, https:\/\/upla.cl\/noticias\/wp-content\/uploads\/2018\/11\/Charla-Oscarito-Teleton40.jpg 640w\" sizes=\"auto, (max-width: 300px) 100vw, 300px\" \/><\/a>\n\t\t\t<\/div><\/figure><figure class='gallery-item'>\n\t\t\t<div class='gallery-icon landscape'>\n\t\t\t\t<a href=\"https:\/\/upla.cl\/noticias\/wp-content\/uploads\/2018\/11\/Charla-Oscarito-Teleton17.jpg\"><img loading=\"lazy\" decoding=\"async\" width=\"300\" height=\"200\" src=\"https:\/\/upla.cl\/noticias\/wp-content\/uploads\/2018\/11\/Charla-Oscarito-Teleton17-300x200.jpg\" class=\"attachment-medium size-medium\" alt=\"\" srcset=\"https:\/\/upla.cl\/noticias\/wp-content\/uploads\/2018\/11\/Charla-Oscarito-Teleton17-300x200.jpg 300w, https:\/\/upla.cl\/noticias\/wp-content\/uploads\/2018\/11\/Charla-Oscarito-Teleton17.jpg 640w\" sizes=\"auto, (max-width: 300px) 100vw, 300px\" \/><\/a>\n\t\t\t<\/div><\/figure><figure class='gallery-item'>\n\t\t\t<div class='gallery-icon landscape'>\n\t\t\t\t<a href=\"https:\/\/upla.cl\/noticias\/wp-content\/uploads\/2018\/11\/Charla-Oscarito-Teleton12.jpg\"><img loading=\"lazy\" decoding=\"async\" width=\"300\" height=\"200\" src=\"https:\/\/upla.cl\/noticias\/wp-content\/uploads\/2018\/11\/Charla-Oscarito-Teleton12-300x200.jpg\" class=\"attachment-medium size-medium\" alt=\"\" srcset=\"https:\/\/upla.cl\/noticias\/wp-content\/uploads\/2018\/11\/Charla-Oscarito-Teleton12-300x200.jpg 300w, https:\/\/upla.cl\/noticias\/wp-content\/uploads\/2018\/11\/Charla-Oscarito-Teleton12.jpg 640w\" sizes=\"auto, (max-width: 300px) 100vw, 300px\" \/><\/a>\n\t\t\t<\/div><\/figure><figure class='gallery-item'>\n\t\t\t<div class='gallery-icon landscape'>\n\t\t\t\t<a href=\"https:\/\/upla.cl\/noticias\/wp-content\/uploads\/2018\/11\/Charla-Oscarito-Teleton09.jpg\"><img loading=\"lazy\" decoding=\"async\" width=\"300\" height=\"200\" src=\"https:\/\/upla.cl\/noticias\/wp-content\/uploads\/2018\/11\/Charla-Oscarito-Teleton09-300x200.jpg\" class=\"attachment-medium size-medium\" alt=\"\" srcset=\"https:\/\/upla.cl\/noticias\/wp-content\/uploads\/2018\/11\/Charla-Oscarito-Teleton09-300x200.jpg 300w, https:\/\/upla.cl\/noticias\/wp-content\/uploads\/2018\/11\/Charla-Oscarito-Teleton09.jpg 640w\" sizes=\"auto, (max-width: 300px) 100vw, 300px\" \/><\/a>\n\t\t\t<\/div><\/figure><figure class='gallery-item'>\n\t\t\t<div class='gallery-icon landscape'>\n\t\t\t\t<a href=\"https:\/\/upla.cl\/noticias\/wp-content\/uploads\/2018\/11\/Charla-Oscarito-Teleton08.jpg\"><img loading=\"lazy\" decoding=\"async\" width=\"300\" height=\"200\" src=\"https:\/\/upla.cl\/noticias\/wp-content\/uploads\/2018\/11\/Charla-Oscarito-Teleton08-300x200.jpg\" class=\"attachment-medium size-medium\" alt=\"\" srcset=\"https:\/\/upla.cl\/noticias\/wp-content\/uploads\/2018\/11\/Charla-Oscarito-Teleton08-300x200.jpg 300w, https:\/\/upla.cl\/noticias\/wp-content\/uploads\/2018\/11\/Charla-Oscarito-Teleton08.jpg 640w\" sizes=\"auto, (max-width: 300px) 100vw, 300px\" \/><\/a>\n\t\t\t<\/div><\/figure><figure class='gallery-item'>\n\t\t\t<div class='gallery-icon landscape'>\n\t\t\t\t<a href=\"https:\/\/upla.cl\/noticias\/wp-content\/uploads\/2018\/11\/Charla-Oscarito-Teleton01.jpg\"><img loading=\"lazy\" decoding=\"async\" width=\"300\" height=\"200\" src=\"https:\/\/upla.cl\/noticias\/wp-content\/uploads\/2018\/11\/Charla-Oscarito-Teleton01-300x200.jpg\" class=\"attachment-medium size-medium\" alt=\"\" srcset=\"https:\/\/upla.cl\/noticias\/wp-content\/uploads\/2018\/11\/Charla-Oscarito-Teleton01-300x200.jpg 300w, https:\/\/upla.cl\/noticias\/wp-content\/uploads\/2018\/11\/Charla-Oscarito-Teleton01.jpg 640w\" sizes=\"auto, (max-width: 300px) 100vw, 300px\" \/><\/a>\n\t\t\t<\/div><\/figure>\n\t\t<\/div>\n\n<p>&nbsp;<\/p>\n","protected":false},"excerpt":{"rendered":"<p>Animador, comediante y embajador de la campa\u00f1a \u201cEl regalo de Todos\u201d de Telet\u00f3n, \u00d3scar \u00c1lvarez, se reuni\u00f3 con la comunidad universitaria. <\/p>\n","protected":false},"author":11,"featured_media":118702,"comment_status":"closed","ping_status":"closed","sticky":false,"template":"","format":"standard","meta":{"footnotes":""},"categories":[96,40,97,71,72,73,74,75,76,77,78,99,122,91],"tags":[],"class_list":["post-118688","post","type-post","status-publish","format-standard","has-post-thumbnail","","category-academicos","category-destacados","category-estudiantes","category-facultad-de-arte","category-facultad-de-ciencias-actividad-fisica-y-deporte","category-facultad-de-ciencias-de-la-educacion","category-facultad-de-ciencias-de-la-salud","category-facultad-de-ciencias-naturales-y-exactas","category-facultad-de-ciencias-sociales","category-facultad-de-humanidades","category-facultad-de-ingenieria","category-funcionarios","category-inclusion","category-vinculacion-con-el-medio"],"_links":{"self":[{"href":"https:\/\/upla.cl\/noticias\/wp-json\/wp\/v2\/posts\/118688","targetHints":{"allow":["GET"]}}],"collection":[{"href":"https:\/\/upla.cl\/noticias\/wp-json\/wp\/v2\/posts"}],"about":[{"href":"https:\/\/upla.cl\/noticias\/wp-json\/wp\/v2\/types\/post"}],"author":[{"embeddable":true,"href":"https:\/\/upla.cl\/noticias\/wp-json\/wp\/v2\/users\/11"}],"replies":[{"embeddable":true,"href":"https:\/\/upla.cl\/noticias\/wp-json\/wp\/v2\/comments?post=118688"}],"version-history":[{"count":0,"href":"https:\/\/upla.cl\/noticias\/wp-json\/wp\/v2\/posts\/118688\/revisions"}],"wp:featuredmedia":[{"embeddable":true,"href":"https:\/\/upla.cl\/noticias\/wp-json\/wp\/v2\/media\/118702"}],"wp:attachment":[{"href":"https:\/\/upla.cl\/noticias\/wp-json\/wp\/v2\/media?parent=118688"}],"wp:term":[{"taxonomy":"category","embeddable":true,"href":"https:\/\/upla.cl\/noticias\/wp-json\/wp\/v2\/categories?post=118688"},{"taxonomy":"post_tag","embeddable":true,"href":"https:\/\/upla.cl\/noticias\/wp-json\/wp\/v2\/tags?post=118688"}],"curies":[{"name":"wp","href":"https:\/\/api.w.org\/{rel}","templated":true}]}}