{"id":120101,"date":"2018-12-13T08:56:36","date_gmt":"2018-12-13T11:56:36","guid":{"rendered":"http:\/\/www.upla.cl\/noticias\/?p=120101"},"modified":"2018-12-13T09:07:58","modified_gmt":"2018-12-13T12:07:58","slug":"vi-encuentro-nacional-de-pintura-in-situ-en-pcdv-de-valparaiso","status":"publish","type":"post","link":"https:\/\/upla.cl\/noticias\/2018\/12\/13\/vi-encuentro-nacional-de-pintura-in-situ-en-pcdv-de-valparaiso\/","title":{"rendered":"VI Encuentro Nacional de Pintura In Situ en Parque Cultural de Valpara\u00edso"},"content":{"rendered":"<p><a href=\"https:\/\/www.upla.cl\/noticias\/wp-content\/uploads\/2017\/12\/Arte-InSitu9.jpg\"><img loading=\"lazy\" decoding=\"async\" class=\"alignright size-medium wp-image-110789\" src=\"https:\/\/www.upla.cl\/noticias\/wp-content\/uploads\/2017\/12\/Arte-InSitu9-300x200.jpg\" alt=\"\" width=\"300\" height=\"200\" srcset=\"https:\/\/upla.cl\/noticias\/wp-content\/uploads\/2017\/12\/Arte-InSitu9-300x200.jpg 300w, https:\/\/upla.cl\/noticias\/wp-content\/uploads\/2017\/12\/Arte-InSitu9.jpg 640w\" sizes=\"auto, (max-width: 300px) 100vw, 300px\" \/><\/a>Entre las 10:30 y 17:00 horas del s\u00e1bado 15 de diciembre se desarrollar\u00e1 en el <a href=\"http:\/\/parquecultural.cl\/\" target=\"_blank\" rel=\"noopener\">Parque Cultural de Valpara\u00edso (PCdV)<\/a> el <strong>\u201cVI Encuentro Nacional de Pintura In Situ en Peque\u00f1o Formato\u201d<\/strong>, actividad que convoca a todos los artistas del pa\u00eds y estudiantes de las carreras de arte, dise\u00f1o y arquitectura de las universidades de Chile a interpretar el paisaje patrimonial del Puerto desde el reconocido centro cultural.<\/p>\n<p>El encuentro, cuyo objetivo es fomentar la difusi\u00f3n del arte y la cultura en la comunidad e incentivar la creaci\u00f3n y el encuentro de sus artistas, se desarrollar\u00e1 bajo el lema \u201cPintando los cerros porte\u00f1os\u201d, consigna que debe ser plasmada en tela o soporte de 50&#215;50, 50&#215;60 y\/o 55&#215;65 cent\u00edmetros timbrado previamente por la organizaci\u00f3n.<\/p>\n<p>La sexta versi\u00f3n de pintura in situ tendr\u00e1 lugar el s\u00e1bado 15 de diciembre en el <a href=\"http:\/\/parquecultural.cl\/\" target=\"_blank\" rel=\"noopener\">Parque Cultural de Valpara\u00edso<\/a> (entre las 10:30 y las 17:00 horas), ubicado en calle C\u00e1rcel 471, cerro C\u00e1rcel. La jura y premiaci\u00f3n se iniciar\u00e1 a las 17:15 horas por parte del jurado establecido para esta oportunidad.<\/p>\n<h5><strong><a href=\"https:\/\/www.upla.cl\/noticias\/wp-content\/uploads\/2017\/12\/Arte-InSitu11.jpg\"><img loading=\"lazy\" decoding=\"async\" class=\"alignright size-medium wp-image-110791\" src=\"https:\/\/www.upla.cl\/noticias\/wp-content\/uploads\/2017\/12\/Arte-InSitu11-300x200.jpg\" alt=\"\" width=\"300\" height=\"200\" srcset=\"https:\/\/upla.cl\/noticias\/wp-content\/uploads\/2017\/12\/Arte-InSitu11-300x200.jpg 300w, https:\/\/upla.cl\/noticias\/wp-content\/uploads\/2017\/12\/Arte-InSitu11.jpg 640w\" sizes=\"auto, (max-width: 300px) 100vw, 300px\" \/><\/a>Bases<\/strong><\/h5>\n<ul>\n<li>Tema: Interpretar el paisaje patrimonial de los cerros de Valpara\u00edso.<\/li>\n<li>T\u00e9cnica: Libre.<\/li>\n<li>Formato: La tela y\/o soporte debe medir 50&#215;50, 50&#215;60 y\/o 55&#215;65 cent\u00edmetros y debe ser timbrada al comienzo de la actividad (10:30 horas en adelante).<\/li>\n<li>Inscripci\u00f3n: Para participar en el encuentro no se necesita inscripci\u00f3n previa. En caso de dudas, estas ser\u00e1n aclaradas v\u00eda e-mail al correo <a href=\"mailto:apech_aiap@yahoo.com\">apech_aiap@yahoo.com<\/a>.<\/li>\n<li>Participantes: Artistas y alumnos de arte, dise\u00f1o y arquitectura de las universidades chilenas.<\/li>\n<li>Fecha: S\u00e1bado 15 de diciembre de 2018, desde las 10:30 hasta las 17:00 horas.<\/li>\n<li>Lugar: Parque Cultural de Valpara\u00edso (ex-c\u00e1rcel), calle C\u00e1rcel 471, Cerro C\u00e1rcel, Valpara\u00edso.<\/li>\n<li>Jura y premiaci\u00f3n: A partir de las 17:15 horas.<br \/>\nNota: El d\u00eda del encuentro Jos\u00e9 Guerra de \u201cBastiarte\u201d tendr\u00e1 disponibilidad de telas a la venta (50&#215;50: $3.900, 50&#215;60: $4.200, 55&#215;65: $4.500).<\/li>\n<\/ul>\n<h5><strong>Jurado<\/strong><\/h5>\n<p><a href=\"https:\/\/www.upla.cl\/noticias\/wp-content\/uploads\/2015\/12\/arte_insitu2015_arteupla_07.jpg\"><img loading=\"lazy\" decoding=\"async\" class=\"alignright size-medium wp-image-81041\" src=\"https:\/\/www.upla.cl\/noticias\/wp-content\/uploads\/2015\/12\/arte_insitu2015_arteupla_07-300x199.jpg\" alt=\"\" width=\"300\" height=\"199\" srcset=\"https:\/\/upla.cl\/noticias\/wp-content\/uploads\/2015\/12\/arte_insitu2015_arteupla_07-300x199.jpg 300w, https:\/\/upla.cl\/noticias\/wp-content\/uploads\/2015\/12\/arte_insitu2015_arteupla_07-310x205.jpg 310w, https:\/\/upla.cl\/noticias\/wp-content\/uploads\/2015\/12\/arte_insitu2015_arteupla_07.jpg 640w\" sizes=\"auto, (max-width: 300px) 100vw, 300px\" \/><\/a>El jurado estar\u00e1 compuesto por:<\/p>\n<ul>\n<li>N\u00e9lida Pozo Kudo, directora ejecutiva del Parque Cultural de Valpara\u00edso, o quien nomine en su representaci\u00f3n.<\/li>\n<li>Varinia Brodsky, encargada del \u00e1rea de artes visuales del Ministerio de las Culturas, las Artes y el Patrimonio, o quien nomine en su representaci\u00f3n.<\/li>\n<li>Virginia Cordero, artista visual y directora APECH.<\/li>\n<li>\u00c1lvaro Miranda P\u00e9rez, artista visual, representante de la Facultad de Arte de la Universidad de Playa Ancha.<\/li>\n<li>Carlos Nicolas, artista visual, representante APECH Marga Marga-Valpara\u00edso.<\/li>\n<li>Pedro Iturriaga, licenciado en arte, gerente de PROINGAS S.A.<\/li>\n<li>Julieta Bravo, artista visual, formada en la UPLA.<\/li>\n<\/ul>\n<h5><strong>Premios<\/strong><\/h5>\n<p>Se otorgar\u00e1n los siguientes premios. Si estos son equivalentes a 150 mil pesos o m\u00e1s el premio ser\u00e1 de adjudicaci\u00f3n. APECH NO se adjudica obras.<\/p>\n<ul>\n<li>Premio PROINGAS $250.000 (Doscientos cincuenta mil pesos).<\/li>\n<li>Premio Cathy Giusti de APECH. Incentivo a la creaci\u00f3n por seis meses (marzo-agosto 2019) consistente en seis cuotas de 50 mil pesos.<\/li>\n<li>Premio Eduardo Lira Gallery $200.000 (Doscientos mil pesos).<\/li>\n<li>Premio Camilo Mori de APECH $100.000 (Cien mil pesos).<br \/>\nLa organizaci\u00f3n puede agregar m\u00e1s premios.<\/li>\n<\/ul>\n","protected":false},"excerpt":{"rendered":"<p>La actividad art\u00edstica est\u00e1 fijada para el s\u00e1bado 15 de diciembre (entre las 10:30 y 17:00 horas) en el recinto cultural porte\u00f1o, ubicado en calle C\u00e1rcel 471, cerro C\u00e1rcel. <\/p>\n","protected":false},"author":2,"featured_media":110789,"comment_status":"closed","ping_status":"closed","sticky":false,"template":"","format":"standard","meta":{"footnotes":""},"categories":[96,48,50,52,40,97,71,91],"tags":[],"class_list":["post-120101","post","type-post","status-publish","format-standard","has-post-thumbnail","","category-academicos","category-agenda-cultural","category-agenda-de-eventos-destacados","category-cultura","category-destacados","category-estudiantes","category-facultad-de-arte","category-vinculacion-con-el-medio"],"_links":{"self":[{"href":"https:\/\/upla.cl\/noticias\/wp-json\/wp\/v2\/posts\/120101","targetHints":{"allow":["GET"]}}],"collection":[{"href":"https:\/\/upla.cl\/noticias\/wp-json\/wp\/v2\/posts"}],"about":[{"href":"https:\/\/upla.cl\/noticias\/wp-json\/wp\/v2\/types\/post"}],"author":[{"embeddable":true,"href":"https:\/\/upla.cl\/noticias\/wp-json\/wp\/v2\/users\/2"}],"replies":[{"embeddable":true,"href":"https:\/\/upla.cl\/noticias\/wp-json\/wp\/v2\/comments?post=120101"}],"version-history":[{"count":0,"href":"https:\/\/upla.cl\/noticias\/wp-json\/wp\/v2\/posts\/120101\/revisions"}],"wp:featuredmedia":[{"embeddable":true,"href":"https:\/\/upla.cl\/noticias\/wp-json\/wp\/v2\/media\/110789"}],"wp:attachment":[{"href":"https:\/\/upla.cl\/noticias\/wp-json\/wp\/v2\/media?parent=120101"}],"wp:term":[{"taxonomy":"category","embeddable":true,"href":"https:\/\/upla.cl\/noticias\/wp-json\/wp\/v2\/categories?post=120101"},{"taxonomy":"post_tag","embeddable":true,"href":"https:\/\/upla.cl\/noticias\/wp-json\/wp\/v2\/tags?post=120101"}],"curies":[{"name":"wp","href":"https:\/\/api.w.org\/{rel}","templated":true}]}}