{"id":121182,"date":"2019-01-14T17:04:36","date_gmt":"2019-01-14T20:04:36","guid":{"rendered":"https:\/\/www.upla.cl\/noticias\/?p=121182"},"modified":"2019-01-14T17:04:36","modified_gmt":"2019-01-14T20:04:36","slug":"campus-san-felipe-titulo-a-126-nuevos-tecnicos-universitarios","status":"publish","type":"post","link":"https:\/\/upla.cl\/noticias\/2019\/01\/14\/campus-san-felipe-titulo-a-126-nuevos-tecnicos-universitarios\/","title":{"rendered":"Campus San Felipe titul\u00f3 a 126 nuevos t\u00e9cnicos universitarios"},"content":{"rendered":"<p><a href=\"https:\/\/www.upla.cl\/noticias\/wp-content\/uploads\/2019\/01\/FO2A3162.jpg\"><img loading=\"lazy\" decoding=\"async\" class=\"aligncenter size-full wp-image-121191\" src=\"https:\/\/www.upla.cl\/noticias\/wp-content\/uploads\/2019\/01\/FO2A3162.jpg\" alt=\"\" width=\"629\" height=\"430\" srcset=\"https:\/\/upla.cl\/noticias\/wp-content\/uploads\/2019\/01\/FO2A3162.jpg 629w, https:\/\/upla.cl\/noticias\/wp-content\/uploads\/2019\/01\/FO2A3162-300x205.jpg 300w, https:\/\/upla.cl\/noticias\/wp-content\/uploads\/2019\/01\/FO2A3162-110x75.jpg 110w\" sizes=\"auto, (max-width: 629px) 100vw, 629px\" \/><\/a>En tres ceremonias realizadas en el auditorio de la casa de estudios, el <strong>Campus San Felipe de la Universidad de Playa Ancha,<\/strong> titul\u00f3 a 126 nuevos t\u00e9cnicos universitarios de nivel superior.<\/p>\n<p>Las titulaciones fueron presididas por el <strong>vicerrector del campus, Patricio Ib\u00e1\u00f1ez Le\u00f3n y el director general del Instituto Tecnol\u00f3gico, Jorge Gonz\u00e1lez Moya.<\/strong> Se cont\u00f3 con la presencia del integrante de la <strong>Junta Directiva de la UPLA, Juan Carlos D\u00edaz, el secretario general, Jorge S\u00e1nchez Valencia<\/strong> \u2013quien fue el encargado de tomar el juramento de rigor-, <strong>la jefa de t\u00edtulos y grados Eliana Pe\u00f1a,<\/strong> autoridades universitarias, acad\u00e9micos, funcionarios y familiares de los nuevos t\u00e9cnicos.<\/p>\n<h5><strong>Distinciones<\/strong><\/h5>\n<p><a href=\"https:\/\/www.upla.cl\/noticias\/wp-content\/uploads\/2019\/01\/Director-Vice.jpg\"><img loading=\"lazy\" decoding=\"async\" class=\"alignright size-medium wp-image-121186\" src=\"https:\/\/www.upla.cl\/noticias\/wp-content\/uploads\/2019\/01\/Director-Vice-300x250.jpg\" alt=\"\" width=\"300\" height=\"250\" srcset=\"https:\/\/upla.cl\/noticias\/wp-content\/uploads\/2019\/01\/Director-Vice-300x250.jpg 300w, https:\/\/upla.cl\/noticias\/wp-content\/uploads\/2019\/01\/Director-Vice.jpg 516w\" sizes=\"auto, (max-width: 300px) 100vw, 300px\" \/><\/a>Se entregaron distinciones a los mejores egresados de cada carrera y el <strong>Premio Instituto Tecnol\u00f3gico Universidad de Playa Ancha<\/strong> al mejor titulado de su promoci\u00f3n, distinci\u00f3n que recay\u00f3 en <strong>Soledad Tapia Olivares, de la carrera de T\u00e9cnico en Administraci\u00f3n de Recursos Humanos.<\/strong><\/p>\n<p>El <strong>Vicerrector Ib\u00e1\u00f1ez<\/strong> se\u00f1al\u00f3 que para la <strong>UPLA<\/strong> es un honor titular a esta nueva generaci\u00f3n de t\u00e9cnicos universitarios: \u201cNuestro Instituto Tecnol\u00f3gico tiene mucha fuerza en <strong>San Felipe<\/strong> y hay mucho inter\u00e9s por ingresar. Estos t\u00e9cnicos salen al mundo laboral con el sello de la <strong>UPLA<\/strong> y estamos ciertos que ser\u00e1n un gran aporte para el desarrollo de <strong>Aconcagua<\/strong> y la regi\u00f3n\u201d, indic\u00f3 el vicerrector.<\/p>\n<p>El director <strong>Jorge Gonz\u00e1lez,<\/strong> destac\u00f3 la alta tasa de titulaci\u00f3n que registra el instituto: \u201cLo que habla muy bien de la formaci\u00f3n que estamos entregando, de los docentes y por supuesto de los estudiantes\u201d. Adem\u00e1s dijo que:\u00bb126 es un gran n\u00famero de titulados y es necesario destacar que el pa\u00eds necesita cada vez m\u00e1s t\u00e9cnicos y por lo tanto este es un aporte importante de la universidad y es para nosotros una gran responsabilidad, la que hemos asumido con mucha altura de miras\u201d.<\/p>\n<h5><strong>Satisfacci\u00f3n y agradecimiento<\/strong><\/h5>\n<p><a href=\"https:\/\/www.upla.cl\/noticias\/wp-content\/uploads\/2019\/01\/Katty-Oliva-y-su-madre.jpg\"><img loading=\"lazy\" decoding=\"async\" class=\"alignright wp-image-121192 size-thumbnail\" src=\"https:\/\/www.upla.cl\/noticias\/wp-content\/uploads\/2019\/01\/Katty-Oliva-y-su-madre-150x150.jpg\" alt=\"\" width=\"150\" height=\"150\" \/><\/a>Los nuevos t\u00e9cnicos en muchos casos responden al perfil especial que tienen los estudiantes del <strong>Instituto Tecnol\u00f3gico<\/strong>, pues se trata de personas que en su mayor\u00eda trabajan y son due\u00f1as de casa o padres de familia.<\/p>\n<p><strong>Katty Oliva Mu\u00f1oz, obtuvo su t\u00edtulo de T\u00e9cnico en Recursos Humanos<\/strong> y concurri\u00f3 a la ceremonia de titulaci\u00f3n acompa\u00f1ada de su madre: \u201cEstoy muy contenta de haber llegado a la meta, fue un camino dif\u00edcil, un largo proceso. Me cost\u00f3 mucho pero fue gratificante y me llevo un gran recuerdo de la universidad, tuve muy buenos profesores y se forjaron lazos de amistad entre las compa\u00f1eras y compa\u00f1eros de carrera\u201d.<\/p>\n<p><strong><a href=\"https:\/\/www.upla.cl\/noticias\/wp-content\/uploads\/2019\/01\/Cristo\u0301bal.jpg\"><img loading=\"lazy\" decoding=\"async\" class=\"alignleft size-thumbnail wp-image-121185\" src=\"https:\/\/www.upla.cl\/noticias\/wp-content\/uploads\/2019\/01\/Cristo\u0301bal-150x150.jpg\" alt=\"\" width=\"150\" height=\"150\" \/><\/a>Crist\u00f3bal Zibicueta Su\u00e1rez,<\/strong> tras recibir su t\u00edtulo dijo sentirse orgulloso: \u201cFue un camino largo con altos y bajos. Los profesores que tuve fueron muy profesionales y me ayud\u00f3 el hecho de que hab\u00eda estudiado la misma carrera en otra instituci\u00f3n\u201d.<\/p>\n<p><a href=\"https:\/\/www.upla.cl\/noticias\/wp-content\/uploads\/2019\/01\/Soledad-y-sus-padres.jpg\"><img loading=\"lazy\" decoding=\"async\" class=\"alignright size-thumbnail wp-image-121193\" src=\"https:\/\/www.upla.cl\/noticias\/wp-content\/uploads\/2019\/01\/Soledad-y-sus-padres-150x150.jpg\" alt=\"\" width=\"150\" height=\"150\" \/><\/a>Igual de orgullosa se mostr\u00f3 <strong>Soledad Tapia Olivares,<\/strong> quien fue distinguida como la mejor egresada de su generaci\u00f3n: \u201cPara m\u00ed es un orgullo obtener el t\u00edtulo y haber sido reconocida como la mejor egresada. Ha sido un esfuerzo grande, soy madre un ni\u00f1o, pero el apoyo de la familia, especialmente de mis padres fue fundamental. Esto es como ver un sue\u00f1o cumplido\u201d.<\/p>\n<p><strong><a href=\"https:\/\/www.upla.cl\/noticias\/wp-content\/uploads\/2019\/01\/Carolina.jpg\"><img loading=\"lazy\" decoding=\"async\" class=\"alignleft wp-image-121184 size-thumbnail\" src=\"https:\/\/www.upla.cl\/noticias\/wp-content\/uploads\/2019\/01\/Carolina-150x150.jpg\" alt=\"\" width=\"150\" height=\"150\" \/><\/a>Carolina Molina Lazcano<\/strong> trabaja desde hace veinte a\u00f1os en la <strong>Municipalidad de San Felipe,<\/strong> donde es la encargada de la <strong>Oficina de Emergencia.<\/strong> Obtuvo su t\u00edtulo de <strong>T\u00e9cnico en Prevenci\u00f3n de Riesgos,<\/strong> gracias a una beca que le otorg\u00f3 la universidad, en virtud de un convenio con el municipio: \u201cPara m\u00ed es un gran logro, lleno de sacrificios, dejando de lado a la familia y respondiendo a mi trabajo en la Municipalidad. Estoy muy agradecida de esta oportunidad que me dieron ambas instituciones. Adem\u00e1s estoy muy contenta porque di el examen para obtener mi t\u00edtulo el 19 de octubre y el 29 de noviembre ingres\u00e9 a estudiar ingenier\u00eda en otra instituci\u00f3n y me han reconocido todos los ramos que curs\u00e9 en la <strong>UPLA\u201d.<\/strong><\/p>\n<p>Los t\u00edtulos a los nuevos t\u00e9cnicos fueron entregados por coordinadores de carrera, <strong>Oscar S\u00e1nchez Pereira y Nino Calabrese Vald\u00e9s.<\/strong><\/p>\n<div id='gallery-1' class='gallery galleryid-121182 gallery-columns-2 gallery-size-medium'><figure class='gallery-item'>\n\t\t\t<div class='gallery-icon landscape'>\n\t\t\t\t<a href='https:\/\/upla.cl\/noticias\/2019\/01\/14\/campus-san-felipe-titulo-a-126-nuevos-tecnicos-universitarios\/fo2a2703\/'><img loading=\"lazy\" decoding=\"async\" width=\"300\" height=\"245\" src=\"https:\/\/upla.cl\/noticias\/wp-content\/uploads\/2019\/01\/FO2A2703-300x245.jpg\" class=\"attachment-medium size-medium\" alt=\"\" srcset=\"https:\/\/upla.cl\/noticias\/wp-content\/uploads\/2019\/01\/FO2A2703-300x245.jpg 300w, https:\/\/upla.cl\/noticias\/wp-content\/uploads\/2019\/01\/FO2A2703.jpg 526w\" sizes=\"auto, (max-width: 300px) 100vw, 300px\" \/><\/a>\n\t\t\t<\/div><\/figure><figure class='gallery-item'>\n\t\t\t<div class='gallery-icon portrait'>\n\t\t\t\t<a href='https:\/\/upla.cl\/noticias\/2019\/01\/14\/campus-san-felipe-titulo-a-126-nuevos-tecnicos-universitarios\/fo2a2170\/'><img loading=\"lazy\" decoding=\"async\" width=\"295\" height=\"300\" src=\"https:\/\/upla.cl\/noticias\/wp-content\/uploads\/2019\/01\/FO2A2170-295x300.jpg\" class=\"attachment-medium size-medium\" alt=\"\" srcset=\"https:\/\/upla.cl\/noticias\/wp-content\/uploads\/2019\/01\/FO2A2170-295x300.jpg 295w, https:\/\/upla.cl\/noticias\/wp-content\/uploads\/2019\/01\/FO2A2170.jpg 423w\" sizes=\"auto, (max-width: 295px) 100vw, 295px\" \/><\/a>\n\t\t\t<\/div><\/figure><figure class='gallery-item'>\n\t\t\t<div class='gallery-icon landscape'>\n\t\t\t\t<a href='https:\/\/upla.cl\/noticias\/2019\/01\/14\/campus-san-felipe-titulo-a-126-nuevos-tecnicos-universitarios\/fo2a2212\/'><img loading=\"lazy\" decoding=\"async\" width=\"300\" height=\"211\" src=\"https:\/\/upla.cl\/noticias\/wp-content\/uploads\/2019\/01\/FO2A2212-300x211.jpg\" class=\"attachment-medium size-medium\" alt=\"\" srcset=\"https:\/\/upla.cl\/noticias\/wp-content\/uploads\/2019\/01\/FO2A2212-300x211.jpg 300w, https:\/\/upla.cl\/noticias\/wp-content\/uploads\/2019\/01\/FO2A2212.jpg 611w\" sizes=\"auto, (max-width: 300px) 100vw, 300px\" \/><\/a>\n\t\t\t<\/div><\/figure><figure class='gallery-item'>\n\t\t\t<div class='gallery-icon landscape'>\n\t\t\t\t<a href='https:\/\/upla.cl\/noticias\/2019\/01\/14\/campus-san-felipe-titulo-a-126-nuevos-tecnicos-universitarios\/dsc_1748\/'><img loading=\"lazy\" decoding=\"async\" width=\"300\" height=\"200\" src=\"https:\/\/upla.cl\/noticias\/wp-content\/uploads\/2019\/01\/DSC_1748-300x200.jpg\" class=\"attachment-medium size-medium\" alt=\"\" srcset=\"https:\/\/upla.cl\/noticias\/wp-content\/uploads\/2019\/01\/DSC_1748-300x200.jpg 300w, https:\/\/upla.cl\/noticias\/wp-content\/uploads\/2019\/01\/DSC_1748.jpg 640w\" sizes=\"auto, (max-width: 300px) 100vw, 300px\" \/><\/a>\n\t\t\t<\/div><\/figure>\n\t\t<\/div>\n\n","protected":false},"excerpt":{"rendered":"<p>Ceremonias fueron realizadas en el Auditorio del Campus San Felipe, destacando la alta tasa de titulaci\u00f3n.<\/p>\n","protected":false},"author":11,"featured_media":121191,"comment_status":"closed","ping_status":"closed","sticky":false,"template":"","format":"standard","meta":{"footnotes":""},"categories":[51,96,60,40,97,83],"tags":[],"class_list":["post-121182","post","type-post","status-publish","format-standard","has-post-thumbnail","","category-academia","category-academicos","category-campus-san-felipe","category-destacados","category-estudiantes","category-instituto-tecnologico"],"_links":{"self":[{"href":"https:\/\/upla.cl\/noticias\/wp-json\/wp\/v2\/posts\/121182","targetHints":{"allow":["GET"]}}],"collection":[{"href":"https:\/\/upla.cl\/noticias\/wp-json\/wp\/v2\/posts"}],"about":[{"href":"https:\/\/upla.cl\/noticias\/wp-json\/wp\/v2\/types\/post"}],"author":[{"embeddable":true,"href":"https:\/\/upla.cl\/noticias\/wp-json\/wp\/v2\/users\/11"}],"replies":[{"embeddable":true,"href":"https:\/\/upla.cl\/noticias\/wp-json\/wp\/v2\/comments?post=121182"}],"version-history":[{"count":0,"href":"https:\/\/upla.cl\/noticias\/wp-json\/wp\/v2\/posts\/121182\/revisions"}],"wp:featuredmedia":[{"embeddable":true,"href":"https:\/\/upla.cl\/noticias\/wp-json\/wp\/v2\/media\/121191"}],"wp:attachment":[{"href":"https:\/\/upla.cl\/noticias\/wp-json\/wp\/v2\/media?parent=121182"}],"wp:term":[{"taxonomy":"category","embeddable":true,"href":"https:\/\/upla.cl\/noticias\/wp-json\/wp\/v2\/categories?post=121182"},{"taxonomy":"post_tag","embeddable":true,"href":"https:\/\/upla.cl\/noticias\/wp-json\/wp\/v2\/tags?post=121182"}],"curies":[{"name":"wp","href":"https:\/\/api.w.org\/{rel}","templated":true}]}}