{"id":1222,"date":"2008-11-28T10:06:37","date_gmt":"2008-11-28T14:06:37","guid":{"rendered":"http:\/\/sitios.upla.cl\/contenidos\/?p=1222"},"modified":"2008-11-28T10:06:37","modified_gmt":"2008-11-28T14:06:37","slug":"en-sede-san-felipe-analizan-faenas-mineras","status":"publish","type":"post","link":"https:\/\/upla.cl\/noticias\/2008\/11\/28\/en-sede-san-felipe-analizan-faenas-mineras\/","title":{"rendered":"En Sede San Felipe analizan faenas mineras"},"content":{"rendered":"<p><a href=\"http:\/\/sitios.upla.cl\/contenidos\/wp-content\/uploads\/2008\/11\/minera1.jpg\"><img loading=\"lazy\" decoding=\"async\" class=\"alignright size-medium wp-image-1224\" title=\"minera1\" src=\"http:\/\/sitios.upla.cl\/contenidos\/wp-content\/uploads\/2008\/11\/minera1-280x208.jpg\" alt=\"\" width=\"280\" height=\"208\" \/><\/a><\/p>\n<p>Establecer una instancia de di\u00e1logo que permita consensuar criterios en torno a la protecci\u00f3n del medioambiente en faenas mineras de la zona central, es el principal objetivo del Primer Seminario \u201c<strong>Experiencia de las Empresas Mineras en Planes de Cierre en Faenas Mineras, Estudio de Casos<\/strong>\u201d, organizado en conjunto por el <strong>Centro de Estudios Ambientales (CEAM) de la Universidad de Playa Ancha <\/strong>y el <strong>Servicio Nacional de Geolog\u00eda y Miner\u00eda (SERNAGEOMIN)<\/strong>.<\/p>\n<p>El Seminario \u2013 Taller, en su primera versi\u00f3n, pretende compartir experiencias, conocimientos, iniciativas y\/o propuestas, por parte de las empresas mineras de la zona centro del pa\u00eds, en el \u00e1mbito del cierre de faenas mineras y el tratamiento de instalaciones que est\u00e1n en v\u00edas de este proceso. De esta manera, se espera impedir la constituci\u00f3n de pasivos ambientales o que queden en condiciones inseguras en cuanto a la probabilidad de ocurrencia de accidentes que terminan afectando a las comunidades pr\u00f3ximas.<\/p>\n<p>En tal sentido, dicho evento contar\u00e1 con la participaci\u00f3n de destacados expertos del mundo empresarial, minero y acad\u00e9mico, quienes abordar\u00e1n durante la jornada dos grandes \u00e1reas de acci\u00f3n relativas a: \u201cSoluciones, M\u00e9todos y T\u00e9cnicas de la Universidad de Playa Ancha &#8211; Resultados de tratamientos de cierres de faenas de medianas empresas mineras de la regi\u00f3n\u201d y de \u201cEsquemas Planes de Cierre de Faenas de grandes empresas mineras de la regi\u00f3n, a trav\u00e9s de la visi\u00f3n y criterios de SERNAGEOMIN\u201d.<\/p>\n<p>Finalmente, destacar que el Primer Seminario &#8211; Taller \u201c<strong>Experiencia de las Empresas Mineras en Planes de Cierre en Faenas Mineras, Estudio de Casos<\/strong>\u201d se enmarca dentro de las actividades de difusi\u00f3n del <strong>Diplomado en Gesti\u00f3n Ambiental Minera versi\u00f3n 2009<\/strong> que organiza en conjunto CEAM \u2013 UPLA y SERNAGEOMIN.<\/p>\n<p>El Seminario \u2013 Taller se realizar\u00e1 el martes 2 de diciembre, a partir de las 09:00 horas, en el Auditorium de la Sede San Felipe de la Universidad de Playa Ancha, ubicada en Benigno Caldera N\u00ba 341, San Felipe.<\/p>\n<p>Para m\u00e1s informaci\u00f3n lo invitamos a revisar el Programa Oficial del Primer Seminario &#8211; Taller \u201cExperiencia de las Empresas Mineras en Planes de Cierre en Faenas Mineras, Estudio de Casos\u201d.<\/p>\n<p><a href=\"http:\/\/sitios.upla.cl\/contenidos\/wp-content\/uploads\/2008\/11\/seminario-taller-ceam-sernageomin-021208.pdf\">Ver programa Seminario-taller<\/a><\/p>\n","protected":false},"excerpt":{"rendered":"<p>El Seminario \u2013 Taller se realizar\u00e1 el martes 2 de diciembre, a partir de las 9:00 horas, en el Sal\u00f3n Auditorio de la Sede San Felipe de la Universidad.<\/p>\n","protected":false},"author":2,"featured_media":0,"comment_status":"closed","ping_status":"closed","sticky":false,"template":"","format":"standard","meta":{"footnotes":""},"categories":[60,43],"tags":[],"class_list":["post-1222","post","type-post","status-publish","format-standard","","category-campus-san-felipe","category-investigacion"],"_links":{"self":[{"href":"https:\/\/upla.cl\/noticias\/wp-json\/wp\/v2\/posts\/1222","targetHints":{"allow":["GET"]}}],"collection":[{"href":"https:\/\/upla.cl\/noticias\/wp-json\/wp\/v2\/posts"}],"about":[{"href":"https:\/\/upla.cl\/noticias\/wp-json\/wp\/v2\/types\/post"}],"author":[{"embeddable":true,"href":"https:\/\/upla.cl\/noticias\/wp-json\/wp\/v2\/users\/2"}],"replies":[{"embeddable":true,"href":"https:\/\/upla.cl\/noticias\/wp-json\/wp\/v2\/comments?post=1222"}],"version-history":[{"count":0,"href":"https:\/\/upla.cl\/noticias\/wp-json\/wp\/v2\/posts\/1222\/revisions"}],"wp:attachment":[{"href":"https:\/\/upla.cl\/noticias\/wp-json\/wp\/v2\/media?parent=1222"}],"wp:term":[{"taxonomy":"category","embeddable":true,"href":"https:\/\/upla.cl\/noticias\/wp-json\/wp\/v2\/categories?post=1222"},{"taxonomy":"post_tag","embeddable":true,"href":"https:\/\/upla.cl\/noticias\/wp-json\/wp\/v2\/tags?post=1222"}],"curies":[{"name":"wp","href":"https:\/\/api.w.org\/{rel}","templated":true}]}}