{"id":123760,"date":"2019-05-07T12:27:53","date_gmt":"2019-05-07T15:27:53","guid":{"rendered":"https:\/\/www.upla.cl\/noticias\/?p=123760"},"modified":"2019-05-07T12:27:53","modified_gmt":"2019-05-07T15:27:53","slug":"estudiante-upla-se-suma-a-proyecto-editorial-de-educacion-ambiental","status":"publish","type":"post","link":"https:\/\/upla.cl\/noticias\/2019\/05\/07\/estudiante-upla-se-suma-a-proyecto-editorial-de-educacion-ambiental\/","title":{"rendered":"Estudiante UPLA se suma a proyecto editorial de educaci\u00f3n ambiental"},"content":{"rendered":"<p><img loading=\"lazy\" decoding=\"async\" class=\"alignright size-medium wp-image-123762\" src=\"https:\/\/www.upla.cl\/noticias\/wp-content\/uploads\/2019\/05\/karinaleiva_luissalazar_evasoto_ingenieriaupla-300x200.jpg\" alt=\"\" width=\"300\" height=\"200\" srcset=\"https:\/\/upla.cl\/noticias\/wp-content\/uploads\/2019\/05\/karinaleiva_luissalazar_evasoto_ingenieriaupla-300x200.jpg 300w, https:\/\/upla.cl\/noticias\/wp-content\/uploads\/2019\/05\/karinaleiva_luissalazar_evasoto_ingenieriaupla.jpg 640w\" sizes=\"auto, (max-width: 300px) 100vw, 300px\" \/><\/p>\n<p>Entusiasmado y motivado est\u00e1 el estudiante de <a href=\"https:\/\/www.upla.cl\/admision\/carreras-profesionales\/facultad-de-ingenieria\/ingenieria-ambiental\/\">Ingenier\u00eda Ambiental de la Universidad de Playa Ancha<\/a>, <strong>Luis Salazar Carrasco<\/strong>, quien inici\u00f3 en abril su pr\u00e1ctica en una editorial de educaci\u00f3n ambiental que lidera <strong><a href=\"https:\/\/www.cuentacarton.cl\/\" target=\"_blank\" rel=\"noopener\">CuentaCart\u00f3n<\/a><\/strong>, proyecto validado como prototipo de innovaci\u00f3n social por CORFO.<\/p>\n<p>La iniciativa cuyo lema es \u201ctransformando basura en cultura\u201d tiene por objeto fomentar la lectura y promover el cuidado del medioambiente. Actualmente, elabora un libro denominado \u201c<strong>Valpara\u00edso Pop App<\/strong>\u201d cuyo protagonista es R3, un robot que viaja en el tiempo y que ense\u00f1a t\u00e9cnicas para vivir de manera m\u00e1s sostenible y evitar da\u00f1os medioambientales en el futuro.<\/p>\n<p>\u201cNuestros libros son de educaci\u00f3n ambiental, alimentaci\u00f3n sostenible y trabajo de huertas. En este \u00faltimo caso, es que creamos un personaje que se llama R3 a prop\u00f3sito de las tres R (Reducir, Reutilizar y Reciclar) que viene del a\u00f1o 2046 al 2019 a contarnos lo que est\u00e1 pasando en el futuro respecto al medioambiente. Esa va a ser la entrada que vamos a tener con ni\u00f1os y ni\u00f1as de primera infancia de 4 a 6 a\u00f1os\u201d, explic\u00f3 <strong>Karina Leiva Matamora, coordinadora del proyecto <a href=\"https:\/\/www.cuentacarton.cl\/\" target=\"_blank\" rel=\"noopener\">CuentaCart\u00f3n<\/a><\/strong>.<\/p>\n<p><a href=\"https:\/\/www.upla.cl\/noticias\/wp-content\/uploads\/2019\/05\/luissalazar_ingenieriaupla_cuentacarton.jpg\"><img loading=\"lazy\" decoding=\"async\" class=\"alignright size-medium wp-image-123761\" src=\"https:\/\/www.upla.cl\/noticias\/wp-content\/uploads\/2019\/05\/luissalazar_ingenieriaupla_cuentacarton-300x207.jpg\" alt=\"\" width=\"300\" height=\"207\" srcset=\"https:\/\/upla.cl\/noticias\/wp-content\/uploads\/2019\/05\/luissalazar_ingenieriaupla_cuentacarton-300x207.jpg 300w, https:\/\/upla.cl\/noticias\/wp-content\/uploads\/2019\/05\/luissalazar_ingenieriaupla_cuentacarton-110x75.jpg 110w, https:\/\/upla.cl\/noticias\/wp-content\/uploads\/2019\/05\/luissalazar_ingenieriaupla_cuentacarton.jpg 640w\" sizes=\"auto, (max-width: 300px) 100vw, 300px\" \/><\/a>Para ello, se vincularon con el \u00e1rea de Educaci\u00f3n Ambiental de la Corporaci\u00f3n Municipal de Valpara\u00edso con el fin de invitar a participar a ni\u00f1os y ni\u00f1as de establecimientos educacionales con certificaci\u00f3n ambiental y junto con ellos definir los contenidos del libro.<\/p>\n<p><strong>Luis Salazar<\/strong> se \u201csumar\u00e1 a la fase dos del proyecto para asesor\u00eda de contenidos del libro y para el desarrollo de habilidades blandas, particularmente la proactividad con trabajo de redes y vinculaci\u00f3n con el medio, con el entorno y la comunidad\u201d, detall\u00f3 Karina Leiva.<\/p>\n<p>Frente a la posibilidad de integrar esta iniciativa, el estudiante de <a href=\"https:\/\/www.upla.cl\/admision\/carreras-profesionales\/facultad-de-ingenieria\/ingenieria-ambiental\/\">Ingenier\u00eda Ambiental UPLA<\/a> coment\u00f3: \u201cMe motiva y me gusta el proyecto, me gusta que trabajen con material reciclado, con huertas basados en los principios de autogesti\u00f3n y autosuficiencia, conceptos que repercutir\u00e1n en los principales gestores de cambio como son los ni\u00f1os y ni\u00f1as\u201d.<\/p>\n","protected":false},"excerpt":{"rendered":"<p>Luis Salazar Carrasco de Ingenier\u00eda Ambiental inici\u00f3 su pr\u00e1ctica en CuentaCart\u00f3n, proyecto validado como prototipo de innovaci\u00f3n social por CORFO. <\/p>\n","protected":false},"author":2,"featured_media":123762,"comment_status":"closed","ping_status":"closed","sticky":false,"template":"","format":"standard","meta":{"footnotes":""},"categories":[51,40,101,97,78,91],"tags":[],"class_list":["post-123760","post","type-post","status-publish","format-standard","has-post-thumbnail","","category-academia","category-destacados","category-docencia","category-estudiantes","category-facultad-de-ingenieria","category-vinculacion-con-el-medio"],"_links":{"self":[{"href":"https:\/\/upla.cl\/noticias\/wp-json\/wp\/v2\/posts\/123760","targetHints":{"allow":["GET"]}}],"collection":[{"href":"https:\/\/upla.cl\/noticias\/wp-json\/wp\/v2\/posts"}],"about":[{"href":"https:\/\/upla.cl\/noticias\/wp-json\/wp\/v2\/types\/post"}],"author":[{"embeddable":true,"href":"https:\/\/upla.cl\/noticias\/wp-json\/wp\/v2\/users\/2"}],"replies":[{"embeddable":true,"href":"https:\/\/upla.cl\/noticias\/wp-json\/wp\/v2\/comments?post=123760"}],"version-history":[{"count":0,"href":"https:\/\/upla.cl\/noticias\/wp-json\/wp\/v2\/posts\/123760\/revisions"}],"wp:featuredmedia":[{"embeddable":true,"href":"https:\/\/upla.cl\/noticias\/wp-json\/wp\/v2\/media\/123762"}],"wp:attachment":[{"href":"https:\/\/upla.cl\/noticias\/wp-json\/wp\/v2\/media?parent=123760"}],"wp:term":[{"taxonomy":"category","embeddable":true,"href":"https:\/\/upla.cl\/noticias\/wp-json\/wp\/v2\/categories?post=123760"},{"taxonomy":"post_tag","embeddable":true,"href":"https:\/\/upla.cl\/noticias\/wp-json\/wp\/v2\/tags?post=123760"}],"curies":[{"name":"wp","href":"https:\/\/api.w.org\/{rel}","templated":true}]}}