{"id":123779,"date":"2019-05-07T17:43:48","date_gmt":"2019-05-07T20:43:48","guid":{"rendered":"https:\/\/www.upla.cl\/noticias\/?p=123779"},"modified":"2019-05-07T17:43:48","modified_gmt":"2019-05-07T20:43:48","slug":"presentan-libro-sobre-experiencias-exitosas-en-convivencia-escolar","status":"publish","type":"post","link":"https:\/\/upla.cl\/noticias\/2019\/05\/07\/presentan-libro-sobre-experiencias-exitosas-en-convivencia-escolar\/","title":{"rendered":"Presentan libro sobre experiencias exitosas en convivencia escolar"},"content":{"rendered":"<p style=\"text-align: justify\"><a href=\"https:\/\/www.upla.cl\/noticias\/wp-content\/uploads\/2019\/05\/02Libro-convivencia-escolar.jpg\"><img loading=\"lazy\" decoding=\"async\" class=\"aligncenter size-full wp-image-123782\" src=\"https:\/\/www.upla.cl\/noticias\/wp-content\/uploads\/2019\/05\/02Libro-convivencia-escolar.jpg\" alt=\"\" width=\"640\" height=\"427\" srcset=\"https:\/\/upla.cl\/noticias\/wp-content\/uploads\/2019\/05\/02Libro-convivencia-escolar.jpg 640w, https:\/\/upla.cl\/noticias\/wp-content\/uploads\/2019\/05\/02Libro-convivencia-escolar-300x200.jpg 300w\" sizes=\"auto, (max-width: 640px) 100vw, 640px\" \/><\/a>Con la presencia de los autores, editores, acad\u00e9micos y autoridades de la <strong><a href=\"https:\/\/www.upla.cl\/cienciaseducacion\/\">Facultad de Ciencias de la Educaci\u00f3n<\/a> de la UPLA,<\/strong> se present\u00f3 la publicaci\u00f3n <strong>\u201cExperiencias de Buena Ense\u00f1anza en la Escuela \u00a1Aprendiendo a mejorar la convivencia!\u201d.<\/strong><\/p>\n<p style=\"text-align: justify\"><a href=\"https:\/\/www.upla.cl\/noticias\/wp-content\/uploads\/2019\/05\/03Libro-convivencia-escolar.jpg\"><img loading=\"lazy\" decoding=\"async\" class=\"alignleft wp-image-123783 size-medium\" src=\"https:\/\/www.upla.cl\/noticias\/wp-content\/uploads\/2019\/05\/03Libro-convivencia-escolar-300x200.jpg\" alt=\"\" width=\"300\" height=\"200\" srcset=\"https:\/\/upla.cl\/noticias\/wp-content\/uploads\/2019\/05\/03Libro-convivencia-escolar-300x200.jpg 300w, https:\/\/upla.cl\/noticias\/wp-content\/uploads\/2019\/05\/03Libro-convivencia-escolar.jpg 640w\" sizes=\"auto, (max-width: 300px) 100vw, 300px\" \/><\/a>El libro, editado por <strong>(Ph.d) Claudio Figueroa L\u00f3pez, Dr. Jorge Vera Roda y Mg. Hugo D\u00edaz Ot\u00e1rola,<\/strong> sistematiza pr\u00e1cticas desarrolladas por 8 establecimientos educacionales, que dan cuenta de diez efectivas e innovadoras iniciativas tendientes a potenciar climas escolares favorables al interior de las comunidades educativas.<\/p>\n<p style=\"text-align: justify\"><strong>El Decano de la Facultad de Ciencias de la Educaci\u00f3n, Dr. Luis Alberto D\u00edaz,<\/strong> dijo en su saludo bienvenida que, si bien es cierto que el prop\u00f3sito principal de la gesti\u00f3n en los establecimientos educacionales es lograr que los alumnos aprendan, no es menos cierto que han surgido nuevos conocimientos de la realidad y ese es el caso de la convivencia escolar.<\/p>\n<p style=\"text-align: justify\"><a href=\"https:\/\/www.upla.cl\/noticias\/wp-content\/uploads\/2019\/05\/08Libro-convivencia-escolar.jpg\"><img loading=\"lazy\" decoding=\"async\" class=\"alignleft size-medium wp-image-123784\" src=\"https:\/\/www.upla.cl\/noticias\/wp-content\/uploads\/2019\/05\/08Libro-convivencia-escolar-300x200.jpg\" alt=\"\" width=\"300\" height=\"200\" srcset=\"https:\/\/upla.cl\/noticias\/wp-content\/uploads\/2019\/05\/08Libro-convivencia-escolar-300x200.jpg 300w, https:\/\/upla.cl\/noticias\/wp-content\/uploads\/2019\/05\/08Libro-convivencia-escolar.jpg 640w\" sizes=\"auto, (max-width: 300px) 100vw, 300px\" \/><\/a>La autoridad explic\u00f3 que los autores de los cap\u00edtulos del libro se aproximan a una definici\u00f3n de convivencia escolar desde cuatro enfoques: \u201cEl compromiso demostrado por los padres y apoderados; la creaci\u00f3n de espacios innovadores; las innovaciones curriculares basadas en la interculturalidad y en el cuidado de la naturaleza o en conceptos como la identidad y el sentido de pertenencia; y, la gesti\u00f3n de un buen equipo directivo.<\/p>\n<p style=\"text-align: justify\"><a href=\"https:\/\/www.upla.cl\/noticias\/wp-content\/uploads\/2019\/05\/10Libro-convivencia-escolar.jpg\"><img loading=\"lazy\" decoding=\"async\" class=\"alignright size-medium wp-image-123785\" src=\"https:\/\/www.upla.cl\/noticias\/wp-content\/uploads\/2019\/05\/10Libro-convivencia-escolar-300x200.jpg\" alt=\"\" width=\"300\" height=\"200\" srcset=\"https:\/\/upla.cl\/noticias\/wp-content\/uploads\/2019\/05\/10Libro-convivencia-escolar-300x200.jpg 300w, https:\/\/upla.cl\/noticias\/wp-content\/uploads\/2019\/05\/10Libro-convivencia-escolar.jpg 640w\" sizes=\"auto, (max-width: 300px) 100vw, 300px\" \/><\/a>El acad\u00e9mico y uno de los editores de la publicaci\u00f3n, Hugo D\u00edaz, quien adem\u00e1s se desempe\u00f1a en la Superintendencia de Educaci\u00f3n, destac\u00f3 que la convivencia escolar se puede ver plasmada en este libro mediante la gesti\u00f3n: \u201cLa convivencia escolar en s\u00ed es un aprendizaje y ese aprendizaje se planifica y gestiona, se eval\u00faa y se va monitoreando, aqu\u00ed hay iniciativas que llevan a\u00f1os instaladas y por lo tanto son parte de la cultura de una comunidad escolar\u201d.<\/p>\n<p style=\"text-align: justify\">El libro contiene el an\u00e1lisis de las experiencias realizadas en la <strong>Escuela Luis Cruz Mart\u00ednez de Quilpu\u00e9; Escuela Comunidades de Valle Hermoso, La Ligua; Liceo Tecnol\u00f3gico de Villa Alemana; Escuela Balneario de Cachagua, Zapallar; Escuela Almirante Luis G\u00f3mez Carre\u00f1o, Vi\u00f1a del Mar; Escuela B\u00e1sica Catalunya, Villa Alemana; Colegio Ingl\u00e9s de Quillota; y, Escuela la Parva de Vi\u00f1a del Mar.<\/strong><\/p>\n","protected":false},"excerpt":{"rendered":"<p>Acad\u00e9micos de la Pontificia Universidad Cat\u00f3lica de Valpara\u00edso, del Departamento Provincial de Educaci\u00f3n de Valpara\u00edso y de la UPLA, analizan la promoci\u00f3n y el mejoramiento de las buenas pr\u00e1cticas educativas.<\/p>\n","protected":false},"author":11,"featured_media":123782,"comment_status":"closed","ping_status":"closed","sticky":false,"template":"","format":"standard","meta":{"footnotes":""},"categories":[51,96,40,101,69,97,73,122,113,91],"tags":[],"class_list":["post-123779","post","type-post","status-publish","format-standard","has-post-thumbnail","","category-academia","category-academicos","category-destacados","category-docencia","category-egresados","category-estudiantes","category-facultad-de-ciencias-de-la-educacion","category-inclusion","category-universidades-en-red","category-vinculacion-con-el-medio"],"_links":{"self":[{"href":"https:\/\/upla.cl\/noticias\/wp-json\/wp\/v2\/posts\/123779","targetHints":{"allow":["GET"]}}],"collection":[{"href":"https:\/\/upla.cl\/noticias\/wp-json\/wp\/v2\/posts"}],"about":[{"href":"https:\/\/upla.cl\/noticias\/wp-json\/wp\/v2\/types\/post"}],"author":[{"embeddable":true,"href":"https:\/\/upla.cl\/noticias\/wp-json\/wp\/v2\/users\/11"}],"replies":[{"embeddable":true,"href":"https:\/\/upla.cl\/noticias\/wp-json\/wp\/v2\/comments?post=123779"}],"version-history":[{"count":0,"href":"https:\/\/upla.cl\/noticias\/wp-json\/wp\/v2\/posts\/123779\/revisions"}],"wp:featuredmedia":[{"embeddable":true,"href":"https:\/\/upla.cl\/noticias\/wp-json\/wp\/v2\/media\/123782"}],"wp:attachment":[{"href":"https:\/\/upla.cl\/noticias\/wp-json\/wp\/v2\/media?parent=123779"}],"wp:term":[{"taxonomy":"category","embeddable":true,"href":"https:\/\/upla.cl\/noticias\/wp-json\/wp\/v2\/categories?post=123779"},{"taxonomy":"post_tag","embeddable":true,"href":"https:\/\/upla.cl\/noticias\/wp-json\/wp\/v2\/tags?post=123779"}],"curies":[{"name":"wp","href":"https:\/\/api.w.org\/{rel}","templated":true}]}}