{"id":124101,"date":"2019-05-16T15:46:12","date_gmt":"2019-05-16T19:46:12","guid":{"rendered":"https:\/\/www.upla.cl\/noticias\/?p=124101"},"modified":"2025-08-01T13:06:15","modified_gmt":"2025-08-01T17:06:15","slug":"especialista-norteamericana-advierte-que-uso-de-celulares-en-clase-requiere-regulacion","status":"publish","type":"post","link":"https:\/\/upla.cl\/noticias\/2019\/05\/16\/especialista-norteamericana-advierte-que-uso-de-celulares-en-clase-requiere-regulacion\/","title":{"rendered":"Especialista norteamericana advierte que uso de\u00a0celulares\u00a0en clase requiere regulaci\u00f3n"},"content":{"rendered":"<p><b><a href=\"https:\/\/www.upla.cl\/noticias\/wp-content\/uploads\/2019\/05\/Darci-Trothear.jpg\"><img loading=\"lazy\" decoding=\"async\" class=\"alignleft size-medium wp-image-124102\" src=\"https:\/\/www.upla.cl\/noticias\/wp-content\/uploads\/2019\/05\/Darci-Trothear-300x200.jpg\" alt=\"\" width=\"300\" height=\"200\" srcset=\"https:\/\/upla.cl\/noticias\/wp-content\/uploads\/2019\/05\/Darci-Trothear-300x200.jpg 300w, https:\/\/upla.cl\/noticias\/wp-content\/uploads\/2019\/05\/Darci-Trothear.jpg 640w\" sizes=\"auto, (max-width: 300px) 100vw, 300px\" \/><\/a><\/b>La clara necesidad de regular el uso de los <span class=\"il\">celulares<\/span> por parte de los estudiantes al interior de las salas de clase, expres\u00f3 la acad\u00e9mica <strong>Darci Strother, Doctora en Literatura y Ling\u00fc\u00edstica de la Universidad de San Marcos, California,<\/strong> quien realiza una pasant\u00eda en la <strong>Universidad de Playa Ancha.<\/strong><\/p>\n<p>La especialista advirti\u00f3 que, de acuerdo al uso que se le d\u00e9 a esta tecnolog\u00eda, habr\u00e1 aspectos positivos o negativos que surgir\u00e1n; raz\u00f3n por la cual, es necesario conocer de qu\u00e9 manera ella se puede incorporar a la metodolog\u00eda o estructura de la clase.<\/p>\n<p>Destac\u00f3 que permitir que los estudiantes tengan sus m\u00f3viles en clases, favorecer\u00e1 el aspecto de seguridad, en caso de que requieran contactarse de forma inmediata con sus padres o con alg\u00fan servicio de urgencia.<\/p>\n<p>Por el contrario, como aspecto negativo, destac\u00f3 la desmotivaci\u00f3n que provoca en los profesores, ver que sus estudiantes desv\u00edan la atenci\u00f3n de su clase, y la alta probabilidad de que los estudiantes copien las tareas o materias consultadas.<\/p>\n<p><b>\u201cSe sabe que es un instrumento que tiene ventajas importantes. Sin embargo, si utilizamos ese\u00a0<span class=\"il\">celular<\/span>, sobre todo el Smart Phone (tel\u00e9fono inteligente), que nos da acceso a ciertas cosas&#8230;. hay maneras de configurar el ambiente acad\u00e9mico, de estructurar la clase para hacer uso de eso. Ahora, no todo el tiempo, sobre todo en ambientes donde los ni\u00f1os no tienen acceso a un computador, por ejemplo\u201d,<\/b> dijo la <strong>Dra. Strother.<\/strong><\/p>\n<p>Agreg\u00f3 que una buena manera de incorporar esta tecnolog\u00eda en clase, es organizando actividades que promuevan la conversaci\u00f3n en grupo y la investigaci\u00f3n, lo que \u2013en su opini\u00f3n- favorecer\u00e1 la motivaci\u00f3n de los mismos estudiantes.<\/p>\n<p>Es m\u00e1s, la acad\u00e9mica coment\u00f3 que en clases que dict\u00f3 a profesores aqu\u00ed en <strong>Valpara\u00edso,<\/strong> organiz\u00f3 juegos en los cuales cada uno deb\u00eda usar su m\u00f3vil para opinar, adivinar o dar una respuesta. El resultado fue muy positivo, ya que los asistentes participaron activamente de las actividades.<\/p>\n<p><b>\u201cPara llegar a eso, el profesor tiene que tener tiempo, instrucci\u00f3n y apoyo, para saber c\u00f3mo debe crear lecciones que utilicen el\u00a0<span class=\"il\">celular<\/span>\u00a0de una forma ventajosa, porque puede ser ventaja o desventaja. No simplemente le vamos a decir al profesor \u2018haga eso\u2019. Es decir, tenemos que investigarlo y darle apoyo al profesor para abrirse a esas innovaciones pedag\u00f3gica<\/b>s\u201d, concluy\u00f3 la especialista, quien realiza intercambio acad\u00e9mico con el mag\u00edster en Literatura y docentes de Postgrado de la <strong>Universidad de Playa Ancha.<\/strong><\/p>\n<div>\n<div class=\"yj6qo\"><\/div>\n<div class=\"adL\"><\/div>\n<\/div>\n<div class=\"adL\">\n<\/div>\n","protected":false},"excerpt":{"rendered":"<p>As\u00ed lo afirm\u00f3 Darci Stroether, Doctora en Literatura y Ling\u00fc\u00edstica de la Universidad de San Marcos, California, quien realiza pasant\u00eda en la UPLA.<\/p>\n","protected":false},"author":3,"featured_media":124102,"comment_status":"closed","ping_status":"closed","sticky":false,"template":"","format":"standard","meta":{"footnotes":""},"categories":[51,96,40,77,651,91],"tags":[],"class_list":["post-124101","post","type-post","status-publish","format-standard","has-post-thumbnail","","category-academia","category-academicos","category-destacados","category-facultad-de-humanidades","category-magister-en-literatura","category-vinculacion-con-el-medio"],"_links":{"self":[{"href":"https:\/\/upla.cl\/noticias\/wp-json\/wp\/v2\/posts\/124101","targetHints":{"allow":["GET"]}}],"collection":[{"href":"https:\/\/upla.cl\/noticias\/wp-json\/wp\/v2\/posts"}],"about":[{"href":"https:\/\/upla.cl\/noticias\/wp-json\/wp\/v2\/types\/post"}],"author":[{"embeddable":true,"href":"https:\/\/upla.cl\/noticias\/wp-json\/wp\/v2\/users\/3"}],"replies":[{"embeddable":true,"href":"https:\/\/upla.cl\/noticias\/wp-json\/wp\/v2\/comments?post=124101"}],"version-history":[{"count":0,"href":"https:\/\/upla.cl\/noticias\/wp-json\/wp\/v2\/posts\/124101\/revisions"}],"wp:featuredmedia":[{"embeddable":true,"href":"https:\/\/upla.cl\/noticias\/wp-json\/wp\/v2\/media\/124102"}],"wp:attachment":[{"href":"https:\/\/upla.cl\/noticias\/wp-json\/wp\/v2\/media?parent=124101"}],"wp:term":[{"taxonomy":"category","embeddable":true,"href":"https:\/\/upla.cl\/noticias\/wp-json\/wp\/v2\/categories?post=124101"},{"taxonomy":"post_tag","embeddable":true,"href":"https:\/\/upla.cl\/noticias\/wp-json\/wp\/v2\/tags?post=124101"}],"curies":[{"name":"wp","href":"https:\/\/api.w.org\/{rel}","templated":true}]}}