{"id":124103,"date":"2019-05-16T16:07:30","date_gmt":"2019-05-16T20:07:30","guid":{"rendered":"https:\/\/www.upla.cl\/noticias\/?p=124103"},"modified":"2019-05-23T10:35:48","modified_gmt":"2019-05-23T14:35:48","slug":"upla-insta-a-apoderados-de-cuarto-medio-a-motivar-a-sus-hijos-a-continuar-estudios-postsecundarios","status":"publish","type":"post","link":"https:\/\/upla.cl\/noticias\/2019\/05\/16\/upla-insta-a-apoderados-de-cuarto-medio-a-motivar-a-sus-hijos-a-continuar-estudios-postsecundarios\/","title":{"rendered":"UPLA insta a apoderados de cuarto medio a motivar a sus hijos a continuar estudios postsecundarios"},"content":{"rendered":"<p><a href=\"https:\/\/www.upla.cl\/noticias\/wp-content\/uploads\/2019\/05\/APODERADOS-2-1.jpg\"><img loading=\"lazy\" decoding=\"async\" class=\"alignright size-medium wp-image-124112\" src=\"https:\/\/www.upla.cl\/noticias\/wp-content\/uploads\/2019\/05\/APODERADOS-2-1-300x200.jpg\" alt=\"\" width=\"300\" height=\"200\" srcset=\"https:\/\/upla.cl\/noticias\/wp-content\/uploads\/2019\/05\/APODERADOS-2-1-300x200.jpg 300w, https:\/\/upla.cl\/noticias\/wp-content\/uploads\/2019\/05\/APODERADOS-2-1.jpg 640w\" sizes=\"auto, (max-width: 300px) 100vw, 300px\" \/><\/a>Considerando que las expectativas familiares cumplen un rol indispensable en la motivaci\u00f3n de los hijos que viven el proceso de transici\u00f3n a la educaci\u00f3n superior, la Universidad de Playa Ancha recibi\u00f3 a los apoderados de cuartos medios de 20 liceos que el programa PACE acompa\u00f1a en la regi\u00f3n de Valpara\u00edso.<\/p>\n<p>Organizado por el <strong>Programa de Acompa\u00f1amiento y Acceso Efectivo a la Educaci\u00f3n Superior, PACE -UPLA<\/strong>,\u00a0 dependiente de la <strong>Unidad de Acceso, Inclusi\u00f3n y Permanencia (UAIP)<\/strong>, 134 apoderados reflexionaron sobre experiencias cotidianas referidas al proyecto postsecundario de sus hijos, y al rol familiar para fortalecer las expectativas de los mismos.<\/p>\n<p><a href=\"https:\/\/www.upla.cl\/noticias\/wp-content\/uploads\/2019\/05\/APODERADOS-1.jpg\"><img loading=\"lazy\" decoding=\"async\" class=\"alignright size-medium wp-image-124111\" src=\"https:\/\/www.upla.cl\/noticias\/wp-content\/uploads\/2019\/05\/APODERADOS-1-300x200.jpg\" alt=\"\" width=\"300\" height=\"200\" srcset=\"https:\/\/upla.cl\/noticias\/wp-content\/uploads\/2019\/05\/APODERADOS-1-300x200.jpg 300w, https:\/\/upla.cl\/noticias\/wp-content\/uploads\/2019\/05\/APODERADOS-1.jpg 640w\" sizes=\"auto, (max-width: 300px) 100vw, 300px\" \/><\/a>Instar a los estudiantes a que asuman desaf\u00edos importantes y que materialicen sus metas o intereses, una vez que egresen de la educaci\u00f3n media, as\u00ed como reconocer la importancia de los referentes familiares en el proceso educativo y en la trayectoria de los hijos a la educaci\u00f3n superior, fue parte del di\u00e1logo sostenido entre profesionales del PACE y los apoderados presentes.<\/p>\n<p>&nbsp;<\/p>\n<p><div class=\"ose-youtube ose-uid-5b4645fbf303fc2244a7b28e73e5dc01 ose-embedpress-responsive\" style=\"width:600px; height:550px; max-height:550px; max-width:100%; display:inline-block;\" data-embed-type=\"Youtube\"><iframe loading=\"lazy\" allowFullScreen=\"true\" title=\"JORNADA DE FORTALECIMIENTO DEL ROL FAMILIAR PARA EL AUMENTO DE EXPECTATIVAS POST SECUNDARIAS\" width=\"600\" height=\"550\" src=\"https:\/\/www.youtube.com\/embed\/xWX8RhBGzok?feature=oembed&color=red&rel=0&controls=1&start=&end=&fs=0&iv_load_policy=0&autoplay=0&mute=0&modestbranding=0&cc_load_policy=1&playsinline=1\" frameborder=\"0\" allow=\"accelerometer; encrypted-media;accelerometer;autoplay;clipboard-write;gyroscope;picture-in-picture clipboard-write; encrypted-media; gyroscope; picture-in-picture; web-share\" referrerpolicy=\"strict-origin-when-cross-origin\" allowfullscreen><\/iframe><\/div><\/p>\n<p>&nbsp;<\/p>\n<p><strong>\u00a0<\/strong><\/p>\n","protected":false},"excerpt":{"rendered":"<p>Jornada de la UAIP se orient\u00f3 a fortalecer el rol familiar en el proceso de transici\u00f3n a la educaci\u00f3n superior de sus pupilos.<\/p>\n","protected":false},"author":10,"featured_media":124112,"comment_status":"closed","ping_status":"closed","sticky":false,"template":"","format":"standard","meta":{"footnotes":""},"categories":[40,136,90,91],"tags":[],"class_list":["post-124103","post","type-post","status-publish","format-standard","has-post-thumbnail","","category-destacados","category-pace-upla","category-uae","category-vinculacion-con-el-medio"],"_links":{"self":[{"href":"https:\/\/upla.cl\/noticias\/wp-json\/wp\/v2\/posts\/124103","targetHints":{"allow":["GET"]}}],"collection":[{"href":"https:\/\/upla.cl\/noticias\/wp-json\/wp\/v2\/posts"}],"about":[{"href":"https:\/\/upla.cl\/noticias\/wp-json\/wp\/v2\/types\/post"}],"author":[{"embeddable":true,"href":"https:\/\/upla.cl\/noticias\/wp-json\/wp\/v2\/users\/10"}],"replies":[{"embeddable":true,"href":"https:\/\/upla.cl\/noticias\/wp-json\/wp\/v2\/comments?post=124103"}],"version-history":[{"count":0,"href":"https:\/\/upla.cl\/noticias\/wp-json\/wp\/v2\/posts\/124103\/revisions"}],"wp:featuredmedia":[{"embeddable":true,"href":"https:\/\/upla.cl\/noticias\/wp-json\/wp\/v2\/media\/124112"}],"wp:attachment":[{"href":"https:\/\/upla.cl\/noticias\/wp-json\/wp\/v2\/media?parent=124103"}],"wp:term":[{"taxonomy":"category","embeddable":true,"href":"https:\/\/upla.cl\/noticias\/wp-json\/wp\/v2\/categories?post=124103"},{"taxonomy":"post_tag","embeddable":true,"href":"https:\/\/upla.cl\/noticias\/wp-json\/wp\/v2\/tags?post=124103"}],"curies":[{"name":"wp","href":"https:\/\/api.w.org\/{rel}","templated":true}]}}