{"id":128296,"date":"2019-08-28T17:48:45","date_gmt":"2019-08-28T21:48:45","guid":{"rendered":"https:\/\/www.upla.cl\/noticias\/?p=128296"},"modified":"2025-10-31T00:29:21","modified_gmt":"2025-10-31T03:29:21","slug":"inclusion-en-la-upla-campeonato-de-voleibol-sentado","status":"publish","type":"post","link":"https:\/\/upla.cl\/noticias\/2019\/08\/28\/inclusion-en-la-upla-campeonato-de-voleibol-sentado\/","title":{"rendered":"Inclusi\u00f3n en la UPLA: Campeonato de V\u00f3leibol Sentado"},"content":{"rendered":"<p><a href=\"https:\/\/www.upla.cl\/noticias\/wp-content\/uploads\/2019\/08\/campeonato_voleibol_sentado04.jpg\"><img loading=\"lazy\" decoding=\"async\" class=\"aligncenter size-full wp-image-128297\" src=\"https:\/\/www.upla.cl\/noticias\/wp-content\/uploads\/2019\/08\/campeonato_voleibol_sentado04.jpg\" alt=\"\" width=\"640\" height=\"427\" srcset=\"https:\/\/upla.cl\/noticias\/wp-content\/uploads\/2019\/08\/campeonato_voleibol_sentado04.jpg 640w, https:\/\/upla.cl\/noticias\/wp-content\/uploads\/2019\/08\/campeonato_voleibol_sentado04-300x200.jpg 300w\" sizes=\"auto, (max-width: 640px) 100vw, 640px\" \/><\/a>Gran inter\u00e9s despert\u00f3 el Campeonato de V\u00f3leibol Sentado que realiz\u00f3 la Universidad de Playa Ancha, en el que participaron estudiantes y docentes de esta casa de estudios.<\/p>\n<p>El v\u00f3leibol sentado es un deporte paral\u00edmpico creado con el objetivo de ayudar a las personas con alguna discapacidad motora a poder practicar un deporte y, contribuir con ello en su integraci\u00f3n social.<\/p>\n<p>En la UPLA la <strong>Unidad de Acceso, Inclusi\u00f3n y Permanencia Universitaria (UAIP)<\/strong> desarrolla el programa de <strong>Deporte Inclusivo<\/strong>, orientado a integrar mediante la actividad f\u00edsica y deportiva a personas con y sin discapacidad.<\/p>\n<p><a href=\"https:\/\/www.upla.cl\/noticias\/wp-content\/uploads\/2019\/08\/campeonato_voleibol_sentado17.jpg\"><img loading=\"lazy\" decoding=\"async\" class=\"alignright size-medium wp-image-128299\" src=\"https:\/\/www.upla.cl\/noticias\/wp-content\/uploads\/2019\/08\/campeonato_voleibol_sentado17-300x200.jpg\" alt=\"\" width=\"300\" height=\"200\" srcset=\"https:\/\/upla.cl\/noticias\/wp-content\/uploads\/2019\/08\/campeonato_voleibol_sentado17-300x200.jpg 300w, https:\/\/upla.cl\/noticias\/wp-content\/uploads\/2019\/08\/campeonato_voleibol_sentado17.jpg 640w\" sizes=\"auto, (max-width: 300px) 100vw, 300px\" \/><\/a>Ha sido el v\u00f3leibol sentado lo que m\u00e1s ha gustado y mayor inter\u00e9s ha generado en la comunidad universitaria, permitiendo una abierta participaci\u00f3n.<\/p>\n<p>\u201cAdem\u00e1s que se puede adaptar a personas con distintas discapacidades. Tenemos, por ejemplo, una estudiante que tiene una discapacidad en sus miembros superiores y juega con los pies. Un adulto mayor o cualquier persona que tenga riesgos de ca\u00edda, tambi\u00e9n se puede integrar. Hemos integrado igualmente, a personas con discapacidad intelectual, que muchas veces tienen problemas motrices y que los podr\u00edan llevar a un riesgo de ca\u00eddas, entonces este deporte es bastante seguro\u201d, explic\u00f3 el <strong>encargado de Deporte Inclusivo, Freddy Zamora<\/strong>.<\/p>\n<p>En el campeonato particip\u00f3 activamente <strong>Roberto Marchant, exestudiante de Pedagog\u00eda en F\u00edsica<\/strong>, que conoci\u00f3 en la UPLA esta variante del v\u00f3leibol convencional y le cambi\u00f3 la vida.<\/p>\n<figure id=\"attachment_128302\" aria-describedby=\"caption-attachment-128302\" style=\"width: 300px\" class=\"wp-caption alignright\"><a href=\"https:\/\/www.upla.cl\/noticias\/wp-content\/uploads\/2019\/08\/Roberto_Marchant.jpg\"><img loading=\"lazy\" decoding=\"async\" class=\"size-medium wp-image-128302\" src=\"https:\/\/www.upla.cl\/noticias\/wp-content\/uploads\/2019\/08\/Roberto_Marchant-300x200.jpg\" alt=\"\" width=\"300\" height=\"200\" srcset=\"https:\/\/upla.cl\/noticias\/wp-content\/uploads\/2019\/08\/Roberto_Marchant-300x200.jpg 300w, https:\/\/upla.cl\/noticias\/wp-content\/uploads\/2019\/08\/Roberto_Marchant.jpg 640w\" sizes=\"auto, (max-width: 300px) 100vw, 300px\" \/><\/a><figcaption id=\"caption-attachment-128302\" class=\"wp-caption-text\">Roberto Marchant.<\/figcaption><\/figure>\n<p>\u201cMe parece estupendo tanto para las personas que lo necesitaban como para las personas que lo ven como un pasatiempo. Yo soy de los que lo necesitaba, porque por un c\u00e1ncer a los 15 a\u00f1os alojado en la rodilla izquierda, me tuvieron que colocar una pr\u00f3tesis de titanio.\u00a0 Despu\u00e9s de la operaci\u00f3n me dijeron que no pod\u00eda hacer muchas cosas, pero no me dijeron las cosas que s\u00ed pod\u00eda hacer. Y el v\u00f3leibol sentado s\u00ed lo puedo hacer. Cuando lo conoc\u00ed en la UPLA fue estupendo, porque me sac\u00f3 esa parte deportiva que siempre he tenido\u201d, sostuvo Marchant.<\/p>\n<p>Estudiantes de Pedagog\u00eda en Educaci\u00f3n B\u00e1sica, Educaci\u00f3n F\u00edsica, Kinesiolog\u00eda y Terapia Ocupacional fueron los que mayoritariamente participaron en el torneo.<\/p>\n<figure id=\"attachment_128301\" aria-describedby=\"caption-attachment-128301\" style=\"width: 300px\" class=\"wp-caption alignright\"><a href=\"https:\/\/www.upla.cl\/noticias\/wp-content\/uploads\/2019\/08\/Paula_Rojas.jpg\"><img loading=\"lazy\" decoding=\"async\" class=\"size-medium wp-image-128301\" src=\"https:\/\/www.upla.cl\/noticias\/wp-content\/uploads\/2019\/08\/Paula_Rojas-300x200.jpg\" alt=\"\" width=\"300\" height=\"200\" srcset=\"https:\/\/upla.cl\/noticias\/wp-content\/uploads\/2019\/08\/Paula_Rojas-300x200.jpg 300w, https:\/\/upla.cl\/noticias\/wp-content\/uploads\/2019\/08\/Paula_Rojas.jpg 640w\" sizes=\"auto, (max-width: 300px) 100vw, 300px\" \/><\/a><figcaption id=\"caption-attachment-128301\" class=\"wp-caption-text\">Paula Rojas.<\/figcaption><\/figure>\n<p>Fue el caso de la <strong>alumna de tercer a\u00f1o de Kinesiolog\u00eda, Paula Rojas,<\/strong> que le pareci\u00f3 muy gratificante en lo personal y acad\u00e9mico protagonizar esta actividad.<\/p>\n<p>\u201cChile no est\u00e1 preparado para la inclusi\u00f3n en los distintos \u00e1mbitos, menos en lo deportivo. Hacer una carrera deportiva en este pa\u00eds cuesta mucho, en el \u00e1mbito inclusivo me imagino debe costar el doble. La comunidad ha sido muy receptiva con este taller. Yo creo que teniendo nosotros un buen c\u00edrculo, \u00a0eso se transmite y la gente puede participar en estas actividades, que nos dan mucho a modo de experiencia\u201d, afirm\u00f3 la futura kinesi\u00f3loga.<\/p>\n<p><a href=\"https:\/\/www.upla.cl\/noticias\/wp-content\/uploads\/2019\/08\/campeonato_voleibol_sentado20.jpg\"><img loading=\"lazy\" decoding=\"async\" class=\"alignright size-medium wp-image-128300\" src=\"https:\/\/www.upla.cl\/noticias\/wp-content\/uploads\/2019\/08\/campeonato_voleibol_sentado20-300x200.jpg\" alt=\"\" width=\"300\" height=\"200\" srcset=\"https:\/\/upla.cl\/noticias\/wp-content\/uploads\/2019\/08\/campeonato_voleibol_sentado20-300x200.jpg 300w, https:\/\/upla.cl\/noticias\/wp-content\/uploads\/2019\/08\/campeonato_voleibol_sentado20.jpg 640w\" sizes=\"auto, (max-width: 300px) 100vw, 300px\" \/><\/a>M\u00e1s all\u00e1 de los puntos del campeonato, la \u00a0actividad invit\u00f3 a la comunidad universitaria a transformar la relaci\u00f3n de los estudiantes, docentes y funcionarios desde la mirada de la diversidad de las personas y, en atenci\u00f3n a ello, responder a las necesidades de cada uno, eliminando todo tipo de barreras, con el objetivo de facilitar la participaci\u00f3n, especialmente, de quienes se encuentran vulnerables ante la exclusi\u00f3n.<\/p>\n","protected":false},"excerpt":{"rendered":"<p>Actividad integr\u00f3 a la comunidad universitaria desde la mirada de la diversidad, con el objetivo de eliminar todo tipo de barreras y con ello facilitar la participaci\u00f3n, especialmente, de quienes se encuentran vulnerables ante la exclusi\u00f3n.<\/p>\n","protected":false},"author":10,"featured_media":128298,"comment_status":"closed","ping_status":"closed","sticky":false,"template":"","format":"standard","meta":{"footnotes":""},"categories":[42,40,101,97,72,73,74,99,122,725],"tags":[],"class_list":["post-128296","post","type-post","status-publish","format-standard","has-post-thumbnail","","category-deportes","category-destacados","category-docencia","category-estudiantes","category-facultad-de-ciencias-actividad-fisica-y-deporte","category-facultad-de-ciencias-de-la-educacion","category-facultad-de-ciencias-de-la-salud","category-funcionarios","category-inclusion","category-pedagogia-en-educacion-fisica"],"_links":{"self":[{"href":"https:\/\/upla.cl\/noticias\/wp-json\/wp\/v2\/posts\/128296","targetHints":{"allow":["GET"]}}],"collection":[{"href":"https:\/\/upla.cl\/noticias\/wp-json\/wp\/v2\/posts"}],"about":[{"href":"https:\/\/upla.cl\/noticias\/wp-json\/wp\/v2\/types\/post"}],"author":[{"embeddable":true,"href":"https:\/\/upla.cl\/noticias\/wp-json\/wp\/v2\/users\/10"}],"replies":[{"embeddable":true,"href":"https:\/\/upla.cl\/noticias\/wp-json\/wp\/v2\/comments?post=128296"}],"version-history":[{"count":0,"href":"https:\/\/upla.cl\/noticias\/wp-json\/wp\/v2\/posts\/128296\/revisions"}],"wp:featuredmedia":[{"embeddable":true,"href":"https:\/\/upla.cl\/noticias\/wp-json\/wp\/v2\/media\/128298"}],"wp:attachment":[{"href":"https:\/\/upla.cl\/noticias\/wp-json\/wp\/v2\/media?parent=128296"}],"wp:term":[{"taxonomy":"category","embeddable":true,"href":"https:\/\/upla.cl\/noticias\/wp-json\/wp\/v2\/categories?post=128296"},{"taxonomy":"post_tag","embeddable":true,"href":"https:\/\/upla.cl\/noticias\/wp-json\/wp\/v2\/tags?post=128296"}],"curies":[{"name":"wp","href":"https:\/\/api.w.org\/{rel}","templated":true}]}}