{"id":128505,"date":"2019-09-03T17:00:57","date_gmt":"2019-09-03T21:00:57","guid":{"rendered":"https:\/\/www.upla.cl\/noticias\/?p=128505"},"modified":"2019-09-03T18:46:03","modified_gmt":"2019-09-03T22:46:03","slug":"evacuacion-tiempos-acotados-y-zonas-de-proteccion-aspectos-claves-a-evaluar-en-simulacro-de-sismo-y-tsunami","status":"publish","type":"post","link":"https:\/\/upla.cl\/noticias\/2019\/09\/03\/evacuacion-tiempos-acotados-y-zonas-de-proteccion-aspectos-claves-a-evaluar-en-simulacro-de-sismo-y-tsunami\/","title":{"rendered":"Evacuaci\u00f3n, tiempos acotados y zonas de protecci\u00f3n, aspectos claves a evaluar en simulacro de sismo y tsunami"},"content":{"rendered":"<p style=\"text-align: justify;\"><a href=\"https:\/\/www.upla.cl\/noticias\/wp-content\/uploads\/2019\/09\/AFICHE-SIMULACRO-OK-01-e1567543886754.jpg\"><img loading=\"lazy\" decoding=\"async\" class=\"alignleft size-medium wp-image-128540\" src=\"https:\/\/www.upla.cl\/noticias\/wp-content\/uploads\/2019\/09\/AFICHE-SIMULACRO-OK-01-214x300.jpg\" alt=\"\" width=\"214\" height=\"300\" \/><\/a>Aproximadamente 2500 personas, entre funcionarios acad\u00e9micos y estudiantes de los distintos campus de la <strong>Universidad de Playa Ancha,<\/strong> participar\u00e1n del <strong>simulacro de sismo y tsunami<\/strong> del borde costero convocado por la <strong>ONEMI<\/strong> para este jueves 5 de septiembre.<\/p>\n<p style=\"text-align: justify;\">De acuerdo a lo informado por los coordinadores de este actividad, la UPLA cuenta con tres campus que se ubican en la llamada \u201czona inundable\u201d: <strong>Edificio Independencia, en el centro de Valpara\u00edso, Edificios de las Facultades de Ciencias Naturales y Exactas e Ingenier\u00eda\u00a0 y Facultad de Arte, en Playa Ancha,\u00a0 y Edificio del Centro de Estudios Avanzados, en Vi\u00f1a del Mar.<\/strong><\/p>\n<p style=\"text-align: justify;\"><strong>Luis Fuentes, Director General de Prevenci\u00f3n de Riesgos<\/strong> de nuestra instituci\u00f3n, destac\u00f3 la importancia de la participaci\u00f3n de todas las instituciones convocadas a esta simulacro, especialmente por la relevancia y el proceso de aprendizaje sobre el accionar en este tipo de emergencias.<a href=\"https:\/\/www.upla.cl\/noticias\/wp-content\/uploads\/2019\/09\/01Luis_Fuentes-e1567543963488.jpg\"><img loading=\"lazy\" decoding=\"async\" class=\"alignright size-medium wp-image-128539\" src=\"https:\/\/www.upla.cl\/noticias\/wp-content\/uploads\/2019\/09\/01Luis_Fuentes-300x200.jpg\" alt=\"\" width=\"300\" height=\"200\" \/><\/a><\/p>\n<p style=\"text-align: justify;\">En el caso de la UPLA, se han incorporado todos sus campus a esta actividad, con excepci\u00f3n del que se encuentra ubicado en San Felipe.<\/p>\n<p style=\"text-align: justify;\">Toda la comunidad universitaria ser\u00e1 convocada a participar, especialmente los comit\u00e9s paritarios y estudiantes voluntarios que han participado en capacitaciones de la ONEMI para ser <strong>evaluadores de educaci\u00f3n superior,<\/strong> siendo los \u00fanicos alumnos, junto al DUOC, que se han involucrado en este proceso.<\/p>\n<p style=\"text-align: justify;\"><a href=\"https:\/\/www.upla.cl\/noticias\/wp-content\/uploads\/2019\/09\/IMG-1184-e1567544035301.jpg\"><img loading=\"lazy\" decoding=\"async\" class=\"alignright size-medium wp-image-128542\" src=\"https:\/\/www.upla.cl\/noticias\/wp-content\/uploads\/2019\/09\/IMG-1184-300x225.jpg\" alt=\"\" width=\"300\" height=\"225\" \/><\/a>En este sentido, explic\u00f3 Fuentes, la participaci\u00f3n de los estudiantes resulta fundamental: \u201cCada vez que egresa un estudiante de nuestra universidad, tambi\u00e9n es un futuro trabajador que va a ingresar al mundo laboral y coincidente con los objetivos de ONEMI se genera cultura preventiva y tambi\u00e9n el\u00a0 sentido de autocuidado el cual es muy importante\u00a0 muy importante que todos desarrollemos pues la seguridad de las personas parte por lo que uno mismo, puede hacer por uno mismo\u201d.<\/p>\n<p style=\"text-align: justify;\">La v\u00edas de evacuaci\u00f3n estar\u00e1n ubicadas en los frontis de acceso de cada edificio. Tambi\u00e9n se han pensado procedimientos especiales para el <strong>Jard\u00edn Infantil y Sala Cuna \u00abColmenita\u00bb<\/strong> y para las personas con movilidad reducida y discapacitados.<\/p>\n<p style=\"text-align: justify;\">De acuerdo a las instrucciones de la ONEMI, este simulacro se ha organizado en base a la ocurrencia de un sismo\u00a0 de 7.7 grados con un epicentro a aproximadamente 30 kil\u00f3metros\u00a0 al suroeste de Laguna Verde y que genera una tsunami para el borde costero. Est\u00e1 contemplado la activaci\u00f3n del sonido de sirenas por aproximadamente 2 minutos, tiempo en el cual las personas deben permanecer en una zona segura y no evacuar, pues se supone que transcurre el sismo.<\/p>\n<p style=\"text-align: justify;\"><a href=\"https:\/\/www.upla.cl\/noticias\/wp-content\/uploads\/2019\/09\/IMG-1182-e1567544094966.jpg\"><img loading=\"lazy\" decoding=\"async\" class=\"alignright size-medium wp-image-128541\" src=\"https:\/\/www.upla.cl\/noticias\/wp-content\/uploads\/2019\/09\/IMG-1182-300x225.jpg\" alt=\"\" width=\"300\" height=\"225\" \/><\/a>Luego, continu\u00f3 el profesional, se debe cumplir con los siguientes comportamientos: \u201cNunca hay que evacuar durante un sismo; durante un sismo las personas deben tomar ubicaci\u00f3n en zona segura dentro del lugar que se encuentran, alej\u00e1ndose de ventanales y elementos que puedan caer y muebles que puedan caer tambi\u00e9n, y despu\u00e9s de eso las personas pueden salir. Y c\u00f3mo se hace una evacuaci\u00f3n segura: primero que toda caminando r\u00e1pido y sin correr, en lo posible en silencio para escuchar las instrucciones de quienes est\u00e9n guiando la evacuaci\u00f3n\u201d.<\/p>\n<p style=\"text-align: justify;\">Una simulacro exitoso estar\u00e1 dado por la evacuaci\u00f3n de todas las personas hacia la zona de seguridad, el cumplimiento de los tiempos contemplados y la seguridad del proceso. Si lo anterior se cumple, dijo Fuentes, se evitar\u00e1n los accidentes y lo m\u00e1s importante, se salvar\u00e1n vidas en la eventualidad de la real ocurrencia de estas emergencias.<\/p>\n","protected":false},"excerpt":{"rendered":"<p>El \u00e9xito de este proceso, que se realizar\u00e1 este jueves, ser\u00e1 puesto a prueba en todos los campus, lo que permitir\u00e1 evaluar la respuesta de la comunidad universitaria en la eventualidad de una emergencia real.<\/p>\n","protected":false},"author":11,"featured_media":128540,"comment_status":"closed","ping_status":"closed","sticky":false,"template":"","format":"standard","meta":{"footnotes":""},"categories":[51,96,61,62,40,97,71,72,73,74,75,76,77,78,99,122,87,90],"tags":[],"class_list":["post-128505","post","type-post","status-publish","format-standard","has-post-thumbnail","","category-academia","category-academicos","category-carreras-vespertinas","category-cea","category-destacados","category-estudiantes","category-facultad-de-arte","category-facultad-de-ciencias-actividad-fisica-y-deporte","category-facultad-de-ciencias-de-la-educacion","category-facultad-de-ciencias-de-la-salud","category-facultad-de-ciencias-naturales-y-exactas","category-facultad-de-ciencias-sociales","category-facultad-de-humanidades","category-facultad-de-ingenieria","category-funcionarios","category-inclusion","category-colmenita","category-uae"],"_links":{"self":[{"href":"https:\/\/upla.cl\/noticias\/wp-json\/wp\/v2\/posts\/128505","targetHints":{"allow":["GET"]}}],"collection":[{"href":"https:\/\/upla.cl\/noticias\/wp-json\/wp\/v2\/posts"}],"about":[{"href":"https:\/\/upla.cl\/noticias\/wp-json\/wp\/v2\/types\/post"}],"author":[{"embeddable":true,"href":"https:\/\/upla.cl\/noticias\/wp-json\/wp\/v2\/users\/11"}],"replies":[{"embeddable":true,"href":"https:\/\/upla.cl\/noticias\/wp-json\/wp\/v2\/comments?post=128505"}],"version-history":[{"count":0,"href":"https:\/\/upla.cl\/noticias\/wp-json\/wp\/v2\/posts\/128505\/revisions"}],"wp:featuredmedia":[{"embeddable":true,"href":"https:\/\/upla.cl\/noticias\/wp-json\/wp\/v2\/media\/128540"}],"wp:attachment":[{"href":"https:\/\/upla.cl\/noticias\/wp-json\/wp\/v2\/media?parent=128505"}],"wp:term":[{"taxonomy":"category","embeddable":true,"href":"https:\/\/upla.cl\/noticias\/wp-json\/wp\/v2\/categories?post=128505"},{"taxonomy":"post_tag","embeddable":true,"href":"https:\/\/upla.cl\/noticias\/wp-json\/wp\/v2\/tags?post=128505"}],"curies":[{"name":"wp","href":"https:\/\/api.w.org\/{rel}","templated":true}]}}