{"id":128690,"date":"2019-09-05T16:41:28","date_gmt":"2019-09-05T20:41:28","guid":{"rendered":"https:\/\/www.upla.cl\/noticias\/?p=128690"},"modified":"2019-09-05T16:41:28","modified_gmt":"2019-09-05T20:41:28","slug":"incendios-en-el-amazonas-experto-en-geografia-asegura-que-no-existe-una-politica-de-conservacion-para-la-vida","status":"publish","type":"post","link":"https:\/\/upla.cl\/noticias\/2019\/09\/05\/incendios-en-el-amazonas-experto-en-geografia-asegura-que-no-existe-una-politica-de-conservacion-para-la-vida\/","title":{"rendered":"Incendios en el Amazonas: Experto en geograf\u00eda asegura que no existe una pol\u00edtica de conservaci\u00f3n para la vida  \u00a0"},"content":{"rendered":"<p><a href=\"https:\/\/www.upla.cl\/noticias\/wp-content\/uploads\/2019\/09\/Incendio-Amazonas.jpg\"><img loading=\"lazy\" decoding=\"async\" class=\"aligncenter size-full wp-image-128691\" src=\"https:\/\/www.upla.cl\/noticias\/wp-content\/uploads\/2019\/09\/Incendio-Amazonas.jpg\" alt=\"\" width=\"960\" height=\"640\" srcset=\"https:\/\/upla.cl\/noticias\/wp-content\/uploads\/2019\/09\/Incendio-Amazonas.jpg 960w, https:\/\/upla.cl\/noticias\/wp-content\/uploads\/2019\/09\/Incendio-Amazonas-300x200.jpg 300w, https:\/\/upla.cl\/noticias\/wp-content\/uploads\/2019\/09\/Incendio-Amazonas-768x512.jpg 768w\" sizes=\"auto, (max-width: 960px) 100vw, 960px\" \/><\/a><\/p>\n<p>Los incendios en la selva amaz\u00f3nica no solo generan un impacto en las comunidades ind\u00edgenas y campesinas que all\u00ed habitan, sino tambi\u00e9n agravan la crisis clim\u00e1tica y producen desastres naturales que pueden ser extremadamente da\u00f1inos para los ecosistemas.<\/p>\n<p>As\u00ed lo afirma el acad\u00e9mico del departamento de Historia de la Universidad de Playa Ancha, Ignacio Rojas Rubio, quien advierte que el desastre que actualmente se vive en el Amazonas es el reflejo de sistemas productivos \u00a0perversos.<\/p>\n<p>A juicio del acad\u00e9mico, quien es miembro del Grupo de Trabajo Pensamiento Geogr\u00e1fico Cr\u00edtico Latinoamericano, no existe una pol\u00edtica de conservaci\u00f3n para la vida, posici\u00f3n que se representa en gobiernos como el del Presidente Jair Bolsonaro, cuyos discursos y acciones expone la vulnerabilidad de la selva amaz\u00f3nica y la desprotecci\u00f3n de sus pueblos y nacionalidades ind\u00edgenas. Ello, porque promueve la expansi\u00f3n de la frontera agr\u00edcola, ganadera y extractiva en la Amazon\u00eda, generando una deforestaci\u00f3n sin vuelta atr\u00e1s.<\/p>\n<p>\u201c<strong>Se discute qu\u00e9 significa esta protecci\u00f3n del medio ambiente, qu\u00e9 significa esta concepci\u00f3n de explotaci\u00f3n de los recursos \u2026 por parte de ciertos grupos, porque ah\u00ed est\u00e1 la lucha de ciertas especies que se est\u00e1n viendo amenazadas. Son casi cuatro mil especies de fauna y de flora, son casi 40 mil especies las que se est\u00e1n viendo afectadas en la Amazon\u00eda, que corresponde caso al 25 por ciento del pulm\u00f3n verde que tenemos a nivel global, y junto con eso, casi 400 comunidades ind\u00edgenas que est\u00e1n siendo desplazadas por los incendios\u201d, <\/strong>dice el acad\u00e9mico.<\/p>\n<p><strong>Cifras negras<\/strong><\/p>\n<p><a href=\"https:\/\/www.upla.cl\/noticias\/wp-content\/uploads\/2019\/09\/Ignacio-Rojas.jpg\"><img loading=\"lazy\" decoding=\"async\" class=\"alignleft size-medium wp-image-128692\" src=\"https:\/\/www.upla.cl\/noticias\/wp-content\/uploads\/2019\/09\/Ignacio-Rojas-300x200.jpg\" alt=\"\" width=\"300\" height=\"200\" \/><\/a>Agrega que la conservaci\u00f3n del Amazonas es clave, porque estructura la vida de casi toda Am\u00e9rica del Sur Central, y porque alberga el 20 por ciento del agua dulce l\u00edquida del mundo. Adem\u00e1s, libera cerca del 20 por ciento\u00a0 del ox\u00edgeno que va a la atm\u00f3sfera y almacena\u00a0 entre 100 y 130 mil millones de toneladas de di\u00f3xido de carbono. Por ello \u2013dijo- es de vital importancia para la regulaci\u00f3n del clima global.<\/p>\n<p>Todos estos datos, que est\u00e1n contenidos en una declaraci\u00f3n del grupo de especialistas al que pertenece, se suma otro, referido a que la tendencia actual de los pa\u00edses amaz\u00f3nicos ha sido la desprotecci\u00f3n del ecosistema. Es m\u00e1s, Ignacio Rojas afirma que los gobiernos de Bolivia, Colombia, Ecuador, Per\u00fa y Venezuela no han generado pol\u00edticas p\u00fablicas para la defensa y protecci\u00f3n de la Amazonia.<\/p>\n<p>En su opini\u00f3n, el problema de fondo radica en una \u00e9tica basada en el aspecto productivo, que no respeta a los otros ni al medioambiente. Es una \u00e9tica que justifica el rechazo de la ayuda internacional, con lo cual se da la espalda a la justicia ambiental, al desarrollo sustentable, a las poblaciones que se ven afectadas por los incendios, por la explotaci\u00f3n de petr\u00f3leo (que tambi\u00e9n se ve en nuestra regi\u00f3n, en Quintero y Puchuncav\u00ed), entre otros casos.<\/p>\n<p><strong>\u201cEs una \u00e9tica liberal, fundamentalmente, que est\u00e1 m\u00e1s situada en lo individual, en el aspecto productivo-econ\u00f3mico, m\u00e1s que en las condiciones de una \u00e9tica que est\u00e9 pensando en las condiciones sociales reales de la poblaci\u00f3n\u2026Desde una concepci\u00f3n m\u00e1s humanista, creo que es una crisis \u00e9tica grave. Es producto de esa decisi\u00f3n \u00e9tica de administraci\u00f3n del Estado, de administraci\u00f3n de los medios de producci\u00f3n\u201d, <\/strong>subraya Rojas, quien pantea que la relaci\u00f3n \u201c\u00e9tica y medioambiente\u201d ser\u00e1 el foco de la pr\u00f3xima cita de la COP 25 (Conferencia de las Naciones Unidas sobre el Cambio Clim\u00e1tico), que se realizar\u00e1 en nuestro pa\u00eds en diciembre pr\u00f3ximo.<\/p>\n<h5><strong>Lo que se viene<\/strong><\/h5>\n<p><a href=\"https:\/\/www.upla.cl\/noticias\/wp-content\/uploads\/2016\/11\/antartica.jpg\"><img loading=\"lazy\" decoding=\"async\" class=\"alignleft size-medium wp-image-93233\" src=\"https:\/\/www.upla.cl\/noticias\/wp-content\/uploads\/2016\/11\/antartica-300x168.jpg\" alt=\"\" width=\"300\" height=\"168\" srcset=\"https:\/\/upla.cl\/noticias\/wp-content\/uploads\/2016\/11\/antartica-300x168.jpg 300w, https:\/\/upla.cl\/noticias\/wp-content\/uploads\/2016\/11\/antartica.jpg 640w\" sizes=\"auto, (max-width: 300px) 100vw, 300px\" \/><\/a>Sobre este encuentro, coment\u00f3 que muchos de los acuerdos que se han alcanzado en citas anteriores,\u00a0 no se han cumplido, salvo los pa\u00edses de la Uni\u00f3n Europea, que s\u00ed han bajado sus emisiones de CO2; no as\u00ed las dos econom\u00edas m\u00e1s grandes como Estados Unidos y China, que han duplicado y triplicado sus emisiones durante los \u00faltimos cinco a\u00f1os.<\/p>\n<p><strong>\u201cCreo que tiene que haber una visi\u00f3n cr\u00edtica del COP 25. Es decir, de lo que va a ocurrir en Chile. No creo que los Estados vengan a solucionar una crisis clim\u00e1tica que, como digo, tiene que ver con una crisis social, que es mucho m\u00e1s amplia, y que tiene que ver con una crisis estructural, fundamentalmente y, por lo tanto, hay voces que tambi\u00e9n hay que escuchar y que se van a apartar de la COP 25\u2026.est\u00e1 la Modatima, que es un movimiento social que se va a apartar de la COP25. Hay movimientos mapuches\u00a0 que van a ser cr\u00edticos\u201d, advierte Ignacio Rojas. <\/strong><\/p>\n<p><strong>\u00a0<\/strong>En el caso puntual de <strong>Chile<\/strong>, \u00a0adem\u00e1s de los problemas medioambientales como <strong>Puchuncav\u00ed<\/strong> y la situaci\u00f3n de los pueblos originarios, se suma el derretimiento de los glaciares, la explotaci\u00f3n de los bosques nativos y el recurso mar\u00edtimo, a pesar de que nuestro pa\u00eds solo emite el 0,25 por ciento de CO2 a nivel mundial.<\/p>\n<p>&nbsp;<\/p>\n<p><strong>\u00a0<\/strong><\/p>\n<p>&nbsp;<\/p>\n<p>&nbsp;<\/p>\n<p>&nbsp;<\/p>\n<p>&nbsp;<\/p>\n","protected":false},"excerpt":{"rendered":"<p>Ignacio Rojas, acad\u00e9mico de la Universidad de Playa Ancha, dice estar expectante con las posturas que se enfrentar\u00e1n en la COP 25, cita que se realizar\u00e1 en nuestro pa\u00eds en diciembre pr\u00f3ximo.<\/p>\n","protected":false},"author":3,"featured_media":128691,"comment_status":"closed","ping_status":"closed","sticky":false,"template":"","format":"standard","meta":{"footnotes":""},"categories":[51,96,40,77,43],"tags":[],"class_list":["post-128690","post","type-post","status-publish","format-standard","has-post-thumbnail","","category-academia","category-academicos","category-destacados","category-facultad-de-humanidades","category-investigacion"],"_links":{"self":[{"href":"https:\/\/upla.cl\/noticias\/wp-json\/wp\/v2\/posts\/128690","targetHints":{"allow":["GET"]}}],"collection":[{"href":"https:\/\/upla.cl\/noticias\/wp-json\/wp\/v2\/posts"}],"about":[{"href":"https:\/\/upla.cl\/noticias\/wp-json\/wp\/v2\/types\/post"}],"author":[{"embeddable":true,"href":"https:\/\/upla.cl\/noticias\/wp-json\/wp\/v2\/users\/3"}],"replies":[{"embeddable":true,"href":"https:\/\/upla.cl\/noticias\/wp-json\/wp\/v2\/comments?post=128690"}],"version-history":[{"count":0,"href":"https:\/\/upla.cl\/noticias\/wp-json\/wp\/v2\/posts\/128690\/revisions"}],"wp:featuredmedia":[{"embeddable":true,"href":"https:\/\/upla.cl\/noticias\/wp-json\/wp\/v2\/media\/128691"}],"wp:attachment":[{"href":"https:\/\/upla.cl\/noticias\/wp-json\/wp\/v2\/media?parent=128690"}],"wp:term":[{"taxonomy":"category","embeddable":true,"href":"https:\/\/upla.cl\/noticias\/wp-json\/wp\/v2\/categories?post=128690"},{"taxonomy":"post_tag","embeddable":true,"href":"https:\/\/upla.cl\/noticias\/wp-json\/wp\/v2\/tags?post=128690"}],"curies":[{"name":"wp","href":"https:\/\/api.w.org\/{rel}","templated":true}]}}