{"id":129121,"date":"2019-09-23T16:46:33","date_gmt":"2019-09-23T19:46:33","guid":{"rendered":"https:\/\/www.upla.cl\/noticias\/?p=129121"},"modified":"2019-09-23T16:46:33","modified_gmt":"2019-09-23T19:46:33","slug":"trio-pleyades-dio-concierto-en-la-facultad-de-arte-upla","status":"publish","type":"post","link":"https:\/\/upla.cl\/noticias\/2019\/09\/23\/trio-pleyades-dio-concierto-en-la-facultad-de-arte-upla\/","title":{"rendered":"Tr\u00edo Pl\u00e9yades dio concierto en la Facultad de Arte UPLA"},"content":{"rendered":"<p style=\"text-align: justify\"><a href=\"https:\/\/www.upla.cl\/noticias\/wp-content\/uploads\/2019\/09\/TrioPleyades1.jpg\"><img loading=\"lazy\" decoding=\"async\" class=\"alignleft size-medium wp-image-129122\" src=\"https:\/\/www.upla.cl\/noticias\/wp-content\/uploads\/2019\/09\/TrioPleyades1-300x199.jpg\" alt=\"\" width=\"300\" height=\"199\" srcset=\"https:\/\/upla.cl\/noticias\/wp-content\/uploads\/2019\/09\/TrioPleyades1-300x199.jpg 300w, https:\/\/upla.cl\/noticias\/wp-content\/uploads\/2019\/09\/TrioPleyades1-310x205.jpg 310w, https:\/\/upla.cl\/noticias\/wp-content\/uploads\/2019\/09\/TrioPleyades1.jpg 640w\" sizes=\"auto, (max-width: 300px) 100vw, 300px\" \/><\/a>35 minutos, aproximadamente, dur\u00f3 el concierto que el <strong>Tr\u00edo Pl\u00e9yades de Valpara\u00edso<\/strong> brind\u00f3 en el auditorio de la <strong>Facultad de Arte de la Universidad de Playa Ancha,<\/strong> previo a su participaci\u00f3n en el <strong>7\u00ba Festival de M\u00fasica de C\u00e1mara<\/strong> que se realiza en <strong>Mendoza, Argentina.\u00a0\u00a0<\/strong><\/p>\n<p style=\"text-align: justify\">La agrupaci\u00f3n, compuesta por <strong>Anal\u00eda Marigliano (piano), Eduardo Simpson (violonchello) y Manuel Simpson (viol\u00edn),<\/strong> quiso con esta presentaci\u00f3n mostrar y difundir su nuevo repertorio (2019) ante colegas y amigos, y adem\u00e1s preparar su participaci\u00f3n en el evento musical trasandino.<\/p>\n<p style=\"text-align: justify\">La pianista Anal\u00eda Marigliano explic\u00f3 que el concierto comenz\u00f3 con un tr\u00edo completo de cuatro movimientos que pertenece al compositor franc\u00e9s Maurice Ravel y finaliz\u00f3 con parte de la obra Las Cuatro Estaciones Porte\u00f1as de Astor Piazzola, pero con arreglo para tr\u00edo del gran chelista \u00edtalo-argentino Jos\u00e9 Bragato.<\/p>\n<p style=\"text-align: justify\">\u201cCreo que esta presentaci\u00f3n fue bien recibida por el p\u00fablico, que sabemos que es muy receptivo, muy c\u00e1lido. Hoy estuvieron nuestros estudiantes que son sumamente sensibles a la m\u00fasica, as\u00ed que simplemente esperamos haberle llegado con nuestra m\u00fasica y que les haya generado una m\u00ednima transformaci\u00f3n, que es en realidad para lo que estamos nosotros los int\u00e9rpretes\u201d, recalc\u00f3 la m\u00fasico y docente UPLA.<\/p>\n<h5 style=\"text-align: justify\">Tr\u00edo Pl\u00e9yades<\/h5>\n<p style=\"text-align: justify\">El tr\u00edo est\u00e1 compuesto por tres amigos y acad\u00e9micos de la Universidad de Playa Ancha (Anal\u00eda Marigliano, Eduardo Simpson y Manuel Simpson). Su formaci\u00f3n data de 2014 con la idea de difundir m\u00fasica basada en un repertorio virtuos\u00edstico para esta formaci\u00f3n.<\/p>\n<p style=\"text-align: justify\"><a href=\"https:\/\/www.upla.cl\/noticias\/wp-content\/uploads\/2019\/09\/TrioPleyades4.jpg\"><img loading=\"lazy\" decoding=\"async\" class=\"alignleft size-medium wp-image-129123\" src=\"https:\/\/www.upla.cl\/noticias\/wp-content\/uploads\/2019\/09\/TrioPleyades4-300x199.jpg\" alt=\"\" width=\"300\" height=\"199\" srcset=\"https:\/\/upla.cl\/noticias\/wp-content\/uploads\/2019\/09\/TrioPleyades4-300x199.jpg 300w, https:\/\/upla.cl\/noticias\/wp-content\/uploads\/2019\/09\/TrioPleyades4-310x205.jpg 310w, https:\/\/upla.cl\/noticias\/wp-content\/uploads\/2019\/09\/TrioPleyades4.jpg 640w\" sizes=\"auto, (max-width: 300px) 100vw, 300px\" \/><\/a>Su trayectoria lo ha llevado a presentarse no solo en la Regi\u00f3n de Valpara\u00edso, sino que tambi\u00e9n en Argentina. Durante sus 5 a\u00f1os y medio de vida art\u00edstica se ha dedicado a divulgar m\u00fasica europea y latinoamericana, centrando sus proyectos futuros en este \u00faltimo estilo.<\/p>\n<p style=\"text-align: justify\">Se han presentado en el Teatro Municipal, Club de Vi\u00f1a y Castillo Wulff de Vi\u00f1a del Mar; as\u00ed como tambi\u00e9n en el Festival Internacional de M\u00fasica Contempor\u00e1nea Darwin Vargas, organizado por el Instituto de M\u00fasica de la PUCV; y en el Festival de M\u00fasica de C\u00e1mara de Mendoza, Argentina.<\/p>\n","protected":false},"excerpt":{"rendered":"<p>La agrupaci\u00f3n de piano, violonchello y viol\u00edn mostr\u00f3 su nuevo repertorio previo a su participaci\u00f3n en el 7\u00ba Festival de M\u00fasica de C\u00e1mara que se realiza en Argentina.<\/p>\n","protected":false},"author":11,"featured_media":129122,"comment_status":"closed","ping_status":"closed","sticky":false,"template":"","format":"standard","meta":{"footnotes":""},"categories":[96,52,40,69,97,71,91],"tags":[],"class_list":["post-129121","post","type-post","status-publish","format-standard","has-post-thumbnail","","category-academicos","category-cultura","category-destacados","category-egresados","category-estudiantes","category-facultad-de-arte","category-vinculacion-con-el-medio"],"_links":{"self":[{"href":"https:\/\/upla.cl\/noticias\/wp-json\/wp\/v2\/posts\/129121","targetHints":{"allow":["GET"]}}],"collection":[{"href":"https:\/\/upla.cl\/noticias\/wp-json\/wp\/v2\/posts"}],"about":[{"href":"https:\/\/upla.cl\/noticias\/wp-json\/wp\/v2\/types\/post"}],"author":[{"embeddable":true,"href":"https:\/\/upla.cl\/noticias\/wp-json\/wp\/v2\/users\/11"}],"replies":[{"embeddable":true,"href":"https:\/\/upla.cl\/noticias\/wp-json\/wp\/v2\/comments?post=129121"}],"version-history":[{"count":0,"href":"https:\/\/upla.cl\/noticias\/wp-json\/wp\/v2\/posts\/129121\/revisions"}],"wp:featuredmedia":[{"embeddable":true,"href":"https:\/\/upla.cl\/noticias\/wp-json\/wp\/v2\/media\/129122"}],"wp:attachment":[{"href":"https:\/\/upla.cl\/noticias\/wp-json\/wp\/v2\/media?parent=129121"}],"wp:term":[{"taxonomy":"category","embeddable":true,"href":"https:\/\/upla.cl\/noticias\/wp-json\/wp\/v2\/categories?post=129121"},{"taxonomy":"post_tag","embeddable":true,"href":"https:\/\/upla.cl\/noticias\/wp-json\/wp\/v2\/tags?post=129121"}],"curies":[{"name":"wp","href":"https:\/\/api.w.org\/{rel}","templated":true}]}}