{"id":130104,"date":"2019-10-09T08:46:58","date_gmt":"2019-10-09T11:46:58","guid":{"rendered":"https:\/\/www.upla.cl\/noticias\/?p=130104"},"modified":"2019-10-09T08:46:58","modified_gmt":"2019-10-09T11:46:58","slug":"artista-leonardo-portus-dicto-charla-en-la-facultad-de-arte","status":"publish","type":"post","link":"https:\/\/upla.cl\/noticias\/2019\/10\/09\/artista-leonardo-portus-dicto-charla-en-la-facultad-de-arte\/","title":{"rendered":"Artista Leonardo Portus dict\u00f3 charla en la Facultad de Arte"},"content":{"rendered":"<p style=\"text-align: justify\"><a href=\"https:\/\/www.upla.cl\/noticias\/wp-content\/uploads\/2019\/10\/Leonardo-Portus1-e1570621516709.jpg\"><img loading=\"lazy\" decoding=\"async\" class=\"alignleft size-medium wp-image-130107\" src=\"https:\/\/www.upla.cl\/noticias\/wp-content\/uploads\/2019\/10\/Leonardo-Portus1-e1570621516709-300x221.jpg\" alt=\"\" width=\"300\" height=\"221\" srcset=\"https:\/\/upla.cl\/noticias\/wp-content\/uploads\/2019\/10\/Leonardo-Portus1-e1570621516709-300x221.jpg 300w, https:\/\/upla.cl\/noticias\/wp-content\/uploads\/2019\/10\/Leonardo-Portus1-e1570621516709.jpg 568w\" sizes=\"auto, (max-width: 300px) 100vw, 300px\" \/><\/a>La presentaci\u00f3n del proyecto art\u00edstico <strong>\u201cSoplos de luz\u201d<\/strong> del artista visual autodidacta <strong>Leonardo Portus<\/strong> marc\u00f3 el inicio al <strong>Ciclo de Extensi\u00f3n del Departamento de Artes Visuales de la Facultad de Arte de la UPLA<\/strong>, que tiene como objetivo que los estudiantes conozcan y se aproximen al trabajo o proyectos que realizan los artistas en su esfera profesional.<\/p>\n<p style=\"text-align: justify\">En ese sentido, se invit\u00f3 a Leonardo Portus a inaugurar el ciclo de ponencias con la presentaci\u00f3n de su trabajo visual antes mencionado, que evidencia su experiencia sensorial vivida en 2012 cuando por primera vez visit\u00f3 el edificio de la <strong>Cooperativa El\u00e9ctrica de Chill\u00e1n (Copelec),<\/strong> y que plasm\u00f3 en una exposici\u00f3n y cat\u00e1logo de dioramas y fotograf\u00edas que recrean y ponen en valor el patrimonio art\u00edstico-arquitect\u00f3nico del lugar.<\/p>\n<p style=\"text-align: justify\">Coment\u00f3 que las obras del proyecto se expusieron por primera vez en la <strong>Universidad del B\u00edo-B\u00edo en Chillan,<\/strong> y destac\u00f3 que su inter\u00e9s por registrar el edificio Copelec surgi\u00f3 por su dise\u00f1o arquitect\u00f3nico donde destacan conceptos modernos como la escala humana, el uso del hormig\u00f3n brutalista a la vista, sus formas casi esculpidas, precisas perforaciones, espacios interiores que forman parte de un todo y una fachada que le entrega un car\u00e1cter \u00fanico a la calle donde se encuentra.<\/p>\n<p style=\"text-align: justify\"><strong><a href=\"https:\/\/www.upla.cl\/noticias\/wp-content\/uploads\/2019\/10\/Jose\u0301-De-Nordenflycht.jpg\"><img loading=\"lazy\" decoding=\"async\" class=\"alignright size-medium wp-image-130105\" src=\"https:\/\/www.upla.cl\/noticias\/wp-content\/uploads\/2019\/10\/Jose\u0301-De-Nordenflycht-300x199.jpg\" alt=\"\" width=\"300\" height=\"199\" srcset=\"https:\/\/upla.cl\/noticias\/wp-content\/uploads\/2019\/10\/Jose\u0301-De-Nordenflycht-300x199.jpg 300w, https:\/\/upla.cl\/noticias\/wp-content\/uploads\/2019\/10\/Jose\u0301-De-Nordenflycht-310x205.jpg 310w, https:\/\/upla.cl\/noticias\/wp-content\/uploads\/2019\/10\/Jose\u0301-De-Nordenflycht.jpg 640w\" sizes=\"auto, (max-width: 300px) 100vw, 300px\" \/><\/a>Jos\u00e9 De Nordenflycht, docente UPLA<\/strong> y organizador de la actividad, resalt\u00f3 que la intervenci\u00f3n de Leonardo Portus b\u00e1sicamente tiene como fin percibir y entender a los artistas como un testimonio de vida, como desarrollan su trabajo y eventualmente como los estudiantes generen una imagen mucho m\u00e1s clara respecto de modelos de trabajos para cuando egresen.<\/p>\n<p style=\"text-align: justify\">\u201cEs un acercamiento al mundo real y eso me parece que es \u00fatil en definitiva mas all\u00e1 si espec\u00edficamente el tema le haga mas o menor sentido a cada cual, lo que se puede considerar, digamos, abierto e indeterminado, como todo en el arte\u201d, agreg\u00f3 el historiador del arte.<\/p>\n<p style=\"text-align: justify\"><a href=\"https:\/\/www.upla.cl\/noticias\/wp-content\/uploads\/2019\/10\/Leonardo-Portus.jpg\"><img loading=\"lazy\" decoding=\"async\" class=\"alignright size-medium wp-image-130106\" src=\"https:\/\/www.upla.cl\/noticias\/wp-content\/uploads\/2019\/10\/Leonardo-Portus-300x199.jpg\" alt=\"\" width=\"300\" height=\"199\" srcset=\"https:\/\/upla.cl\/noticias\/wp-content\/uploads\/2019\/10\/Leonardo-Portus-300x199.jpg 300w, https:\/\/upla.cl\/noticias\/wp-content\/uploads\/2019\/10\/Leonardo-Portus-310x205.jpg 310w, https:\/\/upla.cl\/noticias\/wp-content\/uploads\/2019\/10\/Leonardo-Portus.jpg 640w\" sizes=\"auto, (max-width: 300px) 100vw, 300px\" \/><\/a>Tras la charla de Portus, el Ciclo de Extensi\u00f3n, contempla la participaci\u00f3n de dos artistas m\u00e1s: <strong>Silvia Dolinko, historiadora del arte de la Universidad Nacional San Mart\u00edn de Buenos Aires,<\/strong> quien presentar\u00e1 una exposici\u00f3n m\u00e1s disciplinar sobre grabado en Am\u00e9rica Latina el <strong>viernes 18 de octubre a las 12:45 horas en el auditorio de la Facultad de Arte. <\/strong><\/p>\n<p style=\"text-align: justify\">Mientras que el <strong>8 de noviembre (12:45 horas)<\/strong> corresponde la presentaci\u00f3n del artista visual chileno <strong>Mart\u00edn Gubbins<\/strong> con su proyecto art\u00edstico <strong>\u201cCaminos australes\u201d<\/strong> donde narra la experiencia po\u00e9tica y art\u00edstica que tuvo en la Carretera Austral, en un sector llamado <strong>\u201cMirador Confluencia\u201d<\/strong>, a unos 111 kil\u00f3metros al sur de Coyhaique.<\/p>\n","protected":false},"excerpt":{"rendered":"<p>\u00a0Con esta actividad el Departamento de Artes Visuales dio inicio al Ciclo de Extensi\u00f3n, que adem\u00e1s incluye las ponencias de la historiadora del arte argentina Silvia Dolinko y del artista visual chileno Mart\u00edn Gubbins.<\/p>\n","protected":false},"author":11,"featured_media":130107,"comment_status":"closed","ping_status":"closed","sticky":false,"template":"","format":"standard","meta":{"footnotes":""},"categories":[51,96,48,40,69,97,71,43,91],"tags":[],"class_list":["post-130104","post","type-post","status-publish","format-standard","has-post-thumbnail","","category-academia","category-academicos","category-agenda-cultural","category-destacados","category-egresados","category-estudiantes","category-facultad-de-arte","category-investigacion","category-vinculacion-con-el-medio"],"_links":{"self":[{"href":"https:\/\/upla.cl\/noticias\/wp-json\/wp\/v2\/posts\/130104","targetHints":{"allow":["GET"]}}],"collection":[{"href":"https:\/\/upla.cl\/noticias\/wp-json\/wp\/v2\/posts"}],"about":[{"href":"https:\/\/upla.cl\/noticias\/wp-json\/wp\/v2\/types\/post"}],"author":[{"embeddable":true,"href":"https:\/\/upla.cl\/noticias\/wp-json\/wp\/v2\/users\/11"}],"replies":[{"embeddable":true,"href":"https:\/\/upla.cl\/noticias\/wp-json\/wp\/v2\/comments?post=130104"}],"version-history":[{"count":0,"href":"https:\/\/upla.cl\/noticias\/wp-json\/wp\/v2\/posts\/130104\/revisions"}],"wp:featuredmedia":[{"embeddable":true,"href":"https:\/\/upla.cl\/noticias\/wp-json\/wp\/v2\/media\/130107"}],"wp:attachment":[{"href":"https:\/\/upla.cl\/noticias\/wp-json\/wp\/v2\/media?parent=130104"}],"wp:term":[{"taxonomy":"category","embeddable":true,"href":"https:\/\/upla.cl\/noticias\/wp-json\/wp\/v2\/categories?post=130104"},{"taxonomy":"post_tag","embeddable":true,"href":"https:\/\/upla.cl\/noticias\/wp-json\/wp\/v2\/tags?post=130104"}],"curies":[{"name":"wp","href":"https:\/\/api.w.org\/{rel}","templated":true}]}}