{"id":134178,"date":"2020-06-09T15:54:52","date_gmt":"2020-06-09T19:54:52","guid":{"rendered":"https:\/\/www.upla.cl\/noticias\/?p=134178"},"modified":"2020-06-09T15:54:52","modified_gmt":"2020-06-09T19:54:52","slug":"mirta-crovetto-nos-hemos-estado-alimentando-mal","status":"publish","type":"post","link":"https:\/\/upla.cl\/noticias\/2020\/06\/09\/mirta-crovetto-nos-hemos-estado-alimentando-mal\/","title":{"rendered":"Mirta Crovetto: \u00abNos hemos estado alimentando mal\u00bb"},"content":{"rendered":"<p>Un llamado a buscar formas de entregar comidas completas y equilibradas a las familias m\u00e1s vulnerables, hizo la decana de Ciencias de la Salud, Mirta Crovetto Mattassi, quien analiz\u00f3 en Radio X, de Vi\u00f1a del Mar, la entrega de cajas con alimentos que se est\u00e1 realizando a lo largo del pa\u00eds, como forma de ayudar a las personas m\u00e1s afectadas por la actual crisis social y sanitaria.<\/p>\n<p>Destac\u00f3 la acad\u00e9mica de la UPLA que \u00abtodo esfuerzo es importante en estos momentos\u00bb, pero tambi\u00e9n opin\u00f3 que debe haber una acci\u00f3n complementaria, que garantice al menos un plato de comida saludable al d\u00eda para los m\u00e1s vulnerables. Una idea que lanz\u00f3 es la posibilidad de activar comedores de JUNAEB para los escolares que no est\u00e1n yendo a clases.<\/p>\n<p>Durante la entrevista radial, Mirta Crovetto toc\u00f3 otros temas relacionados con la nutrici\u00f3n, tras hacer notar que en Chile \u00abhos hemos estado alimentando mal\u00bb y eso podr\u00eda empeoraren las actuales circunstancias.<\/p>\n<p>&nbsp;<\/p>\n<audio class=\"wp-audio-shortcode\" id=\"audio-134178-1\" preload=\"none\" style=\"width: 100%;\" controls=\"controls\"><source type=\"audio\/mpeg\" src=\"https:\/\/www.upla.cl\/noticias\/wp-content\/uploads\/2020\/06\/RadioX_Crovetto.mp3?_=1\" \/><a href=\"https:\/\/www.upla.cl\/noticias\/wp-content\/uploads\/2020\/06\/RadioX_Crovetto.mp3\">https:\/\/www.upla.cl\/noticias\/wp-content\/uploads\/2020\/06\/RadioX_Crovetto.mp3<\/a><\/audio>\n","protected":false},"excerpt":{"rendered":"<p>Radio X, Vi\u00f1a del Mar, entrevist\u00f3 a la decana de Ciencias de la Salud para hablar sobre nutrici\u00f3n y la entrega de cajas con alimentos que hace el gobierno.<\/p>\n","protected":false},"author":4,"featured_media":65519,"comment_status":"closed","ping_status":"closed","sticky":false,"template":"","format":"standard","meta":{"footnotes":""},"categories":[40,74,183,45],"tags":[],"class_list":["post-134178","post","type-post","status-publish","format-standard","has-post-thumbnail","","category-destacados","category-facultad-de-ciencias-de-la-salud","category-radio","category-upla-en-los-medios"],"_links":{"self":[{"href":"https:\/\/upla.cl\/noticias\/wp-json\/wp\/v2\/posts\/134178","targetHints":{"allow":["GET"]}}],"collection":[{"href":"https:\/\/upla.cl\/noticias\/wp-json\/wp\/v2\/posts"}],"about":[{"href":"https:\/\/upla.cl\/noticias\/wp-json\/wp\/v2\/types\/post"}],"author":[{"embeddable":true,"href":"https:\/\/upla.cl\/noticias\/wp-json\/wp\/v2\/users\/4"}],"replies":[{"embeddable":true,"href":"https:\/\/upla.cl\/noticias\/wp-json\/wp\/v2\/comments?post=134178"}],"version-history":[{"count":0,"href":"https:\/\/upla.cl\/noticias\/wp-json\/wp\/v2\/posts\/134178\/revisions"}],"wp:featuredmedia":[{"embeddable":true,"href":"https:\/\/upla.cl\/noticias\/wp-json\/wp\/v2\/media\/65519"}],"wp:attachment":[{"href":"https:\/\/upla.cl\/noticias\/wp-json\/wp\/v2\/media?parent=134178"}],"wp:term":[{"taxonomy":"category","embeddable":true,"href":"https:\/\/upla.cl\/noticias\/wp-json\/wp\/v2\/categories?post=134178"},{"taxonomy":"post_tag","embeddable":true,"href":"https:\/\/upla.cl\/noticias\/wp-json\/wp\/v2\/tags?post=134178"}],"curies":[{"name":"wp","href":"https:\/\/api.w.org\/{rel}","templated":true}]}}