{"id":134204,"date":"2020-06-10T13:41:55","date_gmt":"2020-06-10T17:41:55","guid":{"rendered":"https:\/\/www.upla.cl\/noticias\/?p=134204"},"modified":"2020-06-10T13:41:55","modified_gmt":"2020-06-10T17:41:55","slug":"futuras-psicologas-y-psicologos-upla-realizan-practicas-en-distintas-regiones-del-pais","status":"publish","type":"post","link":"https:\/\/upla.cl\/noticias\/2020\/06\/10\/futuras-psicologas-y-psicologos-upla-realizan-practicas-en-distintas-regiones-del-pais\/","title":{"rendered":"Futuras psic\u00f3logas y psic\u00f3logos UPLA realizan pr\u00e1cticas en distintas regiones del pa\u00eds"},"content":{"rendered":"<p><a href=\"https:\/\/www.upla.cl\/noticias\/wp-content\/uploads\/2020\/06\/imagen_de_archivo_sename.jpg\"><img loading=\"lazy\" decoding=\"async\" class=\"alignleft size-medium wp-image-134206\" src=\"https:\/\/www.upla.cl\/noticias\/wp-content\/uploads\/2020\/06\/imagen_de_archivo_sename-300x169.jpg\" alt=\"\" width=\"300\" height=\"169\" srcset=\"https:\/\/upla.cl\/noticias\/wp-content\/uploads\/2020\/06\/imagen_de_archivo_sename-300x169.jpg 300w, https:\/\/upla.cl\/noticias\/wp-content\/uploads\/2020\/06\/imagen_de_archivo_sename.jpg 640w\" sizes=\"auto, (max-width: 300px) 100vw, 300px\" \/><\/a>Cerca de 50 estudiantes de quinto a\u00f1o de la carrera de Psicolog\u00eda, correspondientes a la segunda generaci\u00f3n, realizan actualmente sus pr\u00e1cticas (semi aut\u00f3nomas), en distintas comunas del pa\u00eds. Una de ellas la desarrolla en la Regi\u00f3n de Los R\u00edos, otra en la Regi\u00f3n Metropolitana, y el resto en diversas instituciones de Valpara\u00edso, Vi\u00f1a del Mar, Conc\u00f3n y Quillota, entre otras.<\/p>\n<p>As\u00ed lo inform\u00f3 la <strong>supervisora de pr\u00e1cticas, docente Yanina Guti\u00e9rrez Vald\u00e9s,<\/strong> quien precis\u00f3 que las pr\u00e1cticas semi aut\u00f3nomas corresponden a aquella que se realizan en forma previa a la profesional, la cual los y las estudiantes deben hacer a partir del segundo semestre. Se trata de funciones que desempe\u00f1ar\u00e1n en \u00e1reas de psicolog\u00eda educacional, cl\u00ednica o comunitaria.<\/p>\n<p>En relaci\u00f3n a las instituciones en las que realizan las pr\u00e1cticas, la docente sostuvo que corresponden a ONG\u00b4S, y organismos p\u00fablicos y privados. Por ejemplo, Centros de Salud Familiar (Cesfam), oficinas de protecci\u00f3n de derechos (OPD), cl\u00ednica jur\u00eddica de la Universidad de Valpara\u00edso, organismos colaboradores de SENAME (residencias por ejemplo), colegios, etc.<\/p>\n<p>\u201cLo que deben hacer en el primer semestre es conocer la instituci\u00f3n u organizaci\u00f3n donde est\u00e1n, ver necesidades y con ello hacer una planificaci\u00f3n que apunte a resolver dicha necesidad. El segundo semestre ejecutan y eval\u00faan sus acciones. Esto significa hacer atenciones psicoeducativas individuales\u00a0o grupales, hacer psicoterapia, apoyo psicosocial, capacitaciones, trabajo en red, asesor\u00edas a equipos u otras acciones que sean necesarias\u201d, sostuvo la acad\u00e9mica.<\/p>\n<h5><strong>CONTRIBUCI\u00d3N<\/strong><\/h5>\n<figure id=\"attachment_134205\" aria-describedby=\"caption-attachment-134205\" style=\"width: 300px\" class=\"wp-caption alignleft\"><a href=\"https:\/\/www.upla.cl\/noticias\/wp-content\/uploads\/2020\/06\/Carolina-Va\u0301squez.jpg\"><img loading=\"lazy\" decoding=\"async\" class=\"wp-image-134205 size-medium\" src=\"https:\/\/www.upla.cl\/noticias\/wp-content\/uploads\/2020\/06\/Carolina-Va\u0301squez-300x200.jpg\" alt=\"\" width=\"300\" height=\"200\" srcset=\"https:\/\/upla.cl\/noticias\/wp-content\/uploads\/2020\/06\/Carolina-Va\u0301squez-300x200.jpg 300w, https:\/\/upla.cl\/noticias\/wp-content\/uploads\/2020\/06\/Carolina-Va\u0301squez.jpg 640w\" sizes=\"auto, (max-width: 300px) 100vw, 300px\" \/><\/a><figcaption id=\"caption-attachment-134205\" class=\"wp-caption-text\">Carolina V\u00e1squez<\/figcaption><\/figure>\n<p>En relaci\u00f3n a las estudiantes que realizan sus pr\u00e1cticas fuera de la regi\u00f3n, inform\u00f3 que son dos: <strong>Carolina V\u00e1squez<\/strong>, quien est\u00e1 en el Servicio Nacional de Menores, en Valdivia; y <strong>Mariel C\u00e1ceres,<\/strong> quien se encuentra en la Direcci\u00f3n de Desarrollo Comunal (DIDECO)\u00a0 de la Municipalidad de Recoleta, Santiago.<\/p>\n<p>Sobre sus impresiones respecto a esta experiencia, <strong>Carolina V\u00e1squez<\/strong> (en una entrevista hecha por la misma instituci\u00f3n) dijo: \u201ca trav\u00e9s de mi participaci\u00f3n como estudiante en pr\u00e1ctica busco contribuir, como profesional del \u00e1rea de salud mental, a la transformaci\u00f3n de la visi\u00f3n que se tiene de la infancia en Chile. Mi motivaci\u00f3n est\u00e1 enfocada en los ni\u00f1os, ni\u00f1as y adolescentes\u201d.<\/p>\n<p>Por su parte, la docente Yanina Guti\u00e9rrez valor\u00f3 las pr\u00e1cticas como una instancia relevante en la vida acad\u00e9mica de los futuros profesionales, al precisar que es la culminaci\u00f3n del proceso de\u00a0formaci\u00f3n.<\/p>\n<p>\u201cEs una fase muy importante donde se deben poner en juego los aprendizajes adquiridos en los a\u00f1os de estudio. La dificultad actual de trabajar a distancia hace complejos los procesos de incorporarse\u00a0a un lugar nuevo con personas diferentes en un plano profesional. Son experiencias de las que estamos aprendiendo\u201d, concluy\u00f3.<\/p>\n<p>&nbsp;<\/p>\n<p>.<\/p>\n<p>&nbsp;<\/p>\n<p>&nbsp;<\/p>\n","protected":false},"excerpt":{"rendered":"<p>Se trata de estudiantes de quinto a\u00f1o, dos de las cuales est\u00e1n en distintos servicios p\u00fablicos en Valdivia y Recoleta. <\/p>\n","protected":false},"author":3,"featured_media":134206,"comment_status":"closed","ping_status":"closed","sticky":false,"template":"","format":"standard","meta":{"footnotes":""},"categories":[51,96,40,97,76],"tags":[],"class_list":["post-134204","post","type-post","status-publish","format-standard","has-post-thumbnail","","category-academia","category-academicos","category-destacados","category-estudiantes","category-facultad-de-ciencias-sociales"],"_links":{"self":[{"href":"https:\/\/upla.cl\/noticias\/wp-json\/wp\/v2\/posts\/134204","targetHints":{"allow":["GET"]}}],"collection":[{"href":"https:\/\/upla.cl\/noticias\/wp-json\/wp\/v2\/posts"}],"about":[{"href":"https:\/\/upla.cl\/noticias\/wp-json\/wp\/v2\/types\/post"}],"author":[{"embeddable":true,"href":"https:\/\/upla.cl\/noticias\/wp-json\/wp\/v2\/users\/3"}],"replies":[{"embeddable":true,"href":"https:\/\/upla.cl\/noticias\/wp-json\/wp\/v2\/comments?post=134204"}],"version-history":[{"count":0,"href":"https:\/\/upla.cl\/noticias\/wp-json\/wp\/v2\/posts\/134204\/revisions"}],"wp:featuredmedia":[{"embeddable":true,"href":"https:\/\/upla.cl\/noticias\/wp-json\/wp\/v2\/media\/134206"}],"wp:attachment":[{"href":"https:\/\/upla.cl\/noticias\/wp-json\/wp\/v2\/media?parent=134204"}],"wp:term":[{"taxonomy":"category","embeddable":true,"href":"https:\/\/upla.cl\/noticias\/wp-json\/wp\/v2\/categories?post=134204"},{"taxonomy":"post_tag","embeddable":true,"href":"https:\/\/upla.cl\/noticias\/wp-json\/wp\/v2\/tags?post=134204"}],"curies":[{"name":"wp","href":"https:\/\/api.w.org\/{rel}","templated":true}]}}