{"id":134408,"date":"2020-06-18T15:56:58","date_gmt":"2020-06-18T19:56:58","guid":{"rendered":"https:\/\/www.upla.cl\/noticias\/?p=134408"},"modified":"2020-06-22T19:02:54","modified_gmt":"2020-06-22T23:02:54","slug":"investigadora-upla-lidero-estudio-que-evidencia-mala-calidad-del-agua-de-estero-el-sauce","status":"publish","type":"post","link":"https:\/\/upla.cl\/noticias\/2020\/06\/18\/investigadora-upla-lidero-estudio-que-evidencia-mala-calidad-del-agua-de-estero-el-sauce\/","title":{"rendered":"Investigadora UPLA lider\u00f3 estudio que evidencia mala calidad del agua de estero El Sauce"},"content":{"rendered":"<p><a href=\"https:\/\/www.upla.cl\/noticias\/wp-content\/uploads\/2020\/06\/cecilia_rivera_muestreo.jpg\"><img loading=\"lazy\" decoding=\"async\" class=\"aligncenter wp-image-134414 size-full\" src=\"https:\/\/www.upla.cl\/noticias\/wp-content\/uploads\/2020\/06\/cecilia_rivera_muestreo.jpg\" alt=\"\" width=\"640\" height=\"360\" srcset=\"https:\/\/upla.cl\/noticias\/wp-content\/uploads\/2020\/06\/cecilia_rivera_muestreo.jpg 640w, https:\/\/upla.cl\/noticias\/wp-content\/uploads\/2020\/06\/cecilia_rivera_muestreo-300x169.jpg 300w\" sizes=\"auto, (max-width: 640px) 100vw, 640px\" \/><\/a><\/p>\n<p>Los esteros as\u00ed como los r\u00edos son cuerpos de agua dulce fundamentales para la supervivencia de la poblaci\u00f3n aleda\u00f1a. Por tal motivo, cuando la calidad de sus aguas se deteriora, se convierten en fuentes de riesgos para la salud.<\/p>\n<p>Con el objetivo de evaluar la calidad del agua del estero El Sauce, ubicado en la localidad de Laguna Verde, \u00a0al sur de Valpara\u00edso, y aportar informaci\u00f3n b\u00e1sica para un mejor manejo de este recurso, la acad\u00e9mica de la <strong><a href=\"https:\/\/www.upla.cl\/cienciasnaturalesyexactas\/\">Facultad de Ciencias Naturales y Exactas<\/a> <\/strong>de la Universidad de Playa Ancha, Dra. Cecilia Rivera Castro, estudi\u00f3 en 2013 y 2015 dicho cuerpo de agua en toda su extensi\u00f3n y afluentes, junto a un equipo de coinvestigadores del <a href=\"https:\/\/www.ifop.cl\/\" target=\"_blank\" rel=\"noopener\">Instituto de Fomento Pesquero<\/a>, la <a href=\"https:\/\/www.unab.cl\/admision\/admision-2do-semestre?src=google\/cpc&amp;gclid=EAIaIQobChMIpuLHysmL6gIViwaRCh2QJwStEAAYASAAEgJ4IfD_BwE\" target=\"_blank\" rel=\"noopener\">Universidad Andr\u00e9s Bello<\/a>, la <a href=\"https:\/\/www.ucsc.cl\/carreras\/\" target=\"_blank\" rel=\"noopener\">Universidad Cat\u00f3lica de la Sant\u00edsima Concepci\u00f3n<\/a>, y de las universidades brasile\u00f1as <a href=\"http:\/\/www.uefs.br\/\" target=\"_blank\" rel=\"noopener\">Estatal de Feira de Santana<\/a> y <a href=\"https:\/\/uvm.mx\/convocatoria-movilidad-internacional\/brasil-universidade-salvador\" target=\"_blank\" rel=\"noopener\">de Salvador<\/a>.<\/p>\n<p>Los resultados se publicaron en abril en la <strong>Revista Internacional de Contaminaci\u00f3n Ambienta<\/strong>l, advirtiendo del peligro que revisten sus aguas para la comunidad, que las utiliza para fines agr\u00edcolas y dom\u00e9sticos, as\u00ed como para la recreaci\u00f3n en su desembocadura.<\/p>\n<figure id=\"attachment_134417\" aria-describedby=\"caption-attachment-134417\" style=\"width: 300px\" class=\"wp-caption alignright\"><a href=\"https:\/\/www.upla.cl\/noticias\/wp-content\/uploads\/2020\/06\/zona_-centro_estero_el_sauce.jpg\"><img loading=\"lazy\" decoding=\"async\" class=\"wp-image-134417 size-medium\" src=\"https:\/\/www.upla.cl\/noticias\/wp-content\/uploads\/2020\/06\/zona_-centro_estero_el_sauce-300x225.jpg\" alt=\"\" width=\"300\" height=\"225\" srcset=\"https:\/\/upla.cl\/noticias\/wp-content\/uploads\/2020\/06\/zona_-centro_estero_el_sauce-300x225.jpg 300w, https:\/\/upla.cl\/noticias\/wp-content\/uploads\/2020\/06\/zona_-centro_estero_el_sauce.jpg 640w\" sizes=\"auto, (max-width: 300px) 100vw, 300px\" \/><\/a><figcaption id=\"caption-attachment-134417\" class=\"wp-caption-text\">Zona centro del estero.<\/figcaption><\/figure>\n<p>Analizadas las muestras de once estaciones ubicadas a lo largo de la cuenca y comparadas con los l\u00edmites m\u00e1ximos de normas nacionales e internacionales, la investigaci\u00f3n arroj\u00f3 que el estero en gran parte de su extensi\u00f3n presenta mala calidad, esto es clase 4 seg\u00fan la CONAMA, debido al alto contenido de materia org\u00e1nica, nutrientes, cloruros y contaminaci\u00f3n fecal, incumpliendo con ello con la normativa ambiental para cualquier uso.<\/p>\n<p>\u201cLa causa prin\u00adcipal de este deterioro ser\u00eda el ingreso de aguas industriales en el sector de Placilla y la descarga puntual de la planta de tratamiento de aguas servidas de ESVAL, que aument\u00f3 el caudal del estero en aproximadamente 70%, con aguas altamente con\u00adtaminadas con materia org\u00e1nica y coliformes, sin cumplir con la norma de emisi\u00f3n. Una segunda causa est\u00e1 dada por el ingreso en su parte media de l\u00edquidos percolados desde un antiguo vertedero y actual relleno sanitario Los Molles. Estas aguas no s\u00f3lo contaminan el estero sino tambi\u00e9n<\/p>\n<figure id=\"attachment_134415\" aria-describedby=\"caption-attachment-134415\" style=\"width: 300px\" class=\"wp-caption alignright\"><a href=\"https:\/\/www.upla.cl\/noticias\/wp-content\/uploads\/2020\/06\/desembocadura_el_sauce.jpg\"><img loading=\"lazy\" decoding=\"async\" class=\"wp-image-134415 size-medium\" src=\"https:\/\/www.upla.cl\/noticias\/wp-content\/uploads\/2020\/06\/desembocadura_el_sauce-300x169.jpg\" alt=\"Desembocadura del estero.\" width=\"300\" height=\"169\" srcset=\"https:\/\/upla.cl\/noticias\/wp-content\/uploads\/2020\/06\/desembocadura_el_sauce-300x169.jpg 300w, https:\/\/upla.cl\/noticias\/wp-content\/uploads\/2020\/06\/desembocadura_el_sauce.jpg 640w\" sizes=\"auto, (max-width: 300px) 100vw, 300px\" \/><\/a><figcaption id=\"caption-attachment-134415\" class=\"wp-caption-text\">Desembocadura del estero.<\/figcaption><\/figure>\n<p>las napas subterr\u00e1neas del acu\u00edfero en la localidad de Laguna Verde, de las cuales m\u00e1s del 60% de la comunidad se abastece de aguas subterr\u00e1neas no seguras y sin tratamiento alguno\u201d, explic\u00f3 la <strong>acad\u00e9mica de la Universidad de Playa Ancha, Dra. Cecilia Rivera Castro. <\/strong><\/p>\n<p>La tercera causa de la mala calidad de las aguas del estero El sauce radica en que las viviendas de la localidad rural no poseen red de alcantarillado y contaminan principalmente la desembocadura del cuerpo de agua en estudio.<\/p>\n<h5><strong>Ausencia de planes de manejo y fiscalizaci\u00f3n<\/strong><\/h5>\n<p>Las aguas del estero presentan baja transparencia, siendo gris\u00e1ceas en su origen y verde oscuro en su desembocadura, son altamente alcalinas, y registran niveles de contaminaci\u00f3n fecal que superan 16 mil veces la norma. En algunos sectores present\u00f3 condiciones de alta conductividad el\u00e9ctrica, as\u00ed como de cloruros y nitratos, propios de vertidos de percolados de vertederos.<\/p>\n<p><a href=\"https:\/\/www.upla.cl\/noticias\/wp-content\/uploads\/2020\/06\/muestreo.jpg\"><img loading=\"lazy\" decoding=\"async\" class=\"alignright wp-image-134416 size-medium\" src=\"https:\/\/www.upla.cl\/noticias\/wp-content\/uploads\/2020\/06\/muestreo-270x300.jpg\" alt=\"\" width=\"270\" height=\"300\" srcset=\"https:\/\/upla.cl\/noticias\/wp-content\/uploads\/2020\/06\/muestreo-270x300.jpg 270w, https:\/\/upla.cl\/noticias\/wp-content\/uploads\/2020\/06\/muestreo.jpg 480w\" sizes=\"auto, (max-width: 270px) 100vw, 270px\" \/><\/a>\u201cA trav\u00e9s de la investigaci\u00f3n realizada se observ\u00f3 una falta de planes de manejo y de fiscalizaci\u00f3n en la utilizaci\u00f3n de este ecosistema, cuyo uso se ha convertido en un riesgo para la comunidad. \u00c9sta utiliza el agua del estero para el riego de una agricultura de subsistencia y para la recreaci\u00f3n en su desembocadura. Una forma de revertir este da\u00f1o es mediante la fiscalizaci\u00f3n de las autoridades com\u00adpetentes y exigir el cumplimiento de las normas de emisi\u00f3n para aguas continentales, establecidas en el Decreto Supremo 90. Esto, adem\u00e1s, de un plan de mitigaci\u00f3n de las aguas que por d\u00e9cadas se han contaminado, y de una necesaria implementaci\u00f3n de alcantarillado en la poblaci\u00f3n rural ribere\u00f1a, dado el alto riesgo ambiental y de salud que implica el uso actual de las aguas de este importante y escaso recurso\u201d, afirm\u00f3 la investigadora de la Universidad de Playa Ancha.<\/p>\n<h5><strong>Origen del estero<\/strong><\/h5>\n<p>El estero El Sauce se origina en la zona de confluencia entre los esteros de r\u00e9gimen pluvial Las Cenizas (que tiene como principal tributario a laguna El Peral) y La Luz (que recibe aguas de Laguna La Luz y Lago Pe\u00f1uelas). Desemboca en la zona costera conocida como Playa Grande de Laguna Verde.<\/p>\n<p>Esta cuenca forma parte de la zona de transici\u00f3n del corredor biol\u00f3gico de la Reserva de la Bi\u00f3sfera de La Campana-Pe\u00f1uelas.<\/p>\n<p>&nbsp;<\/p>\n<p><strong>Revisar art\u00edculo <a href=\"https:\/\/www.upla.cl\/noticias\/wp-content\/uploads\/2020\/06\/estero_el_sauce.pdf\">aqu\u00ed<\/a><\/strong><\/p>\n<p>&nbsp;<\/p>\n<p>** <em>Estudio financiado por la Direcci\u00f3n General de Investigaci\u00f3n UPLA y el proyecto de Biodiversidad de la Facultad de Ciencias Naturales y Exactas.\u00a0<\/em><\/p>\n","protected":false},"excerpt":{"rendered":"<p>Resultados se publicaron en Revista Internacional de Contaminaci\u00f3n Ambiental, advirtiendo del peligro que reviste para la comunidad, que utiliza sus aguas para fines agr\u00edcolas, dom\u00e9sticos y recreacionales.<\/p>\n","protected":false},"author":10,"featured_media":134414,"comment_status":"closed","ping_status":"closed","sticky":false,"template":"","format":"standard","meta":{"footnotes":""},"categories":[51,96,40,101,97,75,43,91],"tags":[],"class_list":["post-134408","post","type-post","status-publish","format-standard","has-post-thumbnail","","category-academia","category-academicos","category-destacados","category-docencia","category-estudiantes","category-facultad-de-ciencias-naturales-y-exactas","category-investigacion","category-vinculacion-con-el-medio"],"_links":{"self":[{"href":"https:\/\/upla.cl\/noticias\/wp-json\/wp\/v2\/posts\/134408","targetHints":{"allow":["GET"]}}],"collection":[{"href":"https:\/\/upla.cl\/noticias\/wp-json\/wp\/v2\/posts"}],"about":[{"href":"https:\/\/upla.cl\/noticias\/wp-json\/wp\/v2\/types\/post"}],"author":[{"embeddable":true,"href":"https:\/\/upla.cl\/noticias\/wp-json\/wp\/v2\/users\/10"}],"replies":[{"embeddable":true,"href":"https:\/\/upla.cl\/noticias\/wp-json\/wp\/v2\/comments?post=134408"}],"version-history":[{"count":0,"href":"https:\/\/upla.cl\/noticias\/wp-json\/wp\/v2\/posts\/134408\/revisions"}],"wp:featuredmedia":[{"embeddable":true,"href":"https:\/\/upla.cl\/noticias\/wp-json\/wp\/v2\/media\/134414"}],"wp:attachment":[{"href":"https:\/\/upla.cl\/noticias\/wp-json\/wp\/v2\/media?parent=134408"}],"wp:term":[{"taxonomy":"category","embeddable":true,"href":"https:\/\/upla.cl\/noticias\/wp-json\/wp\/v2\/categories?post=134408"},{"taxonomy":"post_tag","embeddable":true,"href":"https:\/\/upla.cl\/noticias\/wp-json\/wp\/v2\/tags?post=134408"}],"curies":[{"name":"wp","href":"https:\/\/api.w.org\/{rel}","templated":true}]}}