{"id":134433,"date":"2020-06-18T13:14:16","date_gmt":"2020-06-18T17:14:16","guid":{"rendered":"https:\/\/www.upla.cl\/noticias\/?p=134433"},"modified":"2020-06-22T19:03:24","modified_gmt":"2020-06-22T23:03:24","slug":"la-realidad-que-se-esta-acabando-primera-parte-saludos-y-convivencia","status":"publish","type":"post","link":"https:\/\/upla.cl\/noticias\/2020\/06\/18\/la-realidad-que-se-esta-acabando-primera-parte-saludos-y-convivencia\/","title":{"rendered":"La realidad que se est\u00e1 acabando. Primera parte: Saludos y convivencia."},"content":{"rendered":"<figure id=\"attachment_134435\" aria-describedby=\"caption-attachment-134435\" style=\"width: 243px\" class=\"wp-caption alignright\"><a href=\"https:\/\/www.upla.cl\/noticias\/wp-content\/uploads\/2020\/06\/gasto_gaete_upla.jpg\"><img loading=\"lazy\" decoding=\"async\" class=\"wp-image-134435 size-medium\" src=\"https:\/\/www.upla.cl\/noticias\/wp-content\/uploads\/2020\/06\/gasto_gaete_upla-243x300.jpg\" alt=\"\" width=\"243\" height=\"300\" srcset=\"https:\/\/upla.cl\/noticias\/wp-content\/uploads\/2020\/06\/gasto_gaete_upla-243x300.jpg 243w, https:\/\/upla.cl\/noticias\/wp-content\/uploads\/2020\/06\/gasto_gaete_upla.jpg 480w\" sizes=\"auto, (max-width: 243px) 100vw, 243px\" \/><\/a><figcaption id=\"caption-attachment-134435\" class=\"wp-caption-text\">Profesor Gast\u00f3n Gaete Coddou.<\/figcaption><\/figure>\n<p>\u00abLa situaci\u00f3n geogr\u00e1fica de Chile nos situ\u00f3 durante mucho tiempo lejos de los centros mundiales de poder u otros aspectos como los conflictos armados a escala regional, hechos que nos permit\u00edan vivir con relativa paz social, la que se alteraba por diversas causas como los terremotos, que peri\u00f3dicamente provocaron da\u00f1os y psicosis, pero no variaba con su ocurrencia, la convivencia de la comunidad nacional.<\/p>\n<p>En consideraci\u00f3n a lo indicado, el comportamiento colectivo demostraba por su aislamiento una idiosincrasia que desde siglos tuvo manifiestos conductuales que nos hicieron ser muy demostrativos en nuestros saludos y trato entre nuestros semejantes y m\u00e1s si la persona con la que \u00a0se interactuaba era extranjero, comportamiento que fue destacado por diversos cronistas y m\u00e1s recientemente por turistas y visitantes. Es precisamente esta disposici\u00f3n de cordialidad que nos hace ser cercanos e invitar &#8211; sin mediar casi excusa &#8211; al extra\u00f1o a nuestro hogar, espacio privado, que se prepara de manera especial para atender de mejor manera al externo o al vecino, e incluso en m\u00e1s de una ocasi\u00f3n, ofreciendo al alero de la casa abrigo al m\u00e1s necesitado.<\/p>\n<p>La afectividad de los chilenos, sin embargo, tuvo \u00a0una metamorfosis que se alter\u00f3 entre las d\u00e9cadas de 1970 a 1980, cuando el quiebre de la democracia gener\u00f3 oscurantismo, en el que el respeto por los derechos humanos estuvo marcado por una alteraci\u00f3n de las relaciones\u00a0 en el v\u00ednculo cercano por diversas razones, ocasionado una ruptura en la esencia de la mancomuni\u00f3n nacional, suscitando desconfianzas y temores por represalias acerca de la posici\u00f3n ideol\u00f3gica o pol\u00edtica que fuese antag\u00f3nica a los dict\u00e1menes del gobierno de facto. Sin embargo, \u00a0este proceso fue desembocando paulatinamente en la uni\u00f3n de fuerzas que pretend\u00edan volver al cauce normal previo, consolidando as\u00ed un frente com\u00fan en el que la meta era el retorno al quehacer republicano, en el que la tolerancia y las libertades de expresi\u00f3n, fuesen un sello m\u00e1s de la convivencia colectiva.<\/p>\n<p>Si bien, el nuevo contexto a partir de 1990 hasta el presente ha sido un proceso no exento de vicisitudes, las otroras pr\u00e1cticas civitas se fueron recomponiendo, por ejemplo, \u00a0con reuniones formales o no en torno a un caf\u00e9, el di\u00e1logo ciudadano se hizo expresivo y masivo, terminando en m\u00e1s de una oportunidad en el inevitable comistrajo, donde al ritmo de la m\u00fasica y una buena comida, se recompon\u00edan lazos familiares y se conoc\u00eda a nuevas personas que engrosaban el tejido social y sus relaciones inherentes a \u00e9l. Sin embargo, a pesar de congregaciones comunitarias en torno a metas sociales como son las necesidades de muchos postergados o carentes de necesidades especiales de salud, el sistema neoliberal, ha intervenido de manera profunda el actuar de la gente llevando al individualismo a un nivel extremo, situaci\u00f3n que mueve a nuestra sociedad a la b\u00fasqueda de satisfacciones particulares, que en la mayor\u00eda de las veces, dependen del dinero y, por lo mismo, se dejaron de lado ciertos valores o cualidades que nos identificaban como una naci\u00f3n solidaria. Precisamente en este estrato de la historia social de Chile, se han levantado voces, que en su integrado, est\u00e1n promoviendo la recomposici\u00f3n de las relaciones, generando una vecindad unida y orientada a la promoci\u00f3n de metas comunes, en pro de una mejor calidad de vida.<\/p>\n<p>En cuanto al \u00faltimo tiempo que nos ha tocado vivir, la pandemia del Coronavirus, ha impuesto un modelo conductual en el que el distanciamiento f\u00edsico est\u00e1 en contra de nuestra cercan\u00eda de saludos y cohabitaci\u00f3n, aunque las razones para este nuevo proceder, es evitar el contagio de esta cruel enfermedad que tantas vidas ha cobrado. Ahora bien, la inconciencia de algunos, est\u00e1 alterando el esfuerzo de la mayor\u00eda y, es as\u00ed, como desjuiciados carente de empat\u00eda por el pr\u00f3jimo en una actitud inconsciente e indolente hacen jolgorios, que en s\u00ed son potenciales focos de v\u00ednculo cercano y, por ello de infecci\u00f3n, cuyos torpes vectores pueden contaminar a grupos con mayor vulnerabilidad a este virus, como son nuestros adultos mayores.<\/p>\n<p>En virtud de lo enunciado, urge una posici\u00f3n fuerte y clara por parte de la autoridad y de los organismo encargados de la seguridad nacional, para que de una vez por todas se tomen medidas ejemplificadoras respecto de estos individuos, que en su actuar y pensar, est\u00e1n imponiendo un indeseado efecto en el relacionar de las personas\u00bb.<\/p>\n<p>&nbsp;<\/p>\n<p><em>**** Gast\u00f3n Gaete Coddou,\u00a0 ge\u00f3grafo y acad\u00e9mico de la <a href=\"https:\/\/www.upla.cl\/cienciasnaturalesyexactas\/\">Facultad de Ciencias Naturales y Exactas<\/a>, Universidad de Playa Ancha<\/em>.<\/p>\n","protected":false},"excerpt":{"rendered":"<p>Columna del ge\u00f3grafo y profesor de la Facultad de Ciencias Naturales y Exactas, Gast\u00f3n Gaete Coddou, publicada en diario El Trabajo de San Felipe, el 10 de junio de 2020.<\/p>\n","protected":false},"author":10,"featured_media":134442,"comment_status":"closed","ping_status":"closed","sticky":false,"template":"","format":"standard","meta":{"footnotes":""},"categories":[51,96,52,40,101,69,97,75,99,44,91],"tags":[],"class_list":["post-134433","post","type-post","status-publish","format-standard","has-post-thumbnail","","category-academia","category-academicos","category-cultura","category-destacados","category-docencia","category-egresados","category-estudiantes","category-facultad-de-ciencias-naturales-y-exactas","category-funcionarios","category-opinion","category-vinculacion-con-el-medio"],"_links":{"self":[{"href":"https:\/\/upla.cl\/noticias\/wp-json\/wp\/v2\/posts\/134433","targetHints":{"allow":["GET"]}}],"collection":[{"href":"https:\/\/upla.cl\/noticias\/wp-json\/wp\/v2\/posts"}],"about":[{"href":"https:\/\/upla.cl\/noticias\/wp-json\/wp\/v2\/types\/post"}],"author":[{"embeddable":true,"href":"https:\/\/upla.cl\/noticias\/wp-json\/wp\/v2\/users\/10"}],"replies":[{"embeddable":true,"href":"https:\/\/upla.cl\/noticias\/wp-json\/wp\/v2\/comments?post=134433"}],"version-history":[{"count":0,"href":"https:\/\/upla.cl\/noticias\/wp-json\/wp\/v2\/posts\/134433\/revisions"}],"wp:featuredmedia":[{"embeddable":true,"href":"https:\/\/upla.cl\/noticias\/wp-json\/wp\/v2\/media\/134442"}],"wp:attachment":[{"href":"https:\/\/upla.cl\/noticias\/wp-json\/wp\/v2\/media?parent=134433"}],"wp:term":[{"taxonomy":"category","embeddable":true,"href":"https:\/\/upla.cl\/noticias\/wp-json\/wp\/v2\/categories?post=134433"},{"taxonomy":"post_tag","embeddable":true,"href":"https:\/\/upla.cl\/noticias\/wp-json\/wp\/v2\/tags?post=134433"}],"curies":[{"name":"wp","href":"https:\/\/api.w.org\/{rel}","templated":true}]}}