{"id":134451,"date":"2020-06-18T16:51:19","date_gmt":"2020-06-18T20:51:19","guid":{"rendered":"https:\/\/www.upla.cl\/noticias\/?p=134451"},"modified":"2020-06-19T08:56:08","modified_gmt":"2020-06-19T12:56:08","slug":"dgde-invita-a-disfrutar-del-humor-del-chino-navarrete","status":"publish","type":"post","link":"https:\/\/upla.cl\/noticias\/2020\/06\/18\/dgde-invita-a-disfrutar-del-humor-del-chino-navarrete\/","title":{"rendered":"DGDE invita a disfrutar del humor del Chino Navarrete"},"content":{"rendered":"<p><a href=\"https:\/\/www.upla.cl\/noticias\/wp-content\/uploads\/2020\/01\/Navarrete_H.jpg\"><img loading=\"lazy\" decoding=\"async\" class=\"alignright size-medium wp-image-134453\" src=\"https:\/\/www.upla.cl\/noticias\/wp-content\/uploads\/2020\/01\/Navarrete_H-300x195.jpg\" alt=\"\" width=\"300\" height=\"195\" srcset=\"https:\/\/upla.cl\/noticias\/wp-content\/uploads\/2020\/01\/Navarrete_H-300x195.jpg 300w, https:\/\/upla.cl\/noticias\/wp-content\/uploads\/2020\/01\/Navarrete_H-768x499.jpg 768w, https:\/\/upla.cl\/noticias\/wp-content\/uploads\/2020\/01\/Navarrete_H.jpg 800w\" sizes=\"auto, (max-width: 300px) 100vw, 300px\" \/><\/a>La Direcci\u00f3n General de Desarrollo Estudiantil a trav\u00e9s de #DGDEencuarentena, nuevo espacio que pretende brindar acompa\u00f1amiento a los alumnos de la Universidad de Playa Ancha y comunidad en general durante esta pandemia, los invita a re\u00edr y a disfrutar del programa <strong>\u201cDel Hamor de un Chino\u201d<\/strong>, el cual se transmitir\u00e1 como estreno el pr\u00f3ximo martes 23 de junio, a las 20.00 horas, por la <a href=\"http:\/\/www.facebook.com\/desarrolloestudiantilupla\" target=\"_blank\" rel=\"noopener noreferrer\">p\u00e1gina de Facebook de la direcci\u00f3n<\/a>.<\/p>\n<p>La iniciativa cuenta con la conducci\u00f3n del humorista nacional <strong>Jorge \u201cChino\u201d Navarrete<\/strong>, la coanimaci\u00f3n de <strong>Karina \u00c1ngel<\/strong> y la direcci\u00f3n musical de <strong>Jos\u00e9 Godoy<\/strong>, coordinador docente de la carrera de Pedagog\u00eda en Educaci\u00f3n Musical y director de la Big Band UPLA.<\/p>\n<p>El objetivo del programa consiste en otorgar sana entretenci\u00f3n, con una combinaci\u00f3n de humor, m\u00fasica y reflexi\u00f3n en torno a lo que ha estado sucediendo en el mundo, siempre con un mensaje positivo de amor.<\/p>\n<p>En cuanto a la contingencia sanitaria y la cuarentena actual, el humorista coment\u00f3: \u201cComo dice nuestro querido Humberto Maturana, estamos sujetos a la biolog\u00eda del conocer y a la biolog\u00eda del amor, y en base a eso, vamos haciendo un conducto existencial de cada uno de nosotros; y para realizarlo bien, tenemos que decidir, aprender a decidir. Las circunstancias no las podemos cambiar, no podemos cambiar la pandemia, pero s\u00ed podemos modificar la manera en que la enfrentamos. \u00bfY c\u00f3mo la enfrentamos? Decidiendo estar m\u00e1s contentos, menos temerosos y con mayor valor\u201d.<\/p>\n<p>Por ello, \u201cvamos a aportar con un programa que hicimos con Jos\u00e9 Godoy, quien es un muchacho maravilloso, un extraordinario colega, con una coanimadora y algunos invitados. El programa es bastante simp\u00e1tico y les va a gustar. Va a ser de su agrado porque se van a re\u00edr y van a conocer una din\u00e1mica para estos tiempos, una din\u00e1mica optimista y consciente, as\u00ed que los invito a que se hagan conscientes de esto, porque cuando se termine esta pandemia y se abran las puertas, las ventanas y corazones de par en par, vamos a salir al encuentro de una nueva cultura\u201d, a\u00f1adi\u00f3 Navarrete.<\/p>\n<p><a href=\"https:\/\/www.upla.cl\/noticias\/wp-content\/uploads\/2020\/01\/Navarrete_V.jpg\"><img loading=\"lazy\" decoding=\"async\" class=\"alignleft size-medium wp-image-134454\" src=\"https:\/\/www.upla.cl\/noticias\/wp-content\/uploads\/2020\/01\/Navarrete_V-232x300.jpg\" alt=\"\" width=\"232\" height=\"300\" srcset=\"https:\/\/upla.cl\/noticias\/wp-content\/uploads\/2020\/01\/Navarrete_V-232x300.jpg 232w, https:\/\/upla.cl\/noticias\/wp-content\/uploads\/2020\/01\/Navarrete_V.jpg 618w\" sizes=\"auto, (max-width: 232px) 100vw, 232px\" \/><\/a>En torno a su participaci\u00f3n en el espacio de humor, el m\u00fasico y acad\u00e9mico Jos\u00e9 Godoy manifest\u00f3 que \u201ces un agrado trabajar con Jorge, ya que es una persona que tiene una vivencia \u00fanica con respecto a la vida, siendo capaz de trascender desde tiempos complejos como la dictadura militar en Pisagua, hasta un c\u00e1ncer; por ende, es alguien a quien admiro mucho como artista, como humorista y como persona en su calidad humana, condiciones que lo transforman en un hombre muy querido en el ambiente art\u00edstico. El trabajo con Jorge ha sido de mucho aprendizaje, en todo aspecto, y en estos momentos estamos creando una obra que estamos seguros de que ser\u00e1 muy bien recibida por el p\u00fablico\u201d.<\/p>\n<p>El humorista \u00abChino\u00bb Navarrete dej\u00f3 a toda la comunidad UPLA invitada a ver el programa por medio de las siguientes palabras: \u201cVaya el abrazo para el personal administrativo, para el personal auxiliar, para todo el cuerpo acad\u00e9mico, para el plano ejecutivo y para los alumnos, que son verdaderamente los que constituyen la sangre maravillosa de una universidad, los que van a generar una nueva cultura despu\u00e9s de que terminemos estos avisos que la vida nos ha dado, para ir haciendo mucho mejor las cosas y de una forma m\u00e1s consciente\u201d.<\/p>\n<p>\u201cDel Hamor de un Chino\u201d cuenta tambi\u00e9n con la labor de Luis Claudio Maturana (productor ejecutivo-libretista), Valentina Zamudio (c\u00e1mara y audiovisual), Francisco Ant\u00fanez (audio) y Hern\u00e1n Toro (direcci\u00f3n-edici\u00f3n).<\/p>\n<p>El programa corresponde a una creaci\u00f3n conjunta y pronto se dar\u00e1n a conocer a novedades y sorpresas en relaci\u00f3n al espacio #DGDEencuarentena.<\/p>\n<p>&nbsp;<\/p>\n<p>&nbsp;<\/p>\n","protected":false},"excerpt":{"rendered":"<p>\u201cDel Hamor de un Chino\u201d se estrenar\u00e1 el martes 23 de junio, a las 20.00 horas, como parte del programa #DGDEencuarentena, a trav\u00e9s de Facebook.<\/p>\n","protected":false},"author":4,"featured_media":134453,"comment_status":"closed","ping_status":"closed","sticky":false,"template":"","format":"standard","meta":{"footnotes":""},"categories":[52,40,97,71,91],"tags":[],"class_list":["post-134451","post","type-post","status-publish","format-standard","has-post-thumbnail","","category-cultura","category-destacados","category-estudiantes","category-facultad-de-arte","category-vinculacion-con-el-medio"],"_links":{"self":[{"href":"https:\/\/upla.cl\/noticias\/wp-json\/wp\/v2\/posts\/134451","targetHints":{"allow":["GET"]}}],"collection":[{"href":"https:\/\/upla.cl\/noticias\/wp-json\/wp\/v2\/posts"}],"about":[{"href":"https:\/\/upla.cl\/noticias\/wp-json\/wp\/v2\/types\/post"}],"author":[{"embeddable":true,"href":"https:\/\/upla.cl\/noticias\/wp-json\/wp\/v2\/users\/4"}],"replies":[{"embeddable":true,"href":"https:\/\/upla.cl\/noticias\/wp-json\/wp\/v2\/comments?post=134451"}],"version-history":[{"count":0,"href":"https:\/\/upla.cl\/noticias\/wp-json\/wp\/v2\/posts\/134451\/revisions"}],"wp:featuredmedia":[{"embeddable":true,"href":"https:\/\/upla.cl\/noticias\/wp-json\/wp\/v2\/media\/134453"}],"wp:attachment":[{"href":"https:\/\/upla.cl\/noticias\/wp-json\/wp\/v2\/media?parent=134451"}],"wp:term":[{"taxonomy":"category","embeddable":true,"href":"https:\/\/upla.cl\/noticias\/wp-json\/wp\/v2\/categories?post=134451"},{"taxonomy":"post_tag","embeddable":true,"href":"https:\/\/upla.cl\/noticias\/wp-json\/wp\/v2\/tags?post=134451"}],"curies":[{"name":"wp","href":"https:\/\/api.w.org\/{rel}","templated":true}]}}