{"id":134626,"date":"2020-06-25T16:22:24","date_gmt":"2020-06-25T20:22:24","guid":{"rendered":"https:\/\/www.upla.cl\/noticias\/?p=134626"},"modified":"2020-06-25T19:10:55","modified_gmt":"2020-06-25T23:10:55","slug":"entregaran-titulo-postumo-a-familia-de-estudiante-de-la-facultad-de-ingenieria","status":"publish","type":"post","link":"https:\/\/upla.cl\/noticias\/2020\/06\/25\/entregaran-titulo-postumo-a-familia-de-estudiante-de-la-facultad-de-ingenieria\/","title":{"rendered":"Entregar\u00e1n t\u00edtulo p\u00f3stumo a familia de estudiante de la Facultad de Ingenier\u00eda"},"content":{"rendered":"<p><a href=\"https:\/\/www.upla.cl\/facultad\/ingenieria\/wp-content\/uploads\/2020\/06\/emmanuel_zambrano_iambiental_upla1.jpg\"><img loading=\"lazy\" decoding=\"async\" class=\"wp-image-107590 alignright size-medium\" src=\"https:\/\/www.upla.cl\/facultad\/ingenieria\/wp-content\/uploads\/2020\/06\/emmanuel_zambrano_iambiental_upla1-300x225.jpg\" alt=\"\" width=\"300\" height=\"225\" \/><\/a>El 22 de junio sesion\u00f3 la <strong>Junta Directiva de la Universidad de Playa Ancha<\/strong>, presidida por el Dr. Eduardo Cavieres Figueroa, en la que se <strong>aprob\u00f3 la entrega del t\u00edtulo p\u00f3stumo a la familia del estudiante de la carrera de Ingenier\u00eda Ambiental Emmanuel Edgardo Zambrano Araya<\/strong>, quien falleci\u00f3 el 14 de junio.<\/p>\n<p>Dicha moci\u00f3n fue presentada por la decana de la Facultad de Ingenier\u00eda, Ver\u00f3nica Meza Ram\u00edrez, a nombre del Departamento de Medio Ambiente, la Comisi\u00f3n Curricular de la carrera de Ingenier\u00eda Ambiental y de sus compa\u00f1eros y compa\u00f1eras, con el objeto que la universidad reconociera la trayectoria formativa de Emmanuel.<\/p>\n<p>Y no solo eso, ya que el estudiante de la promoci\u00f3n 2018 siempre se destac\u00f3 por su preocupaci\u00f3n por los dem\u00e1s y su entorno. Desde ni\u00f1o siempre quiso estudiar Ingenier\u00eda Ambiental, meta que cumpli\u00f3 en la universidad de su preferencia, y donde asumi\u00f3 el compromiso por el cuidado del medioambiente, por la difusi\u00f3n de la educaci\u00f3n ambiental y el acompa\u00f1amiento a las comunidades.<\/p>\n<p>Por tanto, la decisi\u00f3n de la Junta Directiva de entregarle el <strong>t\u00edtulo p\u00f3stumo a la familia de Emmanuel Zambrano Araya<\/strong> viene a poner en valor su presencia en la <a href=\"http:\/\/www.upla.cl\/facultad\/ingenieria\">Facultad de Ingenier\u00eda de la Universidad de Playa Ancha<\/a>.<\/p>\n","protected":false},"excerpt":{"rendered":"<p>En la \u00faltima sesi\u00f3n de la Junta Directiva, se aprob\u00f3 solicitud para reconocer la trayectoria formativa de Emmanuel Zambrano Araya, quien falleci\u00f3 el 14 de junio. <\/p>\n","protected":false},"author":2,"featured_media":134636,"comment_status":"closed","ping_status":"closed","sticky":false,"template":"","format":"standard","meta":{"footnotes":""},"categories":[51,96,40,101,97,78,98],"tags":[],"class_list":["post-134626","post","type-post","status-publish","format-standard","has-post-thumbnail","","category-academia","category-academicos","category-destacados","category-docencia","category-estudiantes","category-facultad-de-ingenieria","category-gestion"],"_links":{"self":[{"href":"https:\/\/upla.cl\/noticias\/wp-json\/wp\/v2\/posts\/134626","targetHints":{"allow":["GET"]}}],"collection":[{"href":"https:\/\/upla.cl\/noticias\/wp-json\/wp\/v2\/posts"}],"about":[{"href":"https:\/\/upla.cl\/noticias\/wp-json\/wp\/v2\/types\/post"}],"author":[{"embeddable":true,"href":"https:\/\/upla.cl\/noticias\/wp-json\/wp\/v2\/users\/2"}],"replies":[{"embeddable":true,"href":"https:\/\/upla.cl\/noticias\/wp-json\/wp\/v2\/comments?post=134626"}],"version-history":[{"count":0,"href":"https:\/\/upla.cl\/noticias\/wp-json\/wp\/v2\/posts\/134626\/revisions"}],"wp:featuredmedia":[{"embeddable":true,"href":"https:\/\/upla.cl\/noticias\/wp-json\/wp\/v2\/media\/134636"}],"wp:attachment":[{"href":"https:\/\/upla.cl\/noticias\/wp-json\/wp\/v2\/media?parent=134626"}],"wp:term":[{"taxonomy":"category","embeddable":true,"href":"https:\/\/upla.cl\/noticias\/wp-json\/wp\/v2\/categories?post=134626"},{"taxonomy":"post_tag","embeddable":true,"href":"https:\/\/upla.cl\/noticias\/wp-json\/wp\/v2\/tags?post=134626"}],"curies":[{"name":"wp","href":"https:\/\/api.w.org\/{rel}","templated":true}]}}