{"id":134806,"date":"2020-07-02T17:35:03","date_gmt":"2020-07-02T21:35:03","guid":{"rendered":"https:\/\/www.upla.cl\/noticias\/?p=134806"},"modified":"2020-07-02T17:36:18","modified_gmt":"2020-07-02T21:36:18","slug":"con-estreno-virtual-enrique-octavio-la-pasion-de-una-sociedad-sala-upla-comienza-ciclo-de-teatro-a-distancia","status":"publish","type":"post","link":"https:\/\/upla.cl\/noticias\/2020\/07\/02\/con-estreno-virtual-enrique-octavio-la-pasion-de-una-sociedad-sala-upla-comienza-ciclo-de-teatro-a-distancia\/","title":{"rendered":"Con estreno virtual \u00abEnrique Octavio, la pasi\u00f3n de una sociedad\u00bb Sala UPLA comienza ciclo de teatro a distancia"},"content":{"rendered":"<p style=\"text-align: justify\"><a href=\"https:\/\/www.upla.cl\/noticias\/wp-content\/uploads\/2020\/07\/1SAE_Enrique_octavio-scaled-e1593725225200.jpg\"><img loading=\"lazy\" decoding=\"async\" class=\"aligncenter size-full wp-image-134809\" src=\"https:\/\/www.upla.cl\/noticias\/wp-content\/uploads\/2020\/07\/1SAE_Enrique_octavio-scaled-e1593725225200.jpg\" alt=\"\" width=\"640\" height=\"427\" \/><\/a>Este viernes <strong>3 de julio, a las 20 horas,<\/strong> comenzar\u00e1 el ciclo de teatro a distancia que transmitida por el canal de <strong>Youtube: Sala de Arte Esc\u00e9nico Upla.<\/strong> Inaugura este programa la obra <strong>\u00abEnrique Octavio, la pasi\u00f3n de una sociedad\u00bb de Iniciativa Tesla.<\/strong><\/p>\n<p style=\"text-align: justify\">Sala UPLA invita a suscribirse para recibir notificaciones y revivir la experiencia de estar en el teatro. Tambi\u00e9n se podr\u00e1 acceder a la sala virtual en el enlace <a href=\"https:\/\/linktr.ee\/Salaupla\" target=\"_blank\" rel=\"noopener\">https:\/\/linktr.ee\/Salaupla<\/a><\/p>\n<p style=\"text-align: justify\"><a href=\"https:\/\/www.upla.cl\/noticias\/wp-content\/uploads\/2020\/07\/2SAE_Enrique_octavio-scaled-e1593725270671.jpg\"><img loading=\"lazy\" decoding=\"async\" class=\"alignright wp-image-134810 size-medium\" src=\"https:\/\/www.upla.cl\/noticias\/wp-content\/uploads\/2020\/07\/2SAE_Enrique_octavio-200x300.jpg\" alt=\"\" width=\"200\" height=\"300\" \/><\/a>\u201cEnrique Octavio, la pasi\u00f3n de una sociedad\u201d, propone el 3017, como escenario de la acci\u00f3n, donde la rep\u00fablicas fracasan de manera rotunda como sistema pol\u00edtico y la sociedad completa deciden su confianza y esperanza en la Monarqu\u00eda dentro de una constante b\u00fasqueda de igualdad y justicia.<\/p>\n<p style=\"text-align: justify\">El encargado de asumir este papel es Enrique Octavio, un conservador que a trav\u00e9s de propuestas pol\u00edticas seduce a una sociedad destruida por guerras civiles y que no duda en entregarle la nueva corona, volcando su esperanza en su agitador programa de gobierno.<\/p>\n<p style=\"text-align: justify\">Enrique Octavio es la primera experiencia esc\u00e9nica de la Iniciativa Tesla que est\u00e1 enfocada en una sala de teatro.<\/p>\n<p style=\"text-align: justify\">Iniciativa Tesla se formula como una s\u00e1tira musical donde se trasladan conceptos del dibujo t\u00e9cnico y la geometr\u00eda a la escena, principalmente en lo espacial. La composici\u00f3n musical de este trabajo est\u00e1 a cargo de los mismos integrantes de la compa\u00f1\u00eda generando una dramaturgia musical colectiva.<\/p>\n","protected":false},"excerpt":{"rendered":"<p>La invitaci\u00f3n es para todos los  viernes desde las 20 horas a conectarse  a trav\u00e9s del canal de Youtube Sala de Arte Esc\u00e9nico UPLA o desde la plataforma Zoom, desde donde se transmitir\u00e1 \u201cTeatro a Distancia\u00bb, ciclo compuesto por nueve creaciones esc\u00e9nicas que se exhibir\u00e1n de manera gratuita hasta el 9 de agosto.<\/p>\n","protected":false},"author":11,"featured_media":134809,"comment_status":"closed","ping_status":"closed","sticky":false,"template":"","format":"standard","meta":{"footnotes":""},"categories":[96,52,40,69,97,71,99,91],"tags":[],"class_list":["post-134806","post","type-post","status-publish","format-standard","has-post-thumbnail","","category-academicos","category-cultura","category-destacados","category-egresados","category-estudiantes","category-facultad-de-arte","category-funcionarios","category-vinculacion-con-el-medio"],"_links":{"self":[{"href":"https:\/\/upla.cl\/noticias\/wp-json\/wp\/v2\/posts\/134806","targetHints":{"allow":["GET"]}}],"collection":[{"href":"https:\/\/upla.cl\/noticias\/wp-json\/wp\/v2\/posts"}],"about":[{"href":"https:\/\/upla.cl\/noticias\/wp-json\/wp\/v2\/types\/post"}],"author":[{"embeddable":true,"href":"https:\/\/upla.cl\/noticias\/wp-json\/wp\/v2\/users\/11"}],"replies":[{"embeddable":true,"href":"https:\/\/upla.cl\/noticias\/wp-json\/wp\/v2\/comments?post=134806"}],"version-history":[{"count":0,"href":"https:\/\/upla.cl\/noticias\/wp-json\/wp\/v2\/posts\/134806\/revisions"}],"wp:featuredmedia":[{"embeddable":true,"href":"https:\/\/upla.cl\/noticias\/wp-json\/wp\/v2\/media\/134809"}],"wp:attachment":[{"href":"https:\/\/upla.cl\/noticias\/wp-json\/wp\/v2\/media?parent=134806"}],"wp:term":[{"taxonomy":"category","embeddable":true,"href":"https:\/\/upla.cl\/noticias\/wp-json\/wp\/v2\/categories?post=134806"},{"taxonomy":"post_tag","embeddable":true,"href":"https:\/\/upla.cl\/noticias\/wp-json\/wp\/v2\/tags?post=134806"}],"curies":[{"name":"wp","href":"https:\/\/api.w.org\/{rel}","templated":true}]}}