{"id":134968,"date":"2020-07-09T16:38:46","date_gmt":"2020-07-09T20:38:46","guid":{"rendered":"https:\/\/www.upla.cl\/noticias\/?p=134968"},"modified":"2020-07-09T17:02:17","modified_gmt":"2020-07-09T21:02:17","slug":"este-viernes-llega-el-teatro-a-distancia-a-sala-upla-virtual","status":"publish","type":"post","link":"https:\/\/upla.cl\/noticias\/2020\/07\/09\/este-viernes-llega-el-teatro-a-distancia-a-sala-upla-virtual\/","title":{"rendered":"Este viernes llega el teatro a distancia a SALA UPLA VIRTUAL"},"content":{"rendered":"<p style=\"text-align: justify\"><a href=\"https:\/\/www.upla.cl\/noticias\/wp-content\/uploads\/2020\/07\/Tu_Hypocrite2-e1594326538874.png\"><img loading=\"lazy\" decoding=\"async\" class=\"aligncenter size-full wp-image-134972\" src=\"https:\/\/www.upla.cl\/noticias\/wp-content\/uploads\/2020\/07\/Tu_Hypocrite2-e1594326538874.png\" alt=\"\" width=\"640\" height=\"360\" \/><\/a>El viernes 10 de julio a las 20 horas, <strong>Sala UPLA<\/strong> le invita a conectarse a la <strong>Sala Virtual<\/strong> a la que se puede acceder mediante el link <a href=\"https:\/\/linktr.ee\/Salaupla\" target=\"_blank\" rel=\"noopener\">https:\/\/linktr.ee\/Salaupla<\/a> para ver la obra <strong>&lt;&lt;T\u00f9 Hypocrit\u00e8&gt;&gt;<\/strong>, montaje de egreso de la <strong>Carrera de Teatro UPLA 2018,<\/strong>\u00a0 estrenada en marzo de 2019 en este mismo escenario.<\/p>\n<p style=\"text-align: justify\">Previamente, a las <strong>16:30 horas,<\/strong> se transmitir\u00e1 <strong>\u00abDetr\u00e1s de la Escena\u00bb,<\/strong> una conversaci\u00f3n sobre la creaci\u00f3n de esta obra. La acad\u00e9mica <strong>Ver\u00f3nica Sentis, directora de Revista Artescena,<\/strong> entrevista a <strong>Claudio Santana<\/strong> director de &lt;&lt;T\u00f9 Hypocrit\u00e8&gt;&gt; \u00a0quien junto a <strong>Francesca Bono<\/strong>, asistente de direcci\u00f3n, dar\u00e1n detalles del proceso.<\/p>\n<p style=\"text-align: justify\"><strong>&lt;&lt;T\u00f9 Hypocrit\u00e8&gt;&gt;<\/strong><\/p>\n<p style=\"text-align: justify\">\u00abA partir del poema <strong>\u201cLa tierra bald\u00eda\u201d<\/strong> de <strong>T. S. Eliot,<\/strong> es que hemos compuesto un trabajo que coloca la artesan\u00eda de los actuantes, como lugar de acontecimiento. No hay historia ni personajes. Esta propuesta es una peque\u00f1a posibilidad de hacer algo simple, una puesta en juego, desde lo que cualquier persona puede hacer desde s\u00ed misma: una acci\u00f3n\u00bb explican los creadores.<\/p>\n<p style=\"text-align: justify\">Cantos, poemas y cuerpos, se confrontan en el vac\u00edo del espacio. Las diversas fuerzas de esta escenificaci\u00f3n fluct\u00faan entre lo hostil, lo amable, lo parad\u00f3jico y lo ir\u00f3nico. Las citas y referencias crean una polifon\u00eda compuesta por extractos de <strong>Ra\u00fal Zurita, Gonzalo Mill\u00e1n, Alejandra Pizarnik, Umberto Eco, Andrei Tarkovski, Fedor Dostoiesvski, George Orwell, Henrik Ibsen, Edward Bond, Jacek Zmyslowski, Jerzy Grotowski,<\/strong> entre otros.<\/p>\n<p style=\"text-align: justify\"><a href=\"https:\/\/www.upla.cl\/noticias\/wp-content\/uploads\/2020\/07\/Tu_Hypocrite-1-e1594326553127.png\"><img loading=\"lazy\" decoding=\"async\" class=\"alignright size-medium wp-image-134971\" src=\"https:\/\/www.upla.cl\/noticias\/wp-content\/uploads\/2020\/07\/Tu_Hypocrite-1-300x169.png\" alt=\"\" width=\"300\" height=\"169\" \/><\/a>Estos autores sit\u00faan a los actores en un territorio diverso y respecto de ello afirman:\u00bbDesaparecida la fe en una salvaci\u00f3n que provenga de las alturas, del Estado o de la revoluci\u00f3n (Eco), quedamos a merced de un subjetivismo fr\u00e1gil y sin puntos de referencia. Una especie de liquidez sin certezas en donde tal vez el \u00fanico movimiento posible sea: respirar, vaciarse y sonre\u00edr sin l\u00edmites\u00bb.<\/p>\n<p style=\"text-align: justify\">El elenco est\u00e1 compuesto por <strong>Diandra Ch\u00e1vez, Basti\u00e1n Fern\u00e1ndez, Constanza Mancilla, Juan Jos\u00e9 Navarro, Consuelo Omegna, Consuelo Ortega, Solange Raffernau, Jos\u00e9 Ignacio Romero, Vanessa Sep\u00falveda, Daniela Tolosa, Manuel Urrejola, B\u00e1rbara Vald\u00e9s, Paula Z\u00e1rate y Gonzalo Z\u00fa\u00f1iga.<\/strong><\/p>\n<p style=\"text-align: justify\"><strong>Ficha t\u00e9cnica:<\/strong><br \/>\n<strong>Concepto \/ Direcci\u00f3n General:<\/strong> Claudio Santana B\u00f3rquez.\/<strong>Asistencia de Direcci\u00f3n:<\/strong> Francesca Bono.\/ <strong>Dramaturgistas:<\/strong> Francesca Bono y Claudio Santana B\u00f3rquez.\/<strong>Dise\u00f1o Integral:<\/strong> Rodrigo Adaos Seriche, Francesca Bono y Claudio Santana B\u00f3rquez.\/<strong>Apoyo en el trabajo de alineamiento:<\/strong> Juan Pablo V\u00e1squez.\/ <strong>Construcci\u00f3n Escenogr\u00e1fica:<\/strong> Carlos Romero\/ <strong>Apoyo en el trabajo de alineamiento:<\/strong> Juan Pablo V\u00e1squez.\/ <strong>Comunicaci\u00f3n Visual:<\/strong> Evelyn Balladares Rail.\/ <strong>Registro Fotogr\u00e1fico:<\/strong> Daniela Olivares F.\/ <strong>Producci\u00f3n General:<\/strong> Sala de Arte Esc\u00e9nico UPLA.\/ <strong>Equipo T\u00e9cnico y Tramoya:<\/strong> Sala de Arte Esc\u00e9nico UPLA.<\/p>\n","protected":false},"excerpt":{"rendered":"<p>&lt;&gt;, es una creaci\u00f3n colectiva para el montaje de egreso de los ex estudiantes de la Carrera de Teatro, generaci\u00f3n 2018. Con anterioridad a este estreno virtual se realizar\u00e1 un conversatorio, que ser\u00e1 dirigido por la acad\u00e9mica Ver\u00f3nica Sentis, el que contar\u00e1 con la participaci\u00f3n de parte del elenco de actores y creadores.<\/p>\n","protected":false},"author":11,"featured_media":134972,"comment_status":"closed","ping_status":"closed","sticky":false,"template":"","format":"standard","meta":{"footnotes":""},"categories":[51,96,60,61,52,40,69,97,71,99,91],"tags":[],"class_list":["post-134968","post","type-post","status-publish","format-standard","has-post-thumbnail","","category-academia","category-academicos","category-campus-san-felipe","category-carreras-vespertinas","category-cultura","category-destacados","category-egresados","category-estudiantes","category-facultad-de-arte","category-funcionarios","category-vinculacion-con-el-medio"],"_links":{"self":[{"href":"https:\/\/upla.cl\/noticias\/wp-json\/wp\/v2\/posts\/134968","targetHints":{"allow":["GET"]}}],"collection":[{"href":"https:\/\/upla.cl\/noticias\/wp-json\/wp\/v2\/posts"}],"about":[{"href":"https:\/\/upla.cl\/noticias\/wp-json\/wp\/v2\/types\/post"}],"author":[{"embeddable":true,"href":"https:\/\/upla.cl\/noticias\/wp-json\/wp\/v2\/users\/11"}],"replies":[{"embeddable":true,"href":"https:\/\/upla.cl\/noticias\/wp-json\/wp\/v2\/comments?post=134968"}],"version-history":[{"count":0,"href":"https:\/\/upla.cl\/noticias\/wp-json\/wp\/v2\/posts\/134968\/revisions"}],"wp:featuredmedia":[{"embeddable":true,"href":"https:\/\/upla.cl\/noticias\/wp-json\/wp\/v2\/media\/134972"}],"wp:attachment":[{"href":"https:\/\/upla.cl\/noticias\/wp-json\/wp\/v2\/media?parent=134968"}],"wp:term":[{"taxonomy":"category","embeddable":true,"href":"https:\/\/upla.cl\/noticias\/wp-json\/wp\/v2\/categories?post=134968"},{"taxonomy":"post_tag","embeddable":true,"href":"https:\/\/upla.cl\/noticias\/wp-json\/wp\/v2\/tags?post=134968"}],"curies":[{"name":"wp","href":"https:\/\/api.w.org\/{rel}","templated":true}]}}