{"id":135982,"date":"2020-08-14T10:41:07","date_gmt":"2020-08-14T14:41:07","guid":{"rendered":"https:\/\/www.upla.cl\/noticias\/?p=135982"},"modified":"2020-08-14T12:28:50","modified_gmt":"2020-08-14T16:28:50","slug":"grupo-giia-upla-invita-a-charla-control-y-transgresion-en-pandemia","status":"publish","type":"post","link":"https:\/\/upla.cl\/noticias\/2020\/08\/14\/grupo-giia-upla-invita-a-charla-control-y-transgresion-en-pandemia\/","title":{"rendered":"Grupo GIIA-UPLA invita a charla \u00abControl y transgresi\u00f3n en pandemia\u00bb"},"content":{"rendered":"<p><span lang=\"ES\"><a href=\"https:\/\/www.upla.cl\/noticias\/wp-content\/uploads\/2020\/08\/Patricio-Landaeta-GIIA-UPLA.jpg\"><img loading=\"lazy\" decoding=\"async\" class=\"alignright size-medium wp-image-135983\" src=\"https:\/\/www.upla.cl\/noticias\/wp-content\/uploads\/2020\/08\/Patricio-Landaeta-GIIA-UPLA-212x300.jpg\" alt=\"\" width=\"212\" height=\"300\" srcset=\"https:\/\/upla.cl\/noticias\/wp-content\/uploads\/2020\/08\/Patricio-Landaeta-GIIA-UPLA-212x300.jpg 212w, https:\/\/upla.cl\/noticias\/wp-content\/uploads\/2020\/08\/Patricio-Landaeta-GIIA-UPLA.jpg 452w\" sizes=\"auto, (max-width: 212px) 100vw, 212px\" \/><\/a>El\u00a0<\/span><b><span lang=\"ES\">Grupo Interdisciplinario de Investigaci\u00f3n Avanzada: Patrimonio, Espacio Social y Desarrollo Territorial<\/span><\/b><span lang=\"ES\"> (GIIA) de la Universidad de Playa Ancha, contin\u00faa su ciclo de charlas virtuales con el objetivo de abrir un espacio de di\u00e1logo en torno al impacto de la pandemia en los territorios.<\/span><\/p>\n<p><span lang=\"ES\">Patrimonio, cooperaci\u00f3n y construcci\u00f3n de lazos comunitarios, control social, transgresi\u00f3n y escrituras en el confinamiento, son algunos de los ejes tem\u00e1ticos a presentar por investigadoras e investigadores adscritos al GIIA-UPLA durante los meses de agosto y septiembre.<\/span><\/p>\n<p><span lang=\"ES\">En esta oportunidad, el <strong>Dr. en Filosof\u00eda Patricio Landaeta<\/strong> presentar\u00e1 la charla titulada \u00ab<b>Control y transgresi\u00f3n en pandemia<\/b>\u00ab, con el fin de interrogar sobre las din\u00e1micas sociales que generan medidas como el confinamiento sanitario.<\/span><\/p>\n<p>La actividad se efectuar\u00e1 el martes 18 de agosto, a las 15 horas, a trav\u00e9s de la plataforma Zoom.<\/p>\n<div>Id reuni\u00f3n: 810 4695 4801<\/div>\n<div>C\u00f3digo Acceso: 178134<\/div>\n","protected":false},"excerpt":{"rendered":"<p>El expositor principal ser\u00e1 el Dr. en Filosof\u00eda Patricio Landaeta, en cita programada para el martes 18 de agosto, a las 15 horas, a trav\u00e9s de la plataforma Zoom.<\/p>\n","protected":false},"author":10,"featured_media":135983,"comment_status":"closed","ping_status":"closed","sticky":false,"template":"","format":"standard","meta":{"footnotes":""},"categories":[51,96,62,52,40,69,97,43,91],"tags":[],"class_list":["post-135982","post","type-post","status-publish","format-standard","has-post-thumbnail","","category-academia","category-academicos","category-cea","category-cultura","category-destacados","category-egresados","category-estudiantes","category-investigacion","category-vinculacion-con-el-medio"],"_links":{"self":[{"href":"https:\/\/upla.cl\/noticias\/wp-json\/wp\/v2\/posts\/135982","targetHints":{"allow":["GET"]}}],"collection":[{"href":"https:\/\/upla.cl\/noticias\/wp-json\/wp\/v2\/posts"}],"about":[{"href":"https:\/\/upla.cl\/noticias\/wp-json\/wp\/v2\/types\/post"}],"author":[{"embeddable":true,"href":"https:\/\/upla.cl\/noticias\/wp-json\/wp\/v2\/users\/10"}],"replies":[{"embeddable":true,"href":"https:\/\/upla.cl\/noticias\/wp-json\/wp\/v2\/comments?post=135982"}],"version-history":[{"count":0,"href":"https:\/\/upla.cl\/noticias\/wp-json\/wp\/v2\/posts\/135982\/revisions"}],"wp:featuredmedia":[{"embeddable":true,"href":"https:\/\/upla.cl\/noticias\/wp-json\/wp\/v2\/media\/135983"}],"wp:attachment":[{"href":"https:\/\/upla.cl\/noticias\/wp-json\/wp\/v2\/media?parent=135982"}],"wp:term":[{"taxonomy":"category","embeddable":true,"href":"https:\/\/upla.cl\/noticias\/wp-json\/wp\/v2\/categories?post=135982"},{"taxonomy":"post_tag","embeddable":true,"href":"https:\/\/upla.cl\/noticias\/wp-json\/wp\/v2\/tags?post=135982"}],"curies":[{"name":"wp","href":"https:\/\/api.w.org\/{rel}","templated":true}]}}