{"id":135985,"date":"2020-08-14T12:04:35","date_gmt":"2020-08-14T16:04:35","guid":{"rendered":"https:\/\/www.upla.cl\/noticias\/?p=135985"},"modified":"2020-08-14T12:04:35","modified_gmt":"2020-08-14T16:04:35","slug":"universidades-estatales-la-union-hace-la-fuerza","status":"publish","type":"post","link":"https:\/\/upla.cl\/noticias\/2020\/08\/14\/universidades-estatales-la-union-hace-la-fuerza\/","title":{"rendered":"Universidades estatales: la uni\u00f3n hace la fuerza"},"content":{"rendered":"<p><a href=\"https:\/\/www.upla.cl\/noticias\/wp-content\/uploads\/2020\/08\/MapaRed.png\"><img loading=\"lazy\" decoding=\"async\" class=\"alignright size-medium wp-image-135997\" src=\"https:\/\/www.upla.cl\/noticias\/wp-content\/uploads\/2020\/08\/MapaRed-300x111.png\" alt=\"\" width=\"300\" height=\"111\" srcset=\"https:\/\/upla.cl\/noticias\/wp-content\/uploads\/2020\/08\/MapaRed-300x111.png 300w, https:\/\/upla.cl\/noticias\/wp-content\/uploads\/2020\/08\/MapaRed-768x284.png 768w, https:\/\/upla.cl\/noticias\/wp-content\/uploads\/2020\/08\/MapaRed.png 800w\" sizes=\"auto, (max-width: 300px) 100vw, 300px\" \/><\/a>Lejos de los grandes titulares y las pol\u00e9micas p\u00fablicas, los a\u00f1os recientes vieron un cambio hist\u00f3rico en el sistema de educaci\u00f3n superior: las universidades del Estado abandonaron la competencia entre ellas, impuesta por una l\u00f3gica de mercado, y retomaron la colaboraci\u00f3n a gran escala que ten\u00edan antes de 1981.<\/p>\n<p>El cambio fue posible gracias al <strong>Convenio Marco Objetivo en Red<\/strong>, firmado en 2016 por los rectores del Consorcio de Universidades del Estado (CUECH). La iniciativa permiti\u00f3 la instalaci\u00f3n de un sistema apoyado en una serie de redes sectoriales y mesas tem\u00e1ticas, en que todas las universidades estatales participaban asociativamente para potenciarse entre s\u00ed.<\/p>\n<p>\u201cPara organizar este trabajo se constituy\u00f3 un equipo formado por un Comit\u00e9 Ejecutivo de Rectores y la Direcci\u00f3n del proyecto, a cargo de M\u00f3nica Quiroz, m\u00e1s un conjunto de autoridades, acad\u00e9micos y profesionales de las universidades que fueron capaces de visibilizar la importancia de cada una de las redes estrat\u00e9gicas y el aporte de estas al fortalecimiento del sistema de universidades del Estado\u201d, explic\u00f3 <strong>Mar\u00eda Jacqueline Rojas R\u00edos<\/strong>, quien fue la coordinadora institucional de la Universidad de Playa Ancha durante el \u00faltimo a\u00f1o y anteriormente, por m\u00e1s de tres a\u00f1os, particip\u00f3 en la Red de Investigaci\u00f3n.<\/p>\n<p>Previamente, esa coordinaci\u00f3n hab\u00eda estado en manos de <strong>Mar\u00eda Francisca Briones Rosas<\/strong>, entonces Vicerrectora de Desarrollo y actualmente directora general de An\u00e1lisis y Planificaci\u00f3n Estrat\u00e9gica Institucional.<\/p>\n<p>Formalmente, el proyecto de Red de las Universidades del Estado termin\u00f3 el 31 de julio pasado. Pero permanece el cambio hist\u00f3rico que trajo. Ambas coordinadoras cuentan lo que fue esta experiencia colaborativa y c\u00f3mo se proyecta en el futuro.<\/p>\n<p><strong>&#8211; \u00bfC\u00f3mo describir\u00edan este proyecto que se extendi\u00f3 entre 2016 y 2020?<\/strong><br \/>\n<strong><a href=\"https:\/\/www.upla.cl\/noticias\/wp-content\/uploads\/2020\/08\/FranciscaBriones.png\"><img loading=\"lazy\" decoding=\"async\" class=\"alignleft size-medium wp-image-135991\" src=\"https:\/\/www.upla.cl\/noticias\/wp-content\/uploads\/2020\/08\/FranciscaBriones-300x169.png\" alt=\"\" width=\"300\" height=\"169\" srcset=\"https:\/\/upla.cl\/noticias\/wp-content\/uploads\/2020\/08\/FranciscaBriones-300x169.png 300w, https:\/\/upla.cl\/noticias\/wp-content\/uploads\/2020\/08\/FranciscaBriones.png 688w\" sizes=\"auto, (max-width: 300px) 100vw, 300px\" \/><\/a>Mar\u00eda Francisca Briones:<\/strong> \u201cPor primera vez, permiti\u00f3 promover en forma sistem\u00e1tica el trabajo entre las universidades estatales de Chile. Se logr\u00f3 efectuar un diagn\u00f3stico completo y a partir de \u00e9l la priorizaci\u00f3n de redes, todas ellas aportando a mejorar, fortalecer y consolidar los temas clave para nuestras instituciones, buscando a trav\u00e9s de la realizaci\u00f3n de diversas acciones resaltar el sello estatal, la identidad p\u00fablica y evidenciar nuestro rol social. La formulaci\u00f3n del Plan Plurianual fue clave para el ordenamiento de las acciones y de la focalizaci\u00f3n del financiamiento. Sin duda, este trabajo fue la base para avanzar hoy hacia el Sistema de Universidades Estatales, camino que debe seguir recorri\u00e9ndose para lograr sistematizar el trabajo en red, en forma colaborativa, contribuyendo cada vez m\u00e1s al desarrollo de nuestros territorios a trav\u00e9s de las funciones clave de nuestras instituciones.\u201d<br \/>\n<strong>Mar\u00eda Jacqueline Rojas:<\/strong> \u201cOperaron diversas redes: Investigaci\u00f3n y sus mesas de trabajo, Pregrado y la Mesa de Movilidad Estudiantil, Vinculaci\u00f3n con el Medio, Aseguramiento de la Calidad, An\u00e1lisis Institucional, Comunicaciones y Artes, Culturas y Patrimonio, en las cuales muchos de nosotros tuvimos la oportunidad de participar. Esta forma de organizar el trabajo signific\u00f3 un cambio cultural y permiti\u00f3 generar diversos productos concretos para fortalecer el sistema integrado de universidades, teniendo como fin mejorar la calidad de la educaci\u00f3n superior que ofrecen nuestras instituciones.\u201d<\/p>\n<p><strong>&#8211; \u00bfEn qu\u00e9 se tradujo este cambio para las universidades estatales?<\/strong><br \/>\n<strong><a href=\"https:\/\/www.upla.cl\/noticias\/wp-content\/uploads\/2020\/08\/JacquelineRojas.png\"><img loading=\"lazy\" decoding=\"async\" class=\"alignleft size-medium wp-image-135990\" src=\"https:\/\/www.upla.cl\/noticias\/wp-content\/uploads\/2020\/08\/JacquelineRojas-300x169.png\" alt=\"\" width=\"300\" height=\"169\" srcset=\"https:\/\/upla.cl\/noticias\/wp-content\/uploads\/2020\/08\/JacquelineRojas-300x169.png 300w, https:\/\/upla.cl\/noticias\/wp-content\/uploads\/2020\/08\/JacquelineRojas.png 688w\" sizes=\"auto, (max-width: 300px) 100vw, 300px\" \/><\/a>Mar\u00eda Jacqueline Rojas:<\/strong> \u201cYo creo que hubo avances sustantivos. Lo principal ha sido generar un esp\u00edritu y una convicci\u00f3n de colaboraci\u00f3n, de entender a las universidades del CUECH como un sistema integrado de universidades. A partir de reconocer los m\u00e9ritos y saberes de cada una, se han generado relaciones virtuosas, se han recuperado las confianzas y se ha intentado imprimir con fuerza el sello de lo estatal, con el objetivo de que cada una de ellas siga contribuyendo al desarrollo regional y nacional. En lo concreto, se han generado redes entre los profesionales, acad\u00e9micos e investigadores de las distintas universidades que han permitido desarrollar propuestas que los involucran a todos o a un conjunto de ellos, en torno a un objetivo com\u00fan.\u201d<\/p>\n<p><strong>&#8211; \u00bfY qu\u00e9 signific\u00f3 para la Universidad de Playa Ancha, en particular?<\/strong><br \/>\n<strong>Mar\u00eda Francisca Briones:<\/strong> \u201cEsta universidad fue activa en la iniciativa, teniendo representantes en cada una de las redes, mesas de investigaci\u00f3n y en la coordinaci\u00f3n. Nos sumamos a la organizaci\u00f3n de cada una de las actividades que se abordaron, ya sea en forma directa o indirecta, lo que permiti\u00f3 instalar capacidades en nuestra universidad y aplicar aprendizajes en nuestros procesos a trav\u00e9s de estudiantes, profesionales y acad\u00e9micos.\u201d<\/p>\n<p><strong>&#8211; Se cambi\u00f3 la l\u00f3gica de competencia entre las universidades por otra colaborativa. Pero \u00bfqu\u00e9 pasar\u00e1 con este cambio ahora que el Convenio Marco en Red termin\u00f3? \u00bfSe mantendr\u00e1?<\/strong><br \/>\n<strong>Mar\u00eda Francisca Briones:<\/strong> \u201cA\u00fan hay mucho camino por recorrer para que realmente logremos esa uni\u00f3n distintiva manteniendo nuestras autonom\u00edas, pero sobre todo resaltando el bien com\u00fan y el sello \u00fanico para nuestras universidades. La oportunidad de seguir construyendo este camino y avanzando en los temas prioritarios que nos convocan, se da a partir del Plan de Fortalecimiento, que se ejecuta desde el a\u00f1o 2017. All\u00ed se incorporan el trabajo en red, los temas de formaci\u00f3n ciudadana, se sigue fortaleciendo la movilidad estudiantil y se comienza a trav\u00e9s de diagn\u00f3sticos la formulaci\u00f3n de un plan que -en un plazo de 10 a\u00f1os- nos permitir\u00e1 contar con el sistema de universidades estatales creado e instalado.\u201d<br \/>\n<strong><a href=\"https:\/\/www.upla.cl\/noticias\/wp-content\/uploads\/2020\/08\/Red01.jpg\"><img loading=\"lazy\" decoding=\"async\" class=\"alignright size-medium wp-image-135993\" src=\"https:\/\/www.upla.cl\/noticias\/wp-content\/uploads\/2020\/08\/Red01-300x200.jpg\" alt=\"\" width=\"300\" height=\"200\" srcset=\"https:\/\/upla.cl\/noticias\/wp-content\/uploads\/2020\/08\/Red01-300x200.jpg 300w, https:\/\/upla.cl\/noticias\/wp-content\/uploads\/2020\/08\/Red01-768x512.jpg 768w, https:\/\/upla.cl\/noticias\/wp-content\/uploads\/2020\/08\/Red01.jpg 800w\" sizes=\"auto, (max-width: 300px) 100vw, 300px\" \/><\/a>Mar\u00eda Jacqueline Rojas:<\/strong> \u201cSe han sentado bases firmes para continuar con este trabajo. Fue un proyecto que cont\u00f3 con el compromiso de cientos de personas durante cuatro a\u00f1os y que marc\u00f3 un punto de inflexi\u00f3n en este continuo debilitamiento de lo p\u00fablico, dentro de lo cual tambi\u00e9n ha estado la educaci\u00f3n superior p\u00fablica. Sabemos que nuestras instituciones son heterog\u00e9neas, pero en este tiempo se redescubri\u00f3 aquello que nos une y se puso el acento en los m\u00e9ritos de cada una. Por lo tanto, yo creo que esta semilla que se sembr\u00f3, crecer\u00e1 y se desarrollar\u00e1, en beneficio de todos. Conf\u00edo en el trabajo realizado, creo en el trabajo en red y en las redes como una estrategia que nos beneficia a todos.\u201d<\/p>\n<p><strong>&#8211; \u00bfQu\u00e9 tarea le queda pendiente a la UPLA?<\/strong><br \/>\n<strong>Mar\u00eda Francisca Briones:<\/strong> \u201cCerrada la etapa de las redes en convenio marco, ahora debemos seguir trabajando conjuntamente para lograr contar con un sistema de universidades estatales con sello distintivo y aportes evidenciables a nuestros territorios. Seguir focaliz\u00e1ndonos en la formaci\u00f3n y desarrollo integral de nuestros estudiantes y en la generaci\u00f3n de conocimiento compartido. Seguir vincul\u00e1ndonos en forma efectiva con el medio, construyendo en conjunto una vida mucho mejor para todos. M\u00e1s hoy, cuando estamos en medio de una pandemia en que cada persona nos necesita.\u201d<br \/>\n<strong>Mar\u00eda Jacqueline Rojas:<\/strong> \u201cAun cuando el proyecto Convenio Marco en Red ha cumplido su objetivo y ha cerrado, debemos continuar trabajando en esta l\u00f3gica, mantener los v\u00ednculos generados por las redes y asumir nuevas tareas, algunas de las cuales ya fueron iniciadas. Actualmente, las universidades del Consorcio desarrollamos de manera colaborativa dispositivos institucionales que permitan la instalaci\u00f3n y apropiaci\u00f3n de la formaci\u00f3n ciudadana, en el marco de la Ley de Universidades Estatales, y nos preparamos para el Plan de Fortalecimiento a diez a\u00f1os.\u201d<\/p>\n<p><a href=\"https:\/\/www.upla.cl\/noticias\/wp-content\/uploads\/2016\/04\/reunion_investigacion_cruch_1.jpg\"><img loading=\"lazy\" decoding=\"async\" class=\"size-medium wp-image-84390 alignleft\" src=\"https:\/\/www.upla.cl\/noticias\/wp-content\/uploads\/2016\/04\/reunion_investigacion_cruch_1-300x200.jpg\" alt=\"\" width=\"300\" height=\"200\" srcset=\"https:\/\/upla.cl\/noticias\/wp-content\/uploads\/2016\/04\/reunion_investigacion_cruch_1-300x200.jpg 300w, https:\/\/upla.cl\/noticias\/wp-content\/uploads\/2016\/04\/reunion_investigacion_cruch_1.jpg 640w\" sizes=\"auto, (max-width: 300px) 100vw, 300px\" \/><\/a>&#8211; <strong>\u00bfAlg\u00fan comentario final? <\/strong><br \/>\n<strong>Mar\u00eda Francisca Briones:<\/strong> \u201cEsta ha sido una experiencia positiva para cada una y uno de quienes participamos, individualmente, institucionalmente y como parte de esta Red de Universidades Estatales que hoy sigue avanzando para transformarse en un Sistema, para seguir procurando y promoviendo el desarrollo de nuestros territorios.<br \/>\n<strong>Mar\u00eda Jacqueline Rojas:<\/strong> \u201cConcuerdo en que ha sido una experiencia muy positiva para todos quienes participamos, y quisiera destacar que, debido a las circunstancias en que se cerr\u00f3 el convenio, algunas actividades planificadas para el cierre no pudieron realizarse y en su reemplazo se opt\u00f3 por generar una memoria 2016-2020, la que\u00a0recoge cifras, fotograf\u00edas y productos que resumen los avances alcanzados en cada una de las redes. Creo que es un excelente aporte &#8211; que sistematiza lo que fueron estos m\u00e1s de 4 a\u00f1os.\u201d<\/p>\n<p><a href=\"https:\/\/www.upla.cl\/noticias\/wp-content\/uploads\/2020\/08\/Portada_CMOER-1.jpg\"><img loading=\"lazy\" decoding=\"async\" class=\"alignright size-thumbnail wp-image-135986\" src=\"https:\/\/www.upla.cl\/noticias\/wp-content\/uploads\/2020\/08\/Portada_CMOER-1-150x150.jpg\" alt=\"\" width=\"150\" height=\"150\" \/><\/a><\/p>\n<p style=\"padding-left: 40px;\"><strong>*Nota<\/strong>: la Memoria Institucional de la Red de Universidades del Estado se puede consultar en la <a href=\"https:\/\/www.upla.cl\/desarrollo\/coordinacion-institucional-de-trabajo-en-la-red-de-universidades-estatales\/\">p\u00e1gina de la Coordinaci\u00f3n Institucional para el Trabajo en la Red de Universidades Estatales<\/a>, de la Direcci\u00f3n General de An\u00e1lisis y Planificaci\u00f3n Estrat\u00e9gica Institucional.<\/p>\n<p>&nbsp;<\/p>\n<p>&nbsp;<\/p>\n","protected":false},"excerpt":{"rendered":"<p>Proyecto de m\u00e1s de cuatro a\u00f1os sent\u00f3 las bases de un sistema colaborativo entre estas instituciones. Sus coordinadoras institucionales en la UPLA, Mar\u00eda Francisca Briones y Mar\u00eda Jacqueline Rojas, eval\u00faan su significado.<\/p>\n","protected":false},"author":4,"featured_media":136006,"comment_status":"closed","ping_status":"closed","sticky":false,"template":"","format":"standard","meta":{"footnotes":""},"categories":[41,98,43,113],"tags":[],"class_list":["post-135985","post","type-post","status-publish","format-standard","has-post-thumbnail","","category-entrevistas","category-gestion","category-investigacion","category-universidades-en-red"],"_links":{"self":[{"href":"https:\/\/upla.cl\/noticias\/wp-json\/wp\/v2\/posts\/135985","targetHints":{"allow":["GET"]}}],"collection":[{"href":"https:\/\/upla.cl\/noticias\/wp-json\/wp\/v2\/posts"}],"about":[{"href":"https:\/\/upla.cl\/noticias\/wp-json\/wp\/v2\/types\/post"}],"author":[{"embeddable":true,"href":"https:\/\/upla.cl\/noticias\/wp-json\/wp\/v2\/users\/4"}],"replies":[{"embeddable":true,"href":"https:\/\/upla.cl\/noticias\/wp-json\/wp\/v2\/comments?post=135985"}],"version-history":[{"count":0,"href":"https:\/\/upla.cl\/noticias\/wp-json\/wp\/v2\/posts\/135985\/revisions"}],"wp:featuredmedia":[{"embeddable":true,"href":"https:\/\/upla.cl\/noticias\/wp-json\/wp\/v2\/media\/136006"}],"wp:attachment":[{"href":"https:\/\/upla.cl\/noticias\/wp-json\/wp\/v2\/media?parent=135985"}],"wp:term":[{"taxonomy":"category","embeddable":true,"href":"https:\/\/upla.cl\/noticias\/wp-json\/wp\/v2\/categories?post=135985"},{"taxonomy":"post_tag","embeddable":true,"href":"https:\/\/upla.cl\/noticias\/wp-json\/wp\/v2\/tags?post=135985"}],"curies":[{"name":"wp","href":"https:\/\/api.w.org\/{rel}","templated":true}]}}