{"id":137046,"date":"2020-10-02T14:41:40","date_gmt":"2020-10-02T17:41:40","guid":{"rendered":"https:\/\/www.upla.cl\/noticias\/?p=137046"},"modified":"2020-10-02T14:41:40","modified_gmt":"2020-10-02T17:41:40","slug":"presencia-de-fosfina-en-la-atmosfera-de-venus-un-prometedor-signo-de-vida","status":"publish","type":"post","link":"https:\/\/upla.cl\/noticias\/2020\/10\/02\/presencia-de-fosfina-en-la-atmosfera-de-venus-un-prometedor-signo-de-vida\/","title":{"rendered":"Presencia de fosfina en la atm\u00f3sfera de Venus: Un prometedor signo de vida"},"content":{"rendered":"<p><a href=\"https:\/\/www.upla.cl\/noticias\/wp-content\/uploads\/2020\/10\/venus_planeta.jpg\"><img loading=\"lazy\" decoding=\"async\" class=\"aligncenter size-full wp-image-137048\" src=\"https:\/\/www.upla.cl\/noticias\/wp-content\/uploads\/2020\/10\/venus_planeta.jpg\" alt=\"\" width=\"480\" height=\"480\" srcset=\"https:\/\/upla.cl\/noticias\/wp-content\/uploads\/2020\/10\/venus_planeta.jpg 480w, https:\/\/upla.cl\/noticias\/wp-content\/uploads\/2020\/10\/venus_planeta-300x300.jpg 300w, https:\/\/upla.cl\/noticias\/wp-content\/uploads\/2020\/10\/venus_planeta-150x150.jpg 150w\" sizes=\"auto, (max-width: 480px) 100vw, 480px\" \/><\/a><\/p>\n<p>\u00abEn las \u00faltimas semanas, la revista Nature Astronomy dio que hablar a ra\u00edz de un trabajo publicado que da cuenta de la detecci\u00f3n de fosfina (PH<sub>3<\/sub>) en la atm\u00f3sfera de Venus, y la posible relaci\u00f3n entre este hallazgo y la posibilidad de vida en ese planeta.<\/p>\n<p>Los autores del art\u00edculo\u00a0 \u201cPhosphine gas in the cloud decks of Venus\u201d indican que la cantidad de fosfina encontrada en la atm\u00f3sfera de Venus es menor a la que producen algunos ecosistemas terrestres y que su presencia en dicho planeta puede deberse a reacciones desconocidas, que pueden ocurrir en las condiciones venusianas, las que podr\u00edan ser de tipo fotoqu\u00edmicas (reacciones que ocurren a partir de interacciones de compuestos qu\u00edmicos y luz),\u00a0 geoqu\u00edmicas (reacciones qu\u00edmicas potenciadas o impulsadas por minerales) o tal vez, producto de la presencia de vida. El que posibles organismos vivos sean los responsables de la presencia de fosfina es a\u00fan especulativo, sin embargo, los autores plantean cautelosamente la hip\u00f3tesis de producci\u00f3n de este compuesto a trav\u00e9s de dos posibles caminos: reacciones qu\u00edmicas fotoqu\u00edmicas o no fotoqu\u00edmicas. Lo que s\u00ed es un hecho es que, a partir de este trabajo, es posible considerar a la fosfina como un gas de firma biol\u00f3gica.<\/p>\n<figure id=\"attachment_121721\" aria-describedby=\"caption-attachment-121721\" style=\"width: 300px\" class=\"wp-caption alignright\"><a href=\"https:\/\/www.upla.cl\/noticias\/wp-content\/uploads\/2019\/01\/Dra.-Macarena-Garcia4_upla.jpg\"><img loading=\"lazy\" decoding=\"async\" class=\"size-medium wp-image-121721\" src=\"https:\/\/www.upla.cl\/noticias\/wp-content\/uploads\/2019\/01\/Dra.-Macarena-Garcia4_upla-300x190.jpg\" alt=\"\" width=\"300\" height=\"190\" srcset=\"https:\/\/upla.cl\/noticias\/wp-content\/uploads\/2019\/01\/Dra.-Macarena-Garcia4_upla-300x190.jpg 300w, https:\/\/upla.cl\/noticias\/wp-content\/uploads\/2019\/01\/Dra.-Macarena-Garcia4_upla.jpg 640w\" sizes=\"auto, (max-width: 300px) 100vw, 300px\" \/><\/a><figcaption id=\"caption-attachment-121721\" class=\"wp-caption-text\">Dra. Macarena Garc\u00eda.<\/figcaption><\/figure>\n<p>Los \u201cgases de firma biol\u00f3gica\u201d (biosignature gases) son una serie de compuestos gaseosos que se producen debido a la presencia de vida y que se acumulan en la atm\u00f3sfera planetaria, permitiendo que sean detectables. Estos gases, deben encontrarse de forma abundante y adem\u00e1s deben ser activos espectrosc\u00f3picamente, es decir, deben poder ser detectados mediante t\u00e9cnicas espectrosc\u00f3picas, las cuales localizan sustancias mediante se\u00f1ales caracter\u00edsticas, algo as\u00ed como una huella digital. \u00a0Como ejemplo, en la Tierra son considerados gases de firma biol\u00f3gica el ox\u00edgeno molecular (O<sub>2<\/sub>), el ozono (O<sub>3)<\/sub>, el metano (CH<sub>4<\/sub>) y el \u00f3xido nitroso (N<sub>2<\/sub>O).<\/p>\n<p>Este a\u00f1o, otro art\u00edculo publicado en la revista Astrobiology postul\u00f3 que la fosfina (PH<sub>3<\/sub>) podr\u00eda ser considerada como un gas de firma biol\u00f3gica en la atm\u00f3sfera de exoplanetas. En otras palabras, se propuso que cualquier vestigio de fosfina (PH<sub>3<\/sub>) en la atm\u00f3sfera de planetas rocosos podr\u00eda ser un prometedor signo de vida.<\/p>\n<p>Toda vida en la tierra depende del f\u00f3sforo y por esto que es tan relevante el ciclo biol\u00f3gico de este elemento, el cual depende principalmente -pero no de manera exclusiva- de compuestos denominados fosfatos, sin embargo, existen otras mol\u00e9culas relevantes involucradas como la fosfina.<\/p>\n<p>En nuestro planeta, este compuesto se produce biol\u00f3gicamente en ambientes an\u00f3xicos (libres de ox\u00edgeno) y mediante procesos industriales (fosfina antropog\u00e9nica). Las tasas de producci\u00f3n de este compuesto se consideran bajas, sin embargo, es posible encontrarlo globalmente en cantidades m\u00ednimas. La producci\u00f3n biol\u00f3gica se asocia con actividad microbiana en ambientes libres de ox\u00edgeno, debido a que se este compuesto se ha detectado en una gran variedad de ecosistemas con nichos an\u00f3xicos como por ejemplo, fecas en colonias de ping\u00fcinos, tractos intestinales de algunos animales, r\u00edos, lagos, humedales, lodos y vertederos.<\/p>\n<p>En la actualidad a\u00fan se est\u00e1n estudiando los mecanismos de producci\u00f3n biol\u00f3gica de fosfina, sin embargo, se han postulado algunas explicaciones:<\/p>\n<ul>\n<li>Las bacterias an\u00f3xicas producen PH<sub>3<\/sub> a partir del f\u00f3sforo ambiental.<\/li>\n<li>Las bacterias an\u00f3xicas producen PH<sub>3<\/sub> a partir de la fermentaci\u00f3n de materia org\u00e1nica y reacciones con fosfuros met\u00e1licos.<\/li>\n<\/ul>\n<p>Si bien a\u00fan no se entienden completamente estos mecanismos, si est\u00e1 claro que la presencia de este compuesto en nuestro planeta indica la presencia de vida anaer\u00f3bica y es esto lo que lleva a la comunidad cient\u00edfica a pensar que, tal vez, existe vida en la \u201cestrella del alba\u201d.<\/p>\n<p>&nbsp;<\/p>\n<p><strong><em>Dra. Macarena Garc\u00eda Morgado<\/em><\/strong><br \/>\n<em>Coordinadora del Laboratorio<\/em>\u00a0<em>de Procesos Fot\u00f3nicos y Electroqu\u00edmicos<\/em><br \/>\n<em>Facultad de Ciencias Naturales y Exactas<\/em><\/p>\n","protected":false},"excerpt":{"rendered":"<p>Columna de opini\u00f3n de la Dra. Macarena Garc\u00eda Morgado, coordinadora del Laboratorio de Procesos Fot\u00f3nicos y Electroqu\u00edmicos, de la Facultad de Ciencias Naturales y Exactas.<\/p>\n","protected":false},"author":10,"featured_media":121721,"comment_status":"closed","ping_status":"closed","sticky":false,"template":"","format":"standard","meta":{"footnotes":""},"categories":[51,96,40,101,69,97,75,44,91],"tags":[],"class_list":["post-137046","post","type-post","status-publish","format-standard","has-post-thumbnail","","category-academia","category-academicos","category-destacados","category-docencia","category-egresados","category-estudiantes","category-facultad-de-ciencias-naturales-y-exactas","category-opinion","category-vinculacion-con-el-medio"],"_links":{"self":[{"href":"https:\/\/upla.cl\/noticias\/wp-json\/wp\/v2\/posts\/137046","targetHints":{"allow":["GET"]}}],"collection":[{"href":"https:\/\/upla.cl\/noticias\/wp-json\/wp\/v2\/posts"}],"about":[{"href":"https:\/\/upla.cl\/noticias\/wp-json\/wp\/v2\/types\/post"}],"author":[{"embeddable":true,"href":"https:\/\/upla.cl\/noticias\/wp-json\/wp\/v2\/users\/10"}],"replies":[{"embeddable":true,"href":"https:\/\/upla.cl\/noticias\/wp-json\/wp\/v2\/comments?post=137046"}],"version-history":[{"count":0,"href":"https:\/\/upla.cl\/noticias\/wp-json\/wp\/v2\/posts\/137046\/revisions"}],"wp:featuredmedia":[{"embeddable":true,"href":"https:\/\/upla.cl\/noticias\/wp-json\/wp\/v2\/media\/121721"}],"wp:attachment":[{"href":"https:\/\/upla.cl\/noticias\/wp-json\/wp\/v2\/media?parent=137046"}],"wp:term":[{"taxonomy":"category","embeddable":true,"href":"https:\/\/upla.cl\/noticias\/wp-json\/wp\/v2\/categories?post=137046"},{"taxonomy":"post_tag","embeddable":true,"href":"https:\/\/upla.cl\/noticias\/wp-json\/wp\/v2\/tags?post=137046"}],"curies":[{"name":"wp","href":"https:\/\/api.w.org\/{rel}","templated":true}]}}