{"id":137348,"date":"2020-10-14T16:44:08","date_gmt":"2020-10-14T19:44:08","guid":{"rendered":"https:\/\/www.upla.cl\/noticias\/?p=137348"},"modified":"2020-10-14T16:44:27","modified_gmt":"2020-10-14T19:44:27","slug":"el-desarrollo-urbano-de-la-ciudad-de-san-felipe-primera-parte-antecedentes-generales-de-la-fundacion","status":"publish","type":"post","link":"https:\/\/upla.cl\/noticias\/2020\/10\/14\/el-desarrollo-urbano-de-la-ciudad-de-san-felipe-primera-parte-antecedentes-generales-de-la-fundacion\/","title":{"rendered":"El desarrollo urbano de la ciudad de San Felipe. Primera parte: Antecedentes generales de la fundaci\u00f3n"},"content":{"rendered":"<p><a href=\"https:\/\/www.upla.cl\/noticias\/wp-content\/uploads\/2020\/10\/plano_villa_san_felipe_memoria_chilena.jpg\"><img loading=\"lazy\" decoding=\"async\" class=\"size-full wp-image-137355 aligncenter\" src=\"https:\/\/www.upla.cl\/noticias\/wp-content\/uploads\/2020\/10\/plano_villa_san_felipe_memoria_chilena.jpg\" alt=\"\" width=\"510\" height=\"337\" srcset=\"https:\/\/upla.cl\/noticias\/wp-content\/uploads\/2020\/10\/plano_villa_san_felipe_memoria_chilena.jpg 510w, https:\/\/upla.cl\/noticias\/wp-content\/uploads\/2020\/10\/plano_villa_san_felipe_memoria_chilena-300x198.jpg 300w, https:\/\/upla.cl\/noticias\/wp-content\/uploads\/2020\/10\/plano_villa_san_felipe_memoria_chilena-310x205.jpg 310w\" sizes=\"auto, (max-width: 510px) 100vw, 510px\" \/><\/a><\/p>\n<p>\u00abLa humanizaci\u00f3n del valle del Aconcagua tiene antecedentes milenarios que, a la llegada de\u00a0 los conquistadores espa\u00f1oles (siglo XVI), inici\u00f3 un lento proceso de urbanizaci\u00f3n que trajo aparejado que su localizaci\u00f3n tuviese poblados dispersos, no solo en esta \u00e1rea sino en el resto de la naciente Capitan\u00eda General, condici\u00f3n territorial que tuvo como prioridad y finalidad \u00a0organizar un planteamiento de dominaci\u00f3n respecto de la poblaci\u00f3n aborigen y de las superficies conquistadas.<\/p>\n<p>Con la llegada del siglo XVIII y la aplicaci\u00f3n reformista impulsada por la corona espa\u00f1ola (reformas borb\u00f3nicas), se ampl\u00eda el proceso de fundaci\u00f3n de villas y ciudades desde La Serena hasta Concepci\u00f3n, lo que consecuencialmente provoc\u00f3 un aumento de la poblaci\u00f3n urbana que continu\u00f3 a lo largo del\u00a0 siglo XIX. Dicha situaci\u00f3n se reforz\u00f3 \u00a0con la incorporaci\u00f3n de las provincias de Tarapac\u00e1 y Antofagasta, y de territorios en la zona austral. Sin embargo, hay que indicar que mucha de la poblaci\u00f3n que resid\u00eda en el medio rural (siglos XVI al XIX) -siendo un dato revelador de esta situaci\u00f3n el censo de 1865-\u00a0 el 71.4%\u00a0 (1.302.584 personas) estuvo asentada en la ruralidad y solo una fracci\u00f3n viv\u00eda en el \u00e1mbito citadino (28.6%, 521.763 personas).<\/p>\n<figure id=\"attachment_134435\" aria-describedby=\"caption-attachment-134435\" style=\"width: 243px\" class=\"wp-caption alignright\"><a href=\"https:\/\/www.upla.cl\/noticias\/wp-content\/uploads\/2020\/06\/gasto_gaete_upla.jpg\"><img loading=\"lazy\" decoding=\"async\" class=\"wp-image-134435 size-medium\" src=\"https:\/\/www.upla.cl\/noticias\/wp-content\/uploads\/2020\/06\/gasto_gaete_upla-243x300.jpg\" alt=\"\" width=\"243\" height=\"300\" srcset=\"https:\/\/upla.cl\/noticias\/wp-content\/uploads\/2020\/06\/gasto_gaete_upla-243x300.jpg 243w, https:\/\/upla.cl\/noticias\/wp-content\/uploads\/2020\/06\/gasto_gaete_upla.jpg 480w\" sizes=\"auto, (max-width: 243px) 100vw, 243px\" \/><\/a><figcaption id=\"caption-attachment-134435\" class=\"wp-caption-text\">Profesor Gast\u00f3n Gaete Coddou.<\/figcaption><\/figure>\n<p>Referente a lo indicado, la ciudad de San Felipe surge como un ejemplo propio de las reformas indicadas (pol\u00edtica de fundaci\u00f3n de villas y ciudades\u00a0 de la corona, establecida por Real C\u00e9dula de 1703). Para tal efecto su emplazamiento coincidi\u00f3 con el de tipo interior y fluvial, por cuanto estas variables propiciaron en la naciente urbe una posici\u00f3n locacional que ofrec\u00eda, entre otros aspectos, adecuadas condiciones de habitabilidad, con el respaldo para sus actividades de \u00e1reas de potencialidad agr\u00edcola, suministro de agua y un emplazamiento estrat\u00e9gico respecto de v\u00edas de comunicaci\u00f3n terrestres, que movilizaban la movilidad de viajeros, bienes y servicios con distintos destinos.<\/p>\n<p>Teniendo en consideraci\u00f3n lo indicado, San Felipe se fund\u00f3 el 31 de julio de 1740, hecho geohist\u00f3rico que\u00a0 tuvo como principales aspectos \u00a0la convocatoria en el Convento de Recoletos Franciscanos de Santa Rosa de Viterbo (Curim\u00f3n), en la que participaron los avecindados (34) del corregimiento (territorio bajo su jurisdicci\u00f3n) en cuesti\u00f3n que fueron citados para estos efectos en una junta \u00a0comunitaria presidida por don Jos\u00e9 Manso de Velasco, a su haber Gobernador y Capit\u00e1n General del reino de Chile y Presidente de la Real Audiencia. Este \u00faltima autoridad plante\u00f3 a los asistentes las opciones \u00a0del terreno para fundar la venidera villa, habiendo dos posibilidades para esos efectos, siendo la primera las tierras de Curim\u00f3n (cedidas por el doctor Jos\u00e9 de Rojas) y, la segunda alternativa, las tierras al otro lado del r\u00edo Aconcagua (ribera norte y \u00a0cedidas por el maestre de Campo Toro Hidalgo).<\/p>\n<p>Una vez que el aludido Gobernador visit\u00f3\u00a0 ambas potenciales alternativas,\u00a0 opt\u00f3 por las tierras ofrecidas por Andr\u00e9s de Toro, basando su selecci\u00f3n en: la existencia de \u00a0tierras propicias por su fertilidad para el laboreo agr\u00edcola; mejor conectividad tanto con la ciudad capital del Reino (Santiago) y como con el puerto de Valpara\u00edso; buen clima;\u00a0 factibilidad del recurso h\u00eddrico y, por \u00faltimo, evalu\u00f3 el \u00e1mbito econ\u00f3mico pensado en que San Felipe podr\u00eda posicionarse como un puerto seco, en cuanto al tr\u00e1fico y comercializaci\u00f3n de bienes venidos desde la Argentina,\u00a0 de productos agr\u00edcolas, ganaderos, y\u00a0 de la producci\u00f3n minera (a su haber, procedente del norte chico).<\/p>\n<p>Evaluados los aspectos se\u00f1alados, el 3 agosto de 1740 se oficializ\u00f3 el surgimiento \u00a0de \u00a0la villa de San Felipe El Real (top\u00f3nimo debido a la advocaci\u00f3n al santo patrono de Felipe V, rey de Espa\u00f1a), precisando para estos efectos el acta\u00a0 fundacional que se\u00f1ala: \u201cHabiendo visto las diligencias de las fojas antecedentes, dijo haber llegado el caso de que para mayor honra y gloria de Dios Nuestro Se\u00f1or, servicio del rey y bien com\u00fan de sus vasallos, en el sitio que est\u00e1 de la otra parte del r\u00edo y ofreci\u00f3 el maestre de campo don Andr\u00e9s de Toro se haga la poblaci\u00f3n que est\u00e1 dispersa, y se erija en villa con el glorioso t\u00edtulo y nombre de San Felipe el Real\u201d.<\/p>\n<p>Esta fundaci\u00f3n propici\u00f3 provechos a sectores aleda\u00f1os como Putaendo, LLay-Llay, Curim\u00f3n y Santa Rosa, facilitando en este sentido no solo la administraci\u00f3n, sino tambi\u00e9n \u00a0la centralizaci\u00f3n de la ense\u00f1anza de letras y religiosa\u00bb.<\/p>\n<p>&nbsp;<\/p>\n<p>***<em>Gast\u00f3n Gaete Coddou,\u00a0 ge\u00f3grafo y acad\u00e9mico de la\u00a0<a href=\"https:\/\/www.upla.cl\/cienciasnaturalesyexactas\/\">Facultad de Ciencias Naturales y Exactas<\/a>, Universidad de Playa Ancha<\/em>.<\/p>\n<p>Columna de opini\u00f3n publicada en diario\u00a0<a href=\"https:\/\/www.upla.cl\/noticias\/wp-content\/uploads\/2020\/10\/eltrabajo-30-09-20.jpg\"><strong>El Trabajo de San Felipe<\/strong><\/a>, el mi\u00e9rcoles 30 de septiembre de 2020.<\/p>\n","protected":false},"excerpt":{"rendered":"<p>Columna del ge\u00f3grafo y profesor de la Facultad de Ciencias Naturales y Exactas, Gast\u00f3n Gaete Coddou, publicada en diario El Trabajo de San Felipe, el mi\u00e9rcoles 30 de septiembre de 2020.<\/p>\n","protected":false},"author":10,"featured_media":137355,"comment_status":"closed","ping_status":"closed","sticky":false,"template":"","format":"standard","meta":{"footnotes":""},"categories":[40,101,69,97,75,43,44,179,91],"tags":[],"class_list":["post-137348","post","type-post","status-publish","format-standard","has-post-thumbnail","","category-destacados","category-docencia","category-egresados","category-estudiantes","category-facultad-de-ciencias-naturales-y-exactas","category-investigacion","category-opinion","category-prensa","category-vinculacion-con-el-medio"],"_links":{"self":[{"href":"https:\/\/upla.cl\/noticias\/wp-json\/wp\/v2\/posts\/137348","targetHints":{"allow":["GET"]}}],"collection":[{"href":"https:\/\/upla.cl\/noticias\/wp-json\/wp\/v2\/posts"}],"about":[{"href":"https:\/\/upla.cl\/noticias\/wp-json\/wp\/v2\/types\/post"}],"author":[{"embeddable":true,"href":"https:\/\/upla.cl\/noticias\/wp-json\/wp\/v2\/users\/10"}],"replies":[{"embeddable":true,"href":"https:\/\/upla.cl\/noticias\/wp-json\/wp\/v2\/comments?post=137348"}],"version-history":[{"count":0,"href":"https:\/\/upla.cl\/noticias\/wp-json\/wp\/v2\/posts\/137348\/revisions"}],"wp:featuredmedia":[{"embeddable":true,"href":"https:\/\/upla.cl\/noticias\/wp-json\/wp\/v2\/media\/137355"}],"wp:attachment":[{"href":"https:\/\/upla.cl\/noticias\/wp-json\/wp\/v2\/media?parent=137348"}],"wp:term":[{"taxonomy":"category","embeddable":true,"href":"https:\/\/upla.cl\/noticias\/wp-json\/wp\/v2\/categories?post=137348"},{"taxonomy":"post_tag","embeddable":true,"href":"https:\/\/upla.cl\/noticias\/wp-json\/wp\/v2\/tags?post=137348"}],"curies":[{"name":"wp","href":"https:\/\/api.w.org\/{rel}","templated":true}]}}