{"id":138196,"date":"2020-11-17T13:16:44","date_gmt":"2020-11-17T16:16:44","guid":{"rendered":"https:\/\/www.upla.cl\/noticias\/?p=138196"},"modified":"2020-11-17T13:18:20","modified_gmt":"2020-11-17T16:18:20","slug":"invitan-a-seminario-monitoreo-satelital-de-nieves-en-el-contexto-del-cambio-climatico","status":"publish","type":"post","link":"https:\/\/upla.cl\/noticias\/2020\/11\/17\/invitan-a-seminario-monitoreo-satelital-de-nieves-en-el-contexto-del-cambio-climatico\/","title":{"rendered":"Invitan a seminario \u00abMonitoreo satelital de nieves en el contexto del cambio clim\u00e1tico\u00bb"},"content":{"rendered":"<p><a href=\"https:\/\/www.upla.cl\/noticias\/wp-content\/uploads\/2020\/11\/Afiche_Seminario_monitoreo_nieves.jpg\"><img loading=\"lazy\" decoding=\"async\" class=\"aligncenter size-full wp-image-138198\" src=\"https:\/\/www.upla.cl\/noticias\/wp-content\/uploads\/2020\/11\/Afiche_Seminario_monitoreo_nieves.jpg\" alt=\"\" width=\"900\" height=\"506\" srcset=\"https:\/\/upla.cl\/noticias\/wp-content\/uploads\/2020\/11\/Afiche_Seminario_monitoreo_nieves.jpg 900w, https:\/\/upla.cl\/noticias\/wp-content\/uploads\/2020\/11\/Afiche_Seminario_monitoreo_nieves-300x169.jpg 300w, https:\/\/upla.cl\/noticias\/wp-content\/uploads\/2020\/11\/Afiche_Seminario_monitoreo_nieves-768x432.jpg 768w\" sizes=\"auto, (max-width: 900px) 100vw, 900px\" \/><\/a><\/p>\n<p>La Agencia \u00a0\u00a0Nacional de Investigaci\u00f3n y Desarrollo, ANID, junto a la Universidad de Playa Ancha invitan a participar en el seminario inaugural <strong>\u201cMonitoreo satelital de nieves en el contexto del cambio clim\u00e1tico\u201d<\/strong>, que se realizar\u00e1 el <strong>martes 24 de noviembre, <\/strong>a las<strong> 15:30 horas, v\u00eda Zoom\/YouTube Live.<\/strong><\/p>\n<p>La actividad se efectuar\u00e1 en el marco del\u00a0Proyecto FONDEF ID20i10058<strong> \u201cObservatorio satelital de nieves\u201d<\/strong>, oportunidad en que se dar\u00e1 a conocer el contexto y los objetivos de la propuesta colaborativa y transdisciplinar que ejecutan las <strong><a href=\"https:\/\/www.upla.cl\/cienciasnaturalesyexactas\/\">facultades de Ciencias Naturales y Exactas<\/a><\/strong> y de <a href=\"https:\/\/www.upla.cl\/facultad\/ingenieria\/\"><strong>Ingenier\u00eda<\/strong><\/a> de nuestra casa de estudios.<\/p>\n<p>Inscripciones en el <a href=\"https:\/\/docs.google.com\/forms\/d\/e\/1FAIpQLScZ5BXXd5byY0e43RC_VpooOt9eIxgMtaYpb1H3rzw5s7GIuA\/viewform\" target=\"_blank\" rel=\"noopener\"><strong>formulario en l\u00ednea<\/strong><\/a><\/p>\n<p><strong>Programa<\/strong><\/p>\n<table style=\"width: 80.7469%;height: 938px\">\n<tbody>\n<tr style=\"height: 55px\">\n<td style=\"height: 55px;width: 23.2324%\" width=\"90\"><strong>Hora<\/strong><\/td>\n<td style=\"height: 55px;width: 75.5892%\" width=\"492\"><strong>Actividad<\/strong><\/td>\n<\/tr>\n<tr style=\"height: 55px\">\n<td style=\"height: 55px;width: 23.2324%\" width=\"90\">15:20 -15:30<\/td>\n<td style=\"height: 55px;width: 75.5892%\" width=\"492\">Ingresos asistentes a plataforma digital.<\/td>\n<\/tr>\n<tr style=\"height: 63px\">\n<td style=\"height: 63px;width: 23.2324%\" width=\"90\">15:30 -15:35<\/td>\n<td style=\"height: 63px;width: 75.5892%\" width=\"492\">Bienvenida e inicio del seminario.<\/td>\n<\/tr>\n<tr style=\"height: 130px\">\n<td style=\"height: 130px;width: 23.2324%\" width=\"90\"><strong>\u00a0<\/strong>15:35 -15:45<\/td>\n<td style=\"height: 130px;width: 75.5892%\" width=\"492\">Sr. Patricio Sanhueza, Rector Universidad de Playa Ancha. Palabras y presentaci\u00f3n \u201cRol de las Universidades del Estado en la generaci\u00f3n de bienes p\u00fablicos\u201d.<\/td>\n<\/tr>\n<tr style=\"height: 94px\">\n<td style=\"height: 94px;width: 23.2324%\" width=\"90\"><strong>\u00a0<\/strong>15:45 -15:50<\/td>\n<td style=\"height: 94px;width: 75.5892%\" width=\"492\">Palabras del Sr. Khaled Awad, Director Fondo de Fomento al Desarrollo Cient\u00edfico y Tecnol\u00f3gico (FONDEF).<\/td>\n<\/tr>\n<tr style=\"height: 94px\">\n<td style=\"height: 94px;width: 23.2324%\" width=\"90\">15:50 -16:10<\/td>\n<td style=\"height: 94px;width: 75.5892%\" width=\"492\">Dra. Stephanie Kampf, Colorado State University. \u201cRespuesta hidrol\u00f3gica en cuencas dominadas por nieve\u201d.<\/td>\n<\/tr>\n<tr style=\"height: 102px\">\n<td style=\"height: 102px;width: 23.2324%\" width=\"90\"><strong>\u00a0<\/strong>16:10 -16:30<\/td>\n<td style=\"height: 102px;width: 75.5892%\" width=\"492\">Dr. Sebasti\u00e1n Crespo, Pontificia Universidad Cat\u00f3lica de Valpara\u00edso. \u201cAportes h\u00eddricos de la nieve y ambientes glaciales y periglaciales en los Andes Centrales\u201d.<\/td>\n<\/tr>\n<tr style=\"height: 102px\">\n<td style=\"height: 102px;width: 23.2324%\" width=\"90\"><strong>\u00a0<\/strong>16:30 -16:50<\/td>\n<td style=\"height: 102px;width: 75.5892%\" width=\"492\">Dr. Ra\u00fal Cordero, Universidad de Santiago. \u201cTendencias en las pr\u00f3ximas d\u00e9cadas de precipitaciones y temperaturas en Chile central\u201d.<\/td>\n<\/tr>\n<tr style=\"height: 94px\">\n<td style=\"height: 94px;width: 23.2324%\" width=\"90\"><strong>\u00a0<\/strong>16:50 -17:10<\/td>\n<td style=\"height: 94px;width: 75.5892%\" width=\"492\">Dr. Freddy Saavedra, Universidad de Playa Ancha. \u201cTendencias de nieves en la cuenca del Aconcagua desde im\u00e1genes satelitales\u201d.<\/td>\n<\/tr>\n<tr style=\"height: 94px\">\n<td style=\"height: 94px;width: 23.2324%\" width=\"90\"><strong>\u00a0<\/strong>17.10 -17.30<\/td>\n<td style=\"height: 94px;width: 75.5892%\" width=\"492\">Mg. Carlos Romero, Universidad de Playa Ancha. \u201cObservatorio satelital de nieves\u201d Proyecto FONDEF ID20i10058.<\/td>\n<\/tr>\n<tr style=\"height: 55px\">\n<td style=\"height: 55px;width: 23.2324%\" width=\"90\">17:30 -17:50<\/td>\n<td style=\"height: 55px;width: 75.5892%\" width=\"492\">Consultas y clausura del seminario.<\/td>\n<\/tr>\n<\/tbody>\n<\/table>\n","protected":false},"excerpt":{"rendered":"<p>Actividad se efectuar\u00e1 el martes 24 de noviembre, a las 15:30 horas, v\u00eda Zoom\/YouTube Live.<\/p>\n","protected":false},"author":10,"featured_media":138198,"comment_status":"closed","ping_status":"closed","sticky":false,"template":"","format":"standard","meta":{"footnotes":""},"categories":[51,96,40,101,69,97,75,43,91],"tags":[],"class_list":["post-138196","post","type-post","status-publish","format-standard","has-post-thumbnail","","category-academia","category-academicos","category-destacados","category-docencia","category-egresados","category-estudiantes","category-facultad-de-ciencias-naturales-y-exactas","category-investigacion","category-vinculacion-con-el-medio"],"_links":{"self":[{"href":"https:\/\/upla.cl\/noticias\/wp-json\/wp\/v2\/posts\/138196","targetHints":{"allow":["GET"]}}],"collection":[{"href":"https:\/\/upla.cl\/noticias\/wp-json\/wp\/v2\/posts"}],"about":[{"href":"https:\/\/upla.cl\/noticias\/wp-json\/wp\/v2\/types\/post"}],"author":[{"embeddable":true,"href":"https:\/\/upla.cl\/noticias\/wp-json\/wp\/v2\/users\/10"}],"replies":[{"embeddable":true,"href":"https:\/\/upla.cl\/noticias\/wp-json\/wp\/v2\/comments?post=138196"}],"version-history":[{"count":0,"href":"https:\/\/upla.cl\/noticias\/wp-json\/wp\/v2\/posts\/138196\/revisions"}],"wp:featuredmedia":[{"embeddable":true,"href":"https:\/\/upla.cl\/noticias\/wp-json\/wp\/v2\/media\/138198"}],"wp:attachment":[{"href":"https:\/\/upla.cl\/noticias\/wp-json\/wp\/v2\/media?parent=138196"}],"wp:term":[{"taxonomy":"category","embeddable":true,"href":"https:\/\/upla.cl\/noticias\/wp-json\/wp\/v2\/categories?post=138196"},{"taxonomy":"post_tag","embeddable":true,"href":"https:\/\/upla.cl\/noticias\/wp-json\/wp\/v2\/tags?post=138196"}],"curies":[{"name":"wp","href":"https:\/\/api.w.org\/{rel}","templated":true}]}}