{"id":138241,"date":"2020-11-18T16:50:52","date_gmt":"2020-11-18T19:50:52","guid":{"rendered":"https:\/\/www.upla.cl\/noticias\/?p=138241"},"modified":"2024-05-09T18:08:13","modified_gmt":"2024-05-09T22:08:13","slug":"inedito-programa-de-pasantias-virtuales-para-estudiantes-de-liceos-realiza-instituto-tecnologico-campus-san-felipe","status":"publish","type":"post","link":"https:\/\/upla.cl\/noticias\/2020\/11\/18\/inedito-programa-de-pasantias-virtuales-para-estudiantes-de-liceos-realiza-instituto-tecnologico-campus-san-felipe\/","title":{"rendered":"In\u00e9dito Programa de Pasant\u00edas Virtuales para estudiantes de liceos realiza Instituto Tecnol\u00f3gico, Campus San Felipe"},"content":{"rendered":"<p style=\"text-align: justify\"><a href=\"https:\/\/www.upla.cl\/noticias\/wp-content\/uploads\/2020\/11\/Frontis_ITEC_SFelipe-e1605728823770.png\"><img loading=\"lazy\" decoding=\"async\" class=\"aligncenter size-full wp-image-138242\" src=\"https:\/\/www.upla.cl\/noticias\/wp-content\/uploads\/2020\/11\/Frontis_ITEC_SFelipe-e1605728823770.png\" alt=\"\" width=\"640\" height=\"427\" \/><\/a>Un promedio de 20 estudiantes de establecimientos de formaci\u00f3n t\u00e9cnico profesional de las provincias de <strong>San Felipe y Los Andes<\/strong> participaron del programa de pasant\u00eda virtuales impulsado por el <strong>Instituto Tecnol\u00f3gico de la Universidad de Playa Ancha, Sede San Felipe.<\/strong><\/p>\n<p style=\"text-align: justify\">Esta es una instancia en que alumnos de la Educaci\u00f3n Media T\u00e9cnica Profesional pueden participar en las mismas clases virtuales que son impartidas para estudiantes del Instituto Tecnol\u00f3gico, permiti\u00e9ndoles evidenciar, bajo su propia experiencia, el desarrollo de clases que se imparten en el siguiente nivel educativo y adem\u00e1s en modalidad virtual.<\/p>\n<p style=\"text-align: justify\"><strong><a href=\"https:\/\/www.upla.cl\/noticias\/wp-content\/uploads\/2020\/11\/Miguel_Sagredo_ITEC_SFelipe-e1605728859997.png\"><img loading=\"lazy\" decoding=\"async\" class=\"alignleft size-medium wp-image-138244\" src=\"https:\/\/www.upla.cl\/noticias\/wp-content\/uploads\/2020\/11\/Miguel_Sagredo_ITEC_SFelipe-300x158.png\" alt=\"\" width=\"300\" height=\"158\" \/><\/a>Miguel Sagredo, Secretario Acad\u00e9mico del ITEC de la UPLA, San Felipe,<\/strong> explic\u00f3 que el principal objetivo de este programa es tener un mayor v\u00ednculo con los establecimientos educacionales t\u00e9cnico profesional y mostrar a los estudiantes la forma en que la universidad y el instituto tecnol\u00f3gico aborda la contingencia sanitaria y los medios empleados para desarrollar procesos formativos, lo que ha obtenido una buena valoraci\u00f3n de parte de los colegios participantes: \u201cTenemos una buena valoraci\u00f3n por parte de los orientadores sobre la participaci\u00f3n de alumnos y alumnas en las pasant\u00edas. Si bien su participaci\u00f3n no es muy elevada el simple hecho de sentirse dentro del proceso eleva sus expectativas de continuar estudios\u201d.<\/p>\n<p style=\"text-align: justify\"><strong><a href=\"https:\/\/www.upla.cl\/noticias\/wp-content\/uploads\/2020\/11\/Marcos_Castillo_Director_LBIcentenario_Llay_Llay--e1605728841301.jpeg\"><img loading=\"lazy\" decoding=\"async\" class=\"alignleft wp-image-138243\" src=\"https:\/\/www.upla.cl\/noticias\/wp-content\/uploads\/2020\/11\/Marcos_Castillo_Director_LBIcentenario_Llay_Llay--282x300.jpeg\" alt=\"\" width=\"201\" height=\"214\" \/><\/a>Marcos Castillo Mora, Director del Liceo Bicentenario de Llay Llay,<\/strong> uno de los participantes del programa valor\u00f3 la oportunidad de integrar esta iniciativa que fue en directo beneficio de los estudiantes: \u201cEsto permiti\u00f3 afianzar conocimientos y fortalecer los procesos pedag\u00f3gicos tan complejos en el presente a\u00f1o. Se agradece tambi\u00e9n la preocupaci\u00f3n y colaboraci\u00f3n del Instituto Tecnol\u00f3gico para los j\u00f3venes, sobre todo en el caso nuestro para que nuestros estudiantes puedan adquirir las mejores herramientas para afrontar el enorme desaf\u00edo que tiene la educaci\u00f3n t\u00e9cnico profesional. Actividades como esta, fortalecen los v\u00ednculos educativos de las instituciones y potencian el rol social y acad\u00e9mico de la universidad\u201d.<\/p>\n<p style=\"text-align: justify\">Hasta el momento han participado los <strong>liceos Pedro Aguirre Cerda de Calle Larga, San Esteban y Bicentenario de Llay Lay,<\/strong> imparti\u00e9ndose pasant\u00edas virtuales en 4 asignaturas, cada una perteneciente a la l\u00ednea de especialidad de las cuatro carreras que tendr\u00e1n oferta de matr\u00edcula para el a\u00f1o 2021: T\u00e9cnico en Construcci\u00f3n, T\u00e9cnico en Miner\u00eda, T\u00e9cnico en Administraci\u00f3n Log\u00edstica y T\u00e9cnico en Administraci\u00f3n de Recursos Humanos, dijo el Sagredo.<\/p>\n","protected":false},"excerpt":{"rendered":"<p>20 estudiantes de liceos de San Felipe y Los Andes han participado de asignaturas que se impartir\u00e1n en alguna de las 4 carreras que ofrecer\u00e1 el ITEC el 2021<\/p>\n","protected":false},"author":11,"featured_media":138242,"comment_status":"closed","ping_status":"closed","sticky":false,"template":"","format":"standard","meta":{"footnotes":""},"categories":[60,40,245,97,91],"tags":[],"class_list":["post-138241","post","type-post","status-publish","format-standard","has-post-thumbnail","","category-campus-san-felipe","category-destacados","category-educacion-virtual","category-estudiantes","category-vinculacion-con-el-medio"],"_links":{"self":[{"href":"https:\/\/upla.cl\/noticias\/wp-json\/wp\/v2\/posts\/138241","targetHints":{"allow":["GET"]}}],"collection":[{"href":"https:\/\/upla.cl\/noticias\/wp-json\/wp\/v2\/posts"}],"about":[{"href":"https:\/\/upla.cl\/noticias\/wp-json\/wp\/v2\/types\/post"}],"author":[{"embeddable":true,"href":"https:\/\/upla.cl\/noticias\/wp-json\/wp\/v2\/users\/11"}],"replies":[{"embeddable":true,"href":"https:\/\/upla.cl\/noticias\/wp-json\/wp\/v2\/comments?post=138241"}],"version-history":[{"count":0,"href":"https:\/\/upla.cl\/noticias\/wp-json\/wp\/v2\/posts\/138241\/revisions"}],"wp:featuredmedia":[{"embeddable":true,"href":"https:\/\/upla.cl\/noticias\/wp-json\/wp\/v2\/media\/138242"}],"wp:attachment":[{"href":"https:\/\/upla.cl\/noticias\/wp-json\/wp\/v2\/media?parent=138241"}],"wp:term":[{"taxonomy":"category","embeddable":true,"href":"https:\/\/upla.cl\/noticias\/wp-json\/wp\/v2\/categories?post=138241"},{"taxonomy":"post_tag","embeddable":true,"href":"https:\/\/upla.cl\/noticias\/wp-json\/wp\/v2\/tags?post=138241"}],"curies":[{"name":"wp","href":"https:\/\/api.w.org\/{rel}","templated":true}]}}