{"id":139351,"date":"2021-01-07T08:35:35","date_gmt":"2021-01-07T11:35:35","guid":{"rendered":"https:\/\/www.upla.cl\/noticias\/?p=139351"},"modified":"2021-01-07T15:12:12","modified_gmt":"2021-01-07T18:12:12","slug":"terapia-ocupacional-de-la-upla-lidera-estadisticas-de-empleabilidad-en-chil","status":"publish","type":"post","link":"https:\/\/upla.cl\/noticias\/2021\/01\/07\/terapia-ocupacional-de-la-upla-lidera-estadisticas-de-empleabilidad-en-chil\/","title":{"rendered":"Terapia Ocupacional de la UPLA lidera estad\u00edsticas de empleabilidad en Chile"},"content":{"rendered":"<p><a href=\"https:\/\/www.upla.cl\/noticias\/wp-content\/uploads\/2021\/01\/Terapia-Ocupacional.jpg\"><img loading=\"lazy\" decoding=\"async\" class=\"alignright size-medium wp-image-139383\" src=\"https:\/\/www.upla.cl\/noticias\/wp-content\/uploads\/2021\/01\/Terapia-Ocupacional-300x200.jpg\" alt=\"\" width=\"300\" height=\"200\" srcset=\"https:\/\/upla.cl\/noticias\/wp-content\/uploads\/2021\/01\/Terapia-Ocupacional-300x200.jpg 300w, https:\/\/upla.cl\/noticias\/wp-content\/uploads\/2021\/01\/Terapia-Ocupacional.jpg 640w\" sizes=\"auto, (max-width: 300px) 100vw, 300px\" \/><\/a>Un profesional capaz de enfrentarse a contextos diversos y con una especial mirada social y consciente de la realidad que lo rodea, es el sello que caracteriza a los estudiantes de Terapia Ocupacional (TO) de la Universidad de Playa Ancha, que registra la m\u00e1s alta empleabilidad a nivel nacional, dentro todos los planteles que imparten esta carrera.<\/p>\n<p>As\u00ed lo revel\u00f3 el Ranking de Empleabilidad de Terapia Ocupacional, que consider\u00f3 los datos de 15 instituciones que imparten la carrera, seg\u00fan las estad\u00edsticas del sitio <a href=\"https:\/\/www.mifuturo.cl\/\" target=\"_blank\" rel=\"noopener\">mifuturo.cl<\/a>, que es el portal del Ministerio de Educaci\u00f3n que entrega informaci\u00f3n a los j\u00f3venes que se informan para elegir una carrera. All\u00ed se informa que el 80,60 por ciento de los estudiantes esta trabajando en el primer a\u00f1o de egreso, mientras que el 89.30 por ciento de ellos, lo hace en el segundo, con un sueldo que supera el mill\u00f3n de pesos.<\/p>\n<h5><strong>SELLO UPLA<\/strong><\/h5>\n<p><strong> <a href=\"https:\/\/www.upla.cl\/noticias\/wp-content\/uploads\/2021\/01\/Alejandra-Espinoza-copia-2.jpg\"><img loading=\"lazy\" decoding=\"async\" class=\"alignleft wp-image-139353\" src=\"https:\/\/www.upla.cl\/noticias\/wp-content\/uploads\/2021\/01\/Alejandra-Espinoza-copia-2-274x300.jpg\" alt=\"\" width=\"229\" height=\"251\" srcset=\"https:\/\/upla.cl\/noticias\/wp-content\/uploads\/2021\/01\/Alejandra-Espinoza-copia-2-274x300.jpg 274w, https:\/\/upla.cl\/noticias\/wp-content\/uploads\/2021\/01\/Alejandra-Espinoza-copia-2.jpg 584w\" sizes=\"auto, (max-width: 229px) 100vw, 229px\" \/><\/a>Alejandra Espinosa Valderrama, directora del Departamento Disciplinario de Ciencia de la Ocupaci\u00f3n Humana de la UPLA,<\/strong> dijo no sentirse sorprendida por las estad\u00edsticas, puesto que el perfil de los estudiantes de la Facultad de Ciencias de la Salud de esta casa de estudios no solo se relaciona con sus conocimientos y preparaci\u00f3n profesional, sino tambi\u00e9n con la capacidad para enfrentar y desenvolverse profesionalmente en distintos contextos y realidades.<\/p>\n<p><strong>\u00a0<\/strong><strong>\u201cCreo que la carrera\u00a0en la\u00a0UPLA se encuentra consolidada y reconocida, tanto en la regi\u00f3n como a nivel nacional. Somos una Universidad estatal y la carrera tiene m\u00e1s de 20 a\u00f1os, en la que se ha ido mejorando los procesos\u00a0 y se han ido incorporando los conocimientos actuales y c\u00f3mo la TO ha ido evolucionando. Un segundo \u00e1mbito tiene relaci\u00f3n con tener una mirada integral con un fuerte componente social y comunitario que\u00a0 permite adquirir competencias que son relevantes para el futuro desempe\u00f1o laboral. Relevar que dada la actual contingencia sociosanitaria se ha ido implementando metodolog\u00edas remotas de aprendizaje\u201d, <\/strong>sostuvo la autoridad acad\u00e9mica, quien agreg\u00f3 que a ra\u00edz de la contingencia, se incorpor\u00f3 las telepr\u00e1cticas y la movilidad estudiantil en l\u00ednea.<\/p>\n<p><strong>\u00a0<\/strong>La carrera se cre\u00f3 1996 y desde entonces la Universidad de Playa Ancha ha formado cerca de 580 Terapeutas Ocupacionales, quienes desarrollan sus actividades laborales en distintas ciudades del pa\u00eds. Aqu\u00ed se forma a un profesional para que estudie, entregue y gestione servicios relacionados con las necesidades ocupacionales de personas y comunidades que presentan dificultades para el desempe\u00f1o ocupacional en las actividades de la vida diaria\u00a0 (juego, tiempo libre o de trabajo a lo largo de las distintas etapas de la vida). Utiliza procedimientos tendientes a promover, conservar, restaurar o compensar la calidad del desempe\u00f1o ocupacional de individuos y grupos, promoviendo en el paciente autonom\u00eda, productividad y gratificaci\u00f3n.\u00a0\u00a0Los profesionales formado en la UPLA pueden trabajar en cualquier contexto (hospitalario, comunitario o\u00a0 privado), con una mirada social y consciente en la realidad que lo rodea.<\/p>\n<p><a href=\"https:\/\/www.upla.cl\/noticias\/wp-content\/uploads\/2021\/01\/TO6-copia.jpg\"><img loading=\"lazy\" decoding=\"async\" class=\"alignleft size-medium wp-image-139354\" src=\"https:\/\/www.upla.cl\/noticias\/wp-content\/uploads\/2021\/01\/TO6-copia-300x200.jpg\" alt=\"\" width=\"300\" height=\"200\" srcset=\"https:\/\/upla.cl\/noticias\/wp-content\/uploads\/2021\/01\/TO6-copia-300x200.jpg 300w, https:\/\/upla.cl\/noticias\/wp-content\/uploads\/2021\/01\/TO6-copia.jpg 640w\" sizes=\"auto, (max-width: 300px) 100vw, 300px\" \/><\/a>Respecto a los j\u00f3venes que est\u00e1n considerando estudiar esta carrera, <strong>Alejandra Espinosa<\/strong> los invit\u00f3 a conocer y estudiar Terapia Ocupacional en la Universidad de Playa Ancha, porque es una instituci\u00f3n p\u00fablica, que cuenta con los recursos humanos y de infraestructura que garantiza una formaci\u00f3n profesional y con sello social.<\/p>\n<p><strong>\u00a0<\/strong><strong>\u201cTerapia Ocupacional en la UPLA tiene una formaci\u00f3n profesional que abarca diferentes \u00e1mbitos del hacer del Terapeuta Ocupacional y ello le permite conocer un abanico de \u00e1rea para desempe\u00f1arse a futuro. Cuenta con laboratorios docente asistenciales con una gran implementaci\u00f3n y ello favorece las pr\u00e1cticas tempranas donde se van adquiriendo y aplicando distintos niveles de competencias. Finalmente, se\u00f1alar que la UPLA es una Universidad con un fuerte compromiso social y ello se plasma en el Terapeuta Ocupacional egresado de nuestra casa de estudios\u201d, concluy\u00f3.<\/strong><\/p>\n<p><strong>Ranking<\/strong><\/p>\n<p><strong><a href=\"https:\/\/www.upla.cl\/noticias\/wp-content\/uploads\/2021\/01\/CUADRO-ESTADI\u0301STICOS-TO.png\"><img loading=\"lazy\" decoding=\"async\" class=\"alignleft wp-image-139358 size-full\" src=\"https:\/\/www.upla.cl\/noticias\/wp-content\/uploads\/2021\/01\/CUADRO-ESTADI\u0301STICOS-TO.png\" alt=\"\" width=\"534\" height=\"643\" srcset=\"https:\/\/upla.cl\/noticias\/wp-content\/uploads\/2021\/01\/CUADRO-ESTADI\u0301STICOS-TO.png 534w, https:\/\/upla.cl\/noticias\/wp-content\/uploads\/2021\/01\/CUADRO-ESTADI\u0301STICOS-TO-249x300.png 249w\" sizes=\"auto, (max-width: 534px) 100vw, 534px\" \/><\/a>\u00a0<\/strong><\/p>\n<p><strong>\u00a0<\/strong><\/p>\n","protected":false},"excerpt":{"rendered":"<p>Noticia la revel\u00f3 el sitio mifuturo.cl, portal del Ministerio de Educaci\u00f3n que entrega estad\u00edsticas e informaci\u00f3n de alto inter\u00e9s para los j\u00f3venes que buscan elegir una carrera. All\u00ed se revela que el 80,60% de quienes egresan de esta universidad, trabaja dentro del primer a\u00f1o de egreso.<\/p>\n","protected":false},"author":3,"featured_media":139352,"comment_status":"closed","ping_status":"closed","sticky":false,"template":"","format":"standard","meta":{"footnotes":""},"categories":[51,96,40,97,74],"tags":[],"class_list":["post-139351","post","type-post","status-publish","format-standard","has-post-thumbnail","","category-academia","category-academicos","category-destacados","category-estudiantes","category-facultad-de-ciencias-de-la-salud"],"_links":{"self":[{"href":"https:\/\/upla.cl\/noticias\/wp-json\/wp\/v2\/posts\/139351","targetHints":{"allow":["GET"]}}],"collection":[{"href":"https:\/\/upla.cl\/noticias\/wp-json\/wp\/v2\/posts"}],"about":[{"href":"https:\/\/upla.cl\/noticias\/wp-json\/wp\/v2\/types\/post"}],"author":[{"embeddable":true,"href":"https:\/\/upla.cl\/noticias\/wp-json\/wp\/v2\/users\/3"}],"replies":[{"embeddable":true,"href":"https:\/\/upla.cl\/noticias\/wp-json\/wp\/v2\/comments?post=139351"}],"version-history":[{"count":0,"href":"https:\/\/upla.cl\/noticias\/wp-json\/wp\/v2\/posts\/139351\/revisions"}],"wp:featuredmedia":[{"embeddable":true,"href":"https:\/\/upla.cl\/noticias\/wp-json\/wp\/v2\/media\/139352"}],"wp:attachment":[{"href":"https:\/\/upla.cl\/noticias\/wp-json\/wp\/v2\/media?parent=139351"}],"wp:term":[{"taxonomy":"category","embeddable":true,"href":"https:\/\/upla.cl\/noticias\/wp-json\/wp\/v2\/categories?post=139351"},{"taxonomy":"post_tag","embeddable":true,"href":"https:\/\/upla.cl\/noticias\/wp-json\/wp\/v2\/tags?post=139351"}],"curies":[{"name":"wp","href":"https:\/\/api.w.org\/{rel}","templated":true}]}}