{"id":139361,"date":"2021-01-07T10:42:58","date_gmt":"2021-01-07T13:42:58","guid":{"rendered":"https:\/\/www.upla.cl\/noticias\/?p=139361"},"modified":"2024-05-09T18:06:53","modified_gmt":"2024-05-09T22:06:53","slug":"graduados-del-magister-en-educacion-de-adultos-expondran-sus-investigaciones-en-seminario-virtual","status":"publish","type":"post","link":"https:\/\/upla.cl\/noticias\/2021\/01\/07\/graduados-del-magister-en-educacion-de-adultos-expondran-sus-investigaciones-en-seminario-virtual\/","title":{"rendered":"Graduados del Mag\u00edster en Educaci\u00f3n de Adultos expondr\u00e1n sus investigaciones en seminario virtual"},"content":{"rendered":"<p style=\"text-align: justify\"><a href=\"https:\/\/www.upla.cl\/noticias\/wp-content\/uploads\/2021\/01\/Seminario-tesitas-2020-e1610026728607.jpg\"><img loading=\"lazy\" decoding=\"async\" class=\"alignleft size-medium wp-image-139364\" src=\"https:\/\/www.upla.cl\/noticias\/wp-content\/uploads\/2021\/01\/Seminario-tesitas-2020-240x300.jpg\" alt=\"\" width=\"240\" height=\"300\" \/><\/a>Como cierre del a\u00f1o acad\u00e9mico 2020 la coordinaci\u00f3n del <strong>Programa de Mag\u00edster en Educaci\u00f3n de Adultos y Procesos Formativos de la Facultad de Ciencias de la Educaci\u00f3n<\/strong> de la universidad ha convocado a un seminario en modalidad virtual a sus tesistas egresados.<\/p>\n<p style=\"text-align: justify\"><strong>Gabriel Ramos Concha,<\/strong> profesional de este programa inform\u00f3 que durante estos a\u00f1os de vigencia del mag\u00edster se han realizado interesantes investigaciones que ameritan tener un espacio de resonancia hacia el conocimiento de sus compa\u00f1eros de estudio y profesores que inicien una socializaci\u00f3n de sus implicancias, resultados y antecedentes.<\/p>\n<p style=\"text-align: justify\">Tambi\u00e9n, es una forma de reconocer el esfuerzo por parte de una comunidad de investigadores en formaci\u00f3n y de otros ya consolidados que han abierto diversas l\u00edneas de investigaci\u00f3n de esta modalidad educativa vinculado a su contexto socio cultural y situada en existencias concretas, explic\u00f3 Ramos.<\/p>\n<p style=\"text-align: justify\">La actividad que se denomina <strong>\u201cSeminario de Tesistas Egresados Mag\u00edster en Educaci\u00f3n de Adultos y Procesos Formativos\u201d<\/strong> tendr\u00e1 lugar el <strong>martes 12 de enero, entre las 10 y las 12:30 horas,<\/strong> en modalidad de mesas de trabajo que proyectan dos corrientes de investigaci\u00f3n de los \u00faltimos a\u00f1os: Formaci\u00f3n Docente y Educaci\u00f3n de Contextos de Encierro.<\/p>\n<p style=\"text-align: justify\"><strong>Expositores<\/strong><\/p>\n<p style=\"text-align: justify\"><strong>Mesa 1: Formaci\u00f3n docente y Capacitaci\u00f3n (10:00- 11:15)<\/strong><br \/>\nMg. Vivan Astudillo : \u201cLa evaluaci\u00f3n educativa en las representaciones sociales de j\u00f3venes y adultos en el Programa de Nivelaci\u00f3n de Estudios B\u00e1sicos y Medios Modalidad Flexible ejecutado en la Universidad de Playa Ancha a\u00f1o 2018\u201d<\/p>\n<p style=\"text-align: justify\">Mg. Yessica Garay: \u201cConsideraciones pedag\u00f3gicas en la capacitaci\u00f3n de oficios, para construir una pedagog\u00eda entre adultos\u201d<\/p>\n<p style=\"text-align: justify\">Mg. Antonio Palma: \u00abTensiones cotidianas e impacto en la pr\u00e1ctica profesional docente de profesores de j\u00f3venes y adultos producto del proceso de evaluaci\u00f3n de desarrollo profesional docente EDPD: un estudio de caso\u00bb<\/p>\n<p style=\"text-align: justify\">Mg. Joorlee Santelices: \u201cInnovaci\u00f3n educativa en capacitaci\u00f3n de trabajadores del sector salud en materias de prevenci\u00f3n de riesgo y salud laboral\u201d<\/p>\n<p style=\"text-align: justify\"><strong>Mesa 2: Investigaciones en contextos de encierro (11:30 \u2013 12:30)<\/strong><br \/>\nMg. Javiera Pareto: \u201cEstrategias de ense\u00f1anza aprendizaje para la formaci\u00f3n laboral en contexto de encierro: el caso del Taller Renacer\u201d.<\/p>\n<p style=\"text-align: justify\">Mg. Richar Pereira: \u201cRepresentaciones sociales de profesores que trabajan en contexto carcelario respecto de su pr\u00e1ctica docente\u201d.<\/p>\n<p style=\"text-align: justify\">Mg. Waleska Barrera: \u201cConvivencia escolar en contexto de encierro: significados en un establecimiento educativo de un centro de cumplimiento penitenciario de la zona centro del pa\u00eds\u201d.<\/p>\n<p style=\"text-align: justify\">Moderador: Mg. Gabriel Ramos Concha. Coordinador Mag\u00edster Educaci\u00f3n de Adultos. Facultad de Educaci\u00f3n de la Universidad de Playa Ancha.<\/p>\n<p style=\"text-align: justify\">La actividad est\u00e1 dirigida a estudiantes y acad\u00e9micos de este programa, investigadores vinculados a los temas de formaci\u00f3n docente en adultos y en contextos de encierro, estudiantes de pre y postgrado y profesionales de servicios p\u00fablicos, entre otros.<\/p>\n<p style=\"text-align: justify\"><strong>Inscripciones<\/strong><br \/>\n<a href=\"https:\/\/docs.google.com\/forms\/d\/e\/1FAIpQLSfahsrLGLQ30Pb5421CZK5ShnR0Ej1hef-1aEFNYQ6dBB1NLg\/viewform\" target=\"_blank\" rel=\"noopener\">https:\/\/docs.google.com\/forms\/d\/e\/1FAIpQLSfahsrLGLQ30Pb5421CZK5ShnR0Ej1hef-1aEFNYQ6dBB1NLg\/viewform<\/a><\/p>\n<p style=\"text-align: justify\">Mayores informaciones y consultas:<br \/>\n<a href=\"http:\/\/www.educaciondeadultos.cl\" target=\"_blank\" rel=\"noopener\">www.educaciondeadultos.cl<\/a> \/ <a href=\"mailto:coordinacionmagistereja@upla.cl\">coordinacionmagistereja@upla.cl<\/a><\/p>\n<p style=\"text-align: justify\"><a href=\"https:\/\/www.upla.cl\/noticias\/wp-content\/uploads\/2021\/01\/Convocatoria-Seminario-Tesistas-EPJA-UPLA.pdf\">Programa completo del seminario aqu\u00ed<\/a><\/p>\n","protected":false},"excerpt":{"rendered":"<p>El seminario se realizar\u00e1 el martes 12 de enero, entre las 10_00 y las 12:30 horas y tiene como objetivo principal relevar el trabajo de los egresados del Mag\u00edster en Educaci\u00f3n de Adultos y sus diferentes contribuciones investigativas en el \u00e1rea. <\/p>\n","protected":false},"author":11,"featured_media":139364,"comment_status":"closed","ping_status":"closed","sticky":false,"template":"","format":"standard","meta":{"footnotes":""},"categories":[51,96,60,61,40,245,69,97,73,43,85,1,91],"tags":[],"class_list":["post-139361","post","type-post","status-publish","format-standard","has-post-thumbnail","","category-academia","category-academicos","category-campus-san-felipe","category-carreras-vespertinas","category-destacados","category-educacion-virtual","category-egresados","category-estudiantes","category-facultad-de-ciencias-de-la-educacion","category-investigacion","category-postgrados","category-sin-categoria","category-vinculacion-con-el-medio"],"_links":{"self":[{"href":"https:\/\/upla.cl\/noticias\/wp-json\/wp\/v2\/posts\/139361","targetHints":{"allow":["GET"]}}],"collection":[{"href":"https:\/\/upla.cl\/noticias\/wp-json\/wp\/v2\/posts"}],"about":[{"href":"https:\/\/upla.cl\/noticias\/wp-json\/wp\/v2\/types\/post"}],"author":[{"embeddable":true,"href":"https:\/\/upla.cl\/noticias\/wp-json\/wp\/v2\/users\/11"}],"replies":[{"embeddable":true,"href":"https:\/\/upla.cl\/noticias\/wp-json\/wp\/v2\/comments?post=139361"}],"version-history":[{"count":0,"href":"https:\/\/upla.cl\/noticias\/wp-json\/wp\/v2\/posts\/139361\/revisions"}],"wp:featuredmedia":[{"embeddable":true,"href":"https:\/\/upla.cl\/noticias\/wp-json\/wp\/v2\/media\/139364"}],"wp:attachment":[{"href":"https:\/\/upla.cl\/noticias\/wp-json\/wp\/v2\/media?parent=139361"}],"wp:term":[{"taxonomy":"category","embeddable":true,"href":"https:\/\/upla.cl\/noticias\/wp-json\/wp\/v2\/categories?post=139361"},{"taxonomy":"post_tag","embeddable":true,"href":"https:\/\/upla.cl\/noticias\/wp-json\/wp\/v2\/tags?post=139361"}],"curies":[{"name":"wp","href":"https:\/\/api.w.org\/{rel}","templated":true}]}}