{"id":141318,"date":"2021-05-10T09:07:05","date_gmt":"2021-05-10T13:07:05","guid":{"rendered":"https:\/\/www.upla.cl\/noticias\/?p=141318"},"modified":"2021-05-10T18:38:33","modified_gmt":"2021-05-10T22:38:33","slug":"adios-a-un-hombre-brillante","status":"publish","type":"post","link":"https:\/\/upla.cl\/noticias\/2021\/05\/10\/adios-a-un-hombre-brillante\/","title":{"rendered":"Adi\u00f3s a un hombre brillante"},"content":{"rendered":"<p>\u201cToda la gente est\u00e1 dispuesta al cambio, pero es en la universidad donde los profesores y los estudiantes propician la transformaci\u00f3n conjunta de un mundo donde lo que hacemos haga sentido y pueda ser acogido, respetado, visto y escuchado\u201d.<\/p>\n<p>Estas palabras que nos leg\u00f3 ese brillante intelectual que fue el Dr. Humberto Maturana nos retumban a\u00fan. Un apasionado por la biolog\u00eda, la filosof\u00eda, la escritura, la ciencia, el lenguaje y tantas otras \u00e1reas en las que se desempe\u00f1\u00f3 de forma excepcional en Chile y el mundo.<\/p>\n<p>Era profesor em\u00e9rito de la Universidad de Playa Ancha, donde nos visit\u00f3 varias veces para compartir y regalarnos su sabidur\u00eda. Imposible olvidar el revuelo que causaba, como si se tratara de una estrella de rock. No por su apariencia y comportamiento sencillos, sino por la forma en que los estudiantes lo segu\u00edan por los pasillos y lo ovacionaban en el Aula Magna. Obviamente, los j\u00f3venes admiraban y respetaban sus aportes a las bases biol\u00f3gicas del conocimiento, a la vez que empatizaba con su discurso sobre la importancia de la reflexi\u00f3n, la conversaci\u00f3n, el di\u00e1logo y el amor como factores claves para la construcci\u00f3n de una sana convivencia. Los aportes del Dr. Maturana a la educaci\u00f3n fueron extraordinarios, en especial el valor que le asigna a las emociones, los sentimientos y el amor para lograr aprendizajes significativos. Era contrario a teor\u00edas y doctrinas reduccionistas que ponen frenos a la libertad de pensamiento y a la reflexi\u00f3n sin l\u00edmites.<\/p>\n<p>Una empat\u00eda que era en ambos sentidos, pues Maturana se identificaba con las inquietudes y el idealismo de los j\u00f3venes. Con motivo de la llamada \u201crevoluci\u00f3n de los ping\u00fcinos\u201d, dec\u00eda que los estudiantes \u201cnecesitan sentirse parte de un proyecto com\u00fan\u201d y \u201cquieren ser \u00fatiles a la comunidad a la que pertenecen\u201d, aspiraciones que chocaban con un sistema educacional caracterizado por su enfoque mercantilista.<\/p>\n<p>Han pasado quince a\u00f1os desde entonces y el sistema solo ha recibido cambios cosm\u00e9ticos, aunque al menos desde las universidades p\u00fablicas seguimos luchando por conseguir cambios significativos que impacten en la formaci\u00f3n ciudadana, en la equidad, en el desarrollo humano, la ciencia y la cultura.<\/p>\n<p>Maturana, educado en la Universidad de Chile, entend\u00eda el rol especial de estas universidades, como manifestara en la UPLA. Aqu\u00ed plante\u00f3 que la tarea de la universidad consiste en establecer un lugar que sea la prolongaci\u00f3n del hogar, un espacio para la convivencia y que permita, a trav\u00e9s del educar y el ense\u00f1ar, iniciar un proceso de transformaci\u00f3n en la convivencia com\u00fan.<\/p>\n<p>Ya mucho se ha dicho sobre su obra y su pensamiento. Mucho m\u00e1s se seguir\u00e1 diciendo durante a\u00f1os. Lo concreto, lo que lamentamos, es que su desaparici\u00f3n deja un gran vac\u00edo en las comunidades universitarias y en todas y todos quienes tuvimos el privilegio de compartir con \u00e9l en distintos momentos de profunda reflexi\u00f3n. Justo en un momento en que nuestro pa\u00eds tanto necesita de voces sabias que alienten la convivencia.<\/p>\n<p>Hoy nos despedimos con mucha gratitud y cari\u00f1o de un hombre extraordinario, que nos dej\u00f3 un generoso legado que asegura su trascendencia para esta y futuras generaciones de Chile y el mundo.<\/p>\n<p>&nbsp;<\/p>\n<p><strong>Patricio Sanhueza Vivanco<\/strong><br \/>\nRector Universidad de Playa Ancha<br \/>\nPresidente Agrupaci\u00f3n de Universidades Regionales (AUR)<\/p>\n<p>&nbsp;<\/p>\n<p><strong>Fuente<\/strong>: columna publicada en El Mercurio de Valpara\u00edso, s\u00e1bado 8 de mayo de 2021 (<a href=\"https:\/\/www.mercuriovalpo.cl\/impresa\/2021\/05\/08\/full\/cuerpo-principal\/8\/\" target=\"_blank\" rel=\"noopener\">enlace para suscriptores<\/a>).<\/p>\n<p>&nbsp;<\/p>\n","protected":false},"excerpt":{"rendered":"<p>Columna del rector Patricio Sanhueza, publicada en El Mercurio de Valpara\u00edso, en homenaje a Humberto Maturana.<\/p>\n","protected":false},"author":4,"featured_media":104274,"comment_status":"closed","ping_status":"closed","sticky":false,"template":"","format":"standard","meta":{"footnotes":""},"categories":[40,97,98,179,178,45],"tags":[],"class_list":["post-141318","post","type-post","status-publish","format-standard","has-post-thumbnail","","category-destacados","category-estudiantes","category-gestion","category-prensa","category-rectoria","category-upla-en-los-medios"],"_links":{"self":[{"href":"https:\/\/upla.cl\/noticias\/wp-json\/wp\/v2\/posts\/141318","targetHints":{"allow":["GET"]}}],"collection":[{"href":"https:\/\/upla.cl\/noticias\/wp-json\/wp\/v2\/posts"}],"about":[{"href":"https:\/\/upla.cl\/noticias\/wp-json\/wp\/v2\/types\/post"}],"author":[{"embeddable":true,"href":"https:\/\/upla.cl\/noticias\/wp-json\/wp\/v2\/users\/4"}],"replies":[{"embeddable":true,"href":"https:\/\/upla.cl\/noticias\/wp-json\/wp\/v2\/comments?post=141318"}],"version-history":[{"count":0,"href":"https:\/\/upla.cl\/noticias\/wp-json\/wp\/v2\/posts\/141318\/revisions"}],"wp:featuredmedia":[{"embeddable":true,"href":"https:\/\/upla.cl\/noticias\/wp-json\/wp\/v2\/media\/104274"}],"wp:attachment":[{"href":"https:\/\/upla.cl\/noticias\/wp-json\/wp\/v2\/media?parent=141318"}],"wp:term":[{"taxonomy":"category","embeddable":true,"href":"https:\/\/upla.cl\/noticias\/wp-json\/wp\/v2\/categories?post=141318"},{"taxonomy":"post_tag","embeddable":true,"href":"https:\/\/upla.cl\/noticias\/wp-json\/wp\/v2\/tags?post=141318"}],"curies":[{"name":"wp","href":"https:\/\/api.w.org\/{rel}","templated":true}]}}