{"id":141396,"date":"2021-05-12T14:10:34","date_gmt":"2021-05-12T18:10:34","guid":{"rendered":"https:\/\/www.upla.cl\/noticias\/?p=141396"},"modified":"2021-05-13T10:33:35","modified_gmt":"2021-05-13T14:33:35","slug":"en-contexto-de-pandemia-upla-celebra-dia-internacional-de-la-enfermeria","status":"publish","type":"post","link":"https:\/\/upla.cl\/noticias\/2021\/05\/12\/en-contexto-de-pandemia-upla-celebra-dia-internacional-de-la-enfermeria\/","title":{"rendered":"En contexto de pandemia, UPLA conmemora D\u00eda Internacional de la Enfermer\u00eda"},"content":{"rendered":"<p><a href=\"https:\/\/www.upla.cl\/noticias\/wp-content\/uploads\/2021\/05\/invitacio\u0301n.png\"><img loading=\"lazy\" decoding=\"async\" class=\"alignleft size-medium wp-image-141414\" src=\"https:\/\/www.upla.cl\/noticias\/wp-content\/uploads\/2021\/05\/invitacio\u0301n-300x300.png\" alt=\"\" width=\"300\" height=\"300\" srcset=\"https:\/\/upla.cl\/noticias\/wp-content\/uploads\/2021\/05\/invitacio\u0301n-300x300.png 300w, https:\/\/upla.cl\/noticias\/wp-content\/uploads\/2021\/05\/invitacio\u0301n-150x150.png 150w, https:\/\/upla.cl\/noticias\/wp-content\/uploads\/2021\/05\/invitacio\u0301n-768x768.png 768w, https:\/\/upla.cl\/noticias\/wp-content\/uploads\/2021\/05\/invitacio\u0301n.png 800w\" sizes=\"auto, (max-width: 300px) 100vw, 300px\" \/><\/a>Con la conferencia titulada <strong>\u00ab\u00c9tica del cuidado en pandemia\u00bb<\/strong> a cargo de doctora <strong>Edilma Suarez Castro, docente de la Universidad Cat\u00f3lica Javeriana de Colombia,<\/strong> la<strong> Universidad de PLaya Ancha celebrar\u00e1 el D\u00eda Internacional de la Enfermer\u00eda.<\/strong><\/p>\n<p>La actividad acad\u00e9mica se realizar\u00e1 este <strong>jueves 13 de mayo, a las 16.00 horas<\/strong>, y se enmarca en la conmemoraci\u00f3n del natalicio de <strong>Florence Nightingale,<\/strong>\u00a0quien en la guerra de Crimea prest\u00f3 las primeras labores y servicios de lo que posteriormente se constituy\u00f3 en una profesi\u00f3n.<\/p>\n<p>La cita estar\u00e1 dirigida a estudiantes y docentes de la carrera de <strong>Enfermer\u00eda de la Facultad de Ciencias de la Salud<\/strong> de nuestra universidad, y contar\u00e1 con la\u00a0 participaci\u00f3n de la presidenta del Colegio de Enfermeras de Chile A.G,\u00a0 Mag\u00edster\u00a0 Mar\u00eda Ang\u00e9lica Baeza, quien compartir\u00e1 algunas palabras con los asistentes.<\/p>\n<p>Patricia Gonz\u00e1lez Vega, directora del Departamento Disciplinario de Enfermer\u00eda afirm\u00f3 que el sistema de salud est\u00e1 en crisis y que los profesionales de esta \u00e1rea han tenido que enfrentar en las peores condiciones la pandemia del Coronavirus. En esta tarea -dijo- han puesto a prueba su vocaci\u00f3n, \u00e9tica\u00a0 y compromiso que un d\u00eda juraron y, adem\u00e1s, han tenido que liderar, organizar sus servicios, atender las necesidades, con cansancio y agobio para cuidar de la mejor forma posible a personas en situaci\u00f3n cr\u00edtica de salud.<\/p>\n<p>\u00abComo Departamento Disciplinario y como carrera de Enfermer\u00eda de la Universidad de Playa Ancha damos las infinitas gracias a los equipos de salud en especial a nuestros colegas y estudiantes de Enfermer\u00eda voluntarios y en pr\u00e1ctica profesional en servicios de \u00a0\u2018primera l\u00ednea\u2019, ya sabemos el riesgo que esto significa\u00bb, subray\u00f3 la autoridad acad\u00e9mica.<\/p>\n<p>De acuerdo al programa, en la cita tambi\u00e9n se dirigir\u00e1 a los presentes el estudiantes de quinto a\u00f1o de la carrera, Robinson Moreno Mart\u00ednez.<\/p>\n<h5><strong>SOBRE LA CONFERENCISTA<\/strong><\/h5>\n<p>La conferencista <strong>Edilma Suarez Castro, <\/strong>es PhD en Ciencias Sociales y Humanas, mag\u00edster en Administraci\u00f3n en Salud, mag\u00edster en Estudios Pol\u00edticos y Especialista en Bio\u00e9tica. Su\u00a0 experiencia laboral se ha centrado en temas relacionados con la formulaci\u00f3n y gesti\u00f3n de proyectos sociales dirigidos a poblaciones vulnerables, el an\u00e1lisis de pol\u00edticas de salud, pol\u00edticas p\u00fablicas de cuidado, problemas \u00e9ticos en el ejercicio profesional, \u00e9tica de investigaci\u00f3n con seres humanos, direcci\u00f3n de proyectos de mediano y alto impacto, as\u00ed como docencia e investigaci\u00f3n en temas relacionados.<\/p>\n<p>La transmisi\u00f3n se realizar\u00e1 bajo la plataforma Zoom y se enviar\u00e1 correos directos a los estudiantes y docentes de la carrera.<\/p>\n<p>&nbsp;<\/p>\n<p>&nbsp;<\/p>\n<p>&nbsp;<\/p>\n","protected":false},"excerpt":{"rendered":"<p>La actividad acad\u00e9mica se realizar\u00e1 este jueves 13 de mayo, a las 16.00 horas, y se enmarca en la conmemoraci\u00f3n del natalicio de Florence Nightingale,\u00a0quien en la guerra de Crimea prest\u00f3 las primeras labores y servicios de lo que posteriormente se constituy\u00f3 en una profesi\u00f3n.<\/p>\n","protected":false},"author":3,"featured_media":141415,"comment_status":"closed","ping_status":"closed","sticky":false,"template":"","format":"standard","meta":{"footnotes":""},"categories":[51,96,40,97,74,1],"tags":[],"class_list":["post-141396","post","type-post","status-publish","format-standard","has-post-thumbnail","","category-academia","category-academicos","category-destacados","category-estudiantes","category-facultad-de-ciencias-de-la-salud","category-sin-categoria"],"_links":{"self":[{"href":"https:\/\/upla.cl\/noticias\/wp-json\/wp\/v2\/posts\/141396","targetHints":{"allow":["GET"]}}],"collection":[{"href":"https:\/\/upla.cl\/noticias\/wp-json\/wp\/v2\/posts"}],"about":[{"href":"https:\/\/upla.cl\/noticias\/wp-json\/wp\/v2\/types\/post"}],"author":[{"embeddable":true,"href":"https:\/\/upla.cl\/noticias\/wp-json\/wp\/v2\/users\/3"}],"replies":[{"embeddable":true,"href":"https:\/\/upla.cl\/noticias\/wp-json\/wp\/v2\/comments?post=141396"}],"version-history":[{"count":0,"href":"https:\/\/upla.cl\/noticias\/wp-json\/wp\/v2\/posts\/141396\/revisions"}],"wp:featuredmedia":[{"embeddable":true,"href":"https:\/\/upla.cl\/noticias\/wp-json\/wp\/v2\/media\/141415"}],"wp:attachment":[{"href":"https:\/\/upla.cl\/noticias\/wp-json\/wp\/v2\/media?parent=141396"}],"wp:term":[{"taxonomy":"category","embeddable":true,"href":"https:\/\/upla.cl\/noticias\/wp-json\/wp\/v2\/categories?post=141396"},{"taxonomy":"post_tag","embeddable":true,"href":"https:\/\/upla.cl\/noticias\/wp-json\/wp\/v2\/tags?post=141396"}],"curies":[{"name":"wp","href":"https:\/\/api.w.org\/{rel}","templated":true}]}}