{"id":141657,"date":"2021-05-08T16:17:38","date_gmt":"2021-05-08T20:17:38","guid":{"rendered":"https:\/\/www.upla.cl\/noticias\/?p=141657"},"modified":"2021-05-24T16:49:52","modified_gmt":"2021-05-24T20:49:52","slug":"candidatos-a-gobernador-regional-analizaron-el-futuro-de-la-educacion-superior-y-su-aporte-al-desarrollo-regional","status":"publish","type":"post","link":"https:\/\/upla.cl\/noticias\/2021\/05\/08\/candidatos-a-gobernador-regional-analizaron-el-futuro-de-la-educacion-superior-y-su-aporte-al-desarrollo-regional\/","title":{"rendered":"Candidatos a gobernador regional analizaron el futuro de la educaci\u00f3n superior y su aporte al desarrollo regional"},"content":{"rendered":"<p><a href=\"https:\/\/www.upla.cl\/noticias\/wp-content\/uploads\/2021\/05\/CRUV_candidatos.png\"><img loading=\"lazy\" decoding=\"async\" class=\"alignright size-medium wp-image-141661\" src=\"https:\/\/www.upla.cl\/noticias\/wp-content\/uploads\/2021\/05\/CRUV_candidatos-300x162.png\" alt=\"\" width=\"300\" height=\"162\" srcset=\"https:\/\/upla.cl\/noticias\/wp-content\/uploads\/2021\/05\/CRUV_candidatos-300x162.png 300w, https:\/\/upla.cl\/noticias\/wp-content\/uploads\/2021\/05\/CRUV_candidatos-768x414.png 768w, https:\/\/upla.cl\/noticias\/wp-content\/uploads\/2021\/05\/CRUV_candidatos.png 800w\" sizes=\"auto, (max-width: 300px) 100vw, 300px\" \/><\/a>Tem\u00e1ticas como las funciones del nuevo gobierno regional, la descentralizaci\u00f3n, la vinculaci\u00f3n de las universidades con el territorio, financiamiento, desarrollo, proceso constituyente, g\u00e9nero, migrantes y pueblos originarios fueron analizados en el foro de candidatos a gobernador regional organizado por el Consejo de Rectores de Valpara\u00edso, CRUV.<\/p>\n<p>El CRUV est\u00e1 integrado por las universidades de Valpara\u00edso, de Playa Ancha, Santa Mar\u00eda y Cat\u00f3lica de Valpara\u00edso, y su actual presidente es el rector UV, profesor Osvaldo Corrales, quien destac\u00f3 que \u201cen sus m\u00e1s de cincuenta a\u00f1os la entidad ha generado di\u00e1logos con autoridades, la comunidad y el mundo privado para aportar al desarrollo regional, generando espacios de debate. Esta iniciativa nos permitir\u00e1 conocer las propuestas y proyectos de quien ser\u00e1 el primer gobernador elegido democr\u00e1ticamente\u201d.<\/p>\n<p>El foro fue moderado por la periodista y directora de la Escuela de Periodismo de la Universidad de Playa Ancha, Mar\u00eda de los \u00c1ngeles Miranda.<\/p>\n<p>A la cita asistieron los candidatos Manuel Millones (Pacto Chile Vamos), cientista pol\u00edtico, consejero regional y concejal por Vi\u00f1a del Mar; Rodrigo Mundaca (Pacto Frente Amplio), ingeniero agr\u00f3nomo, secretario general de MODATIMA; Aldo Valle (Pacto Unidad Constituyente), abogado, acad\u00e9mico, decano y rector UV 2008-2020, magister de Filosof\u00eda de la Ciencia y doctor en Derecho P\u00fablico y filosof\u00eda jur\u00eddica por la Universidad Aut\u00f3noma de Madrid y ex vicepresidente ejecutivo del CRUCH; Luis Aravena (Pacto Uni\u00f3n Patri\u00f3tica), dirigente de organizaciones sociales y la Asociaci\u00f3n Nacional de Derechos Habitacionales; y Ricardo Georges (Pacto Humanicemos Chile), ex candidato a concejal, alcalde y diputado. Marco Oyanedel (Pacto Igualdad para Chile) se excus\u00f3 por motivos personales.<\/p>\n<p>Las reglas del foro incluyeron una pregunta general y preguntas individuales, para luego responder cuestionamientos realizados por el p\u00fablico asistente, a trav\u00e9s del chat. En cada caso los candidatos ten\u00edan dos minutos para responder. La cita finaliz\u00f3 con una ronda com\u00fan, en la que en un minuto los candidatos deb\u00edan enviar un mensaje a la comunidad universitaria.<\/p>\n<h5><strong>Universidades y desarrollo<\/strong><\/h5>\n<p>La primera pregunta general fue el rol que el nuevo gobierno regional le otorgar\u00e1 a las universidades en el desarrollo de la regi\u00f3n.<\/p>\n<p>Millones se\u00f1al\u00f3 que \u201clas casas de estudio tienen capacidades para aportar al desarrollo regional, pero algunas trabajan de manera aislada. He hablado con todos los rectores para generar una estrategia de desarrollo regional y la creaci\u00f3n de nuevos servicios\u201d.<\/p>\n<p>Mundaca explic\u00f3 que \u201clas universidades desarrollan conocimiento; por lo tanto, el gobierno regional tiene la tarea de generar una estrategia con visi\u00f3n compartida, dando valor agregado a materias primas de la regi\u00f3n y generando empleos sustentables\u201d.<\/p>\n<p>Aldo Valle indic\u00f3 que \u201clas universidades deben ser componente activo de la esfera de deliberaci\u00f3n p\u00fablica en la sociedad, no una instituci\u00f3n autorreferente, contribuyendo al desarrollo <a href=\"https:\/\/www.upla.cl\/noticias\/wp-content\/uploads\/2021\/05\/CRUV_Miranda.png\"><img loading=\"lazy\" decoding=\"async\" class=\"alignright size-medium wp-image-141660\" src=\"https:\/\/www.upla.cl\/noticias\/wp-content\/uploads\/2021\/05\/CRUV_Miranda-300x169.png\" alt=\"\" width=\"300\" height=\"169\" srcset=\"https:\/\/upla.cl\/noticias\/wp-content\/uploads\/2021\/05\/CRUV_Miranda-300x169.png 300w, https:\/\/upla.cl\/noticias\/wp-content\/uploads\/2021\/05\/CRUV_Miranda-768x432.png 768w, https:\/\/upla.cl\/noticias\/wp-content\/uploads\/2021\/05\/CRUV_Miranda.png 800w\" sizes=\"auto, (max-width: 300px) 100vw, 300px\" \/><\/a>democr\u00e1tico e integral de la regi\u00f3n\u201d.<\/p>\n<p>Para Luis Aravena, \u201clas universidades no dan el ancho para el Chile que necesitamos. Deben estar integradas con la realidad de la regi\u00f3n. El financiamiento es un desastre con condiciones precarias, pero deben sintonizar con la regi\u00f3n en el concepto del bien social\u201d.<\/p>\n<p>Ricardo Georges finaliz\u00f3 la primera ronda se\u00f1alando que \u201cno fui a la universidad, pero tengo la perspectiva de un ciudadano corriente: que se conviertan en el motor de desarrollo, con aportes no solo t\u00e9cnicos, sino tambi\u00e9n en temas sociales y pol\u00edticos\u201d.<\/p>\n<h5><strong>Vinculaci\u00f3n universitaria<\/strong><\/h5>\n<p>La segunda ronda comenz\u00f3 con la tem\u00e1tica de la vinculaci\u00f3n universitaria. Aravena manifest\u00f3 que \u201cse requiere que los estudiantes salgan de la academia, generando un cambio profundo con el territorio. Debemos recuperar la ciencia, el arte y la cultura al servicio del desarrollo de las comunidades\u201d.<\/p>\n<p>Georges respondi\u00f3 sobre el reclamo de universidades regionales a una licitaci\u00f3n de Corfo sobre proyectos de energ\u00edas limpias adjudicada a instituciones privadas y extranjeras, se\u00f1alando que \u201clas universidades de la regi\u00f3n tienen todas las capacidades para solucionar el tema de la energ\u00eda y la transferencia de tecnolog\u00eda. Pero no me sorprende, estas licitaciones siempre est\u00e1n dirigidas, no hay error, sino una mala costumbre de asignar a dedo. Los recursos deben quedar en casa\u201d.<\/p>\n<p>A Millones le correspondi\u00f3 responder sobre la revoluci\u00f3n feminista de 2018, indicando que \u201cde las 38 comunas de la regi\u00f3n, solo doce tienen Oficina de la Mujer. Se requiere instalar un \u00e1mbito educativo para generar conciencia y planificar la mirada de la mujer, con el aporte de las universidades en la planificaci\u00f3n de los territorios\u201d.<\/p>\n<p>El financiamiento fue el tema de Mundaca, quien asegur\u00f3 que \u201cChile solo destina el 0,36% de su PIB a I+D+i, lo que en la regi\u00f3n corresponde a casi 29 pesos por persona. La invitaci\u00f3n a las universidades es migrar la estrategia de ciencia, tecnolog\u00eda e innovaci\u00f3n a una visi\u00f3n compartida, con acento en los recursos h\u00eddricos y las energ\u00edas renovables\u201d.<\/p>\n<p>Mientras que Valle respondi\u00f3 sobre la actual crisis h\u00eddrica, se\u00f1al\u00f3 que \u201cla escasez no tiene principalmente una causa de orden natural, no es el cambio clim\u00e1tico, sino un problema de gobernanza, de r\u00e9gimen jur\u00eddico, que no permite que optimicemos los recursos en raz\u00f3n de acceder al agua para el consumo humano. El Estado hace poco, se debe tecnificar el uso del agua y atacar el problema en su integridad\u201d.<\/p>\n<p>La ronda finaliz\u00f3 con la tem\u00e1tica de la Educaci\u00f3n consultada al candidato Ricardo Georges, quien respondi\u00f3 enfatizando que \u201cno podemos influir en el \u00e1mbito educacional, es un error salvaje, espero que se resuelva, aunque podemos acompa\u00f1ar en colegios, comunas y municipios\u201d.<\/p>\n<h5><strong>Mensaje a la comunidad<\/strong><\/h5>\n<p>El foro continu\u00f3 con otra ronda de preguntas individuales, donde los candidatos debieron responder tem\u00e1ticas relacionadas con los asentamientos irregulares en los cerros de Valpara\u00edso, la mega sequ\u00eda, el desarrollo regional, la problem\u00e1tica de los puertos, el proceso constituyente, las demandas de g\u00e9nero, los pueblos originarios, los migrantes, la participaci\u00f3n ciudadana y las desigualdades en la regi\u00f3n, para luego responder a diversas preguntas de los asistentes al foro.<\/p>\n<p>En la ronda final, los candidatos dispusieron de un minuto para enviar un mensaje a la comunidad.<\/p>\n<p>Comenz\u00f3 Mundaca, se\u00f1alando que \u201clos docentes, profesores y estudiantes de la regi\u00f3n deben trabajar en conjunto para materializar el sue\u00f1o de un nuevo modelo de desarrollo y hacer de esta zona una regi\u00f3n de derechos, equidad e inclusi\u00f3n\u201d.<\/p>\n<p>Aravena indic\u00f3 que \u201cel conocimiento debe estar al servicio del desarrollo para avanzar en un proyecto soberano; los profesores y alumnos deben trabajar en la construcci\u00f3n de un pa\u00eds, generando conocimiento para el desarrollo\u201d.<\/p>\n<p>Para Georges, \u201clas universidades son un gran tesoro, nos pertenecen a la sociedad, por lo tanto deben seguir ense\u00f1ando y aprendiendo con la regi\u00f3n, para provocar un cambio positivo, que alberga a mujeres y hombres, cuyos esfuerzos se impregnen en la regi\u00f3n\u201d.<\/p>\n<p>En tanto, Valle propuso que \u201clas comunidades universitarias deben contribuir a que el pa\u00eds deje atr\u00e1s la constituci\u00f3n del &#8217;80, contribuyendo a la construcci\u00f3n de un Estado social y de derecho. La democracia es el m\u00e9todo m\u00e1s valioso\u201d.<\/p>\n<p>Millones mencion\u00f3 que \u201cestamos en un momento hist\u00f3rico, nunca m\u00e1s un intendente designado; es un cambio de un proceso irreversible para una regi\u00f3n m\u00e1s justa e inclusiva. Estamos en una crisis econ\u00f3mica y sanitaria, pero la reactivaci\u00f3n necesita a los profesionales en nuestra regi\u00f3n\u201d.<\/p>\n<p>&nbsp;<\/p>\n<p><strong>Fuente<\/strong>: Comunicaciones &#8211; <a href=\"https:\/\/www.uv.cl\/pdn\/?id=12157\" target=\"_blank\" rel=\"noopener\">Universidad de Valpara\u00edso<\/a> y <a href=\"https:\/\/consejoderectoresvalparaiso.cl\/2021\/05\/07\/candidatos-a-gobernador-regional-analizaron-el-futuro-de-la-educacion-superior-y-su-aporte-al-desarrollo-regional\/\" target=\"_blank\" rel=\"noopener\">Consejo de Rectores de Valpara\u00edso<\/a>.<\/p>\n","protected":false},"excerpt":{"rendered":"<p>Foro organizado por el CRUV fue moderado por la periodista y directora de la Escuela de Periodismo de la Universidad de Playa Ancha, Mar\u00eda de los \u00c1ngeles Miranda.<\/p>\n","protected":false},"author":4,"featured_media":141661,"comment_status":"closed","ping_status":"closed","sticky":false,"template":"","format":"standard","meta":{"footnotes":""},"categories":[76,181,113,45,91],"tags":[],"class_list":["post-141657","post","type-post","status-publish","format-standard","has-post-thumbnail","","category-facultad-de-ciencias-sociales","category-sitios-web-y-blogs","category-universidades-en-red","category-upla-en-los-medios","category-vinculacion-con-el-medio"],"_links":{"self":[{"href":"https:\/\/upla.cl\/noticias\/wp-json\/wp\/v2\/posts\/141657","targetHints":{"allow":["GET"]}}],"collection":[{"href":"https:\/\/upla.cl\/noticias\/wp-json\/wp\/v2\/posts"}],"about":[{"href":"https:\/\/upla.cl\/noticias\/wp-json\/wp\/v2\/types\/post"}],"author":[{"embeddable":true,"href":"https:\/\/upla.cl\/noticias\/wp-json\/wp\/v2\/users\/4"}],"replies":[{"embeddable":true,"href":"https:\/\/upla.cl\/noticias\/wp-json\/wp\/v2\/comments?post=141657"}],"version-history":[{"count":0,"href":"https:\/\/upla.cl\/noticias\/wp-json\/wp\/v2\/posts\/141657\/revisions"}],"wp:featuredmedia":[{"embeddable":true,"href":"https:\/\/upla.cl\/noticias\/wp-json\/wp\/v2\/media\/141661"}],"wp:attachment":[{"href":"https:\/\/upla.cl\/noticias\/wp-json\/wp\/v2\/media?parent=141657"}],"wp:term":[{"taxonomy":"category","embeddable":true,"href":"https:\/\/upla.cl\/noticias\/wp-json\/wp\/v2\/categories?post=141657"},{"taxonomy":"post_tag","embeddable":true,"href":"https:\/\/upla.cl\/noticias\/wp-json\/wp\/v2\/tags?post=141657"}],"curies":[{"name":"wp","href":"https:\/\/api.w.org\/{rel}","templated":true}]}}