{"id":141774,"date":"2021-05-27T08:07:27","date_gmt":"2021-05-27T12:07:27","guid":{"rendered":"https:\/\/www.upla.cl\/noticias\/?p=141774"},"modified":"2021-05-27T17:08:42","modified_gmt":"2021-05-27T21:08:42","slug":"los-iconos-patrimoniales-del-valle-del-aconcagua-segunda-parte-primera-seccion-del-valle","status":"publish","type":"post","link":"https:\/\/upla.cl\/noticias\/2021\/05\/27\/los-iconos-patrimoniales-del-valle-del-aconcagua-segunda-parte-primera-seccion-del-valle\/","title":{"rendered":"Los \u00edconos patrimoniales del Valle del Aconcagua. Segunda parte: Primera secci\u00f3n del valle"},"content":{"rendered":"<p><a href=\"https:\/\/www.upla.cl\/noticias\/wp-content\/uploads\/2021\/05\/Cerro_Orolonco.jpg\"><img loading=\"lazy\" decoding=\"async\" class=\"aligncenter size-full wp-image-141790\" src=\"https:\/\/www.upla.cl\/noticias\/wp-content\/uploads\/2021\/05\/Cerro_Orolonco.jpg\" alt=\"\" width=\"500\" height=\"375\" srcset=\"https:\/\/upla.cl\/noticias\/wp-content\/uploads\/2021\/05\/Cerro_Orolonco.jpg 500w, https:\/\/upla.cl\/noticias\/wp-content\/uploads\/2021\/05\/Cerro_Orolonco-300x225.jpg 300w\" sizes=\"auto, (max-width: 500px) 100vw, 500px\" \/><\/a><\/p>\n<p>\u00abDespu\u00e9s de transitar por el \u00e1rea andina, el recorrido por el valle del Aconcagua se abre a un f\u00e9rtil territorio conformado por la gran cuenca de San Felipe &#8211; Los Andes, sector donde su humanizaci\u00f3n se ha hecho patente desde, al menos, 6000 a\u00f1os antes del presente, siendo causa de una variada existencia de registros de localizaciones y asentamientos. En este sentido, desde el siglo XVIII la urbanizaci\u00f3n se hizo notar con la fundaci\u00f3n de dos importantes cabeceras citadinas hasta el presente, tal cual lo son, respectivamente, San Felipe (1740) y Los Andes (1791), a las que se agregan otras localidades aleda\u00f1as de menor tama\u00f1o, pero no menos importantes para el proceso colonial y republicano.<\/p>\n<p>Considerando lo indicado, el conjunto de \u00edconos propios de esta \u00e1rea aumenta destacando lo propio de la naturaleza, que son registros de amplia espacialidad como son los suelos, el clima y el agua, triada de recursos que, por su valor y escasa presencia en la realidad nacional (los suelos clase I de riego), los convierten en hitos de reconocido valor y riqueza, no solo en local sino a nivel internacional.<\/p>\n<p>Paralelamente y en cuanto a la montuosidad, el cerro \u201cOrolonco\u201d como atalaya de alturas debe su nombre seg\u00fan la leyenda a una princesa picunche, quien como toda historia de amor se enamor\u00f3 en este caso de un espa\u00f1ol, Rodrigo Fern\u00e1ndez de Araujo, relaci\u00f3n imposible de materializar por estar en contra de las deidades, su origen ind\u00edgena, su condici\u00f3n de estirpe y otros aspectos. Desafortunadamente, el enamorado muri\u00f3 y la doncella se refugi\u00f3 en la cumbre del citado top\u00f3nimo para nunca regresar. Su desconsuelo fue tanto, que las l\u00e1grimas derramadas formaron un manantial que hasta la actualidad corre por las faldas oroncolinas.<\/p>\n<figure id=\"attachment_134442\" aria-describedby=\"caption-attachment-134442\" style=\"width: 300px\" class=\"wp-caption alignleft\"><a href=\"https:\/\/www.upla.cl\/noticias\/wp-content\/uploads\/2020\/06\/gasto_gaete_upla_portada-rotated-e1592502400367.jpg\"><img loading=\"lazy\" decoding=\"async\" class=\"size-medium wp-image-134442\" src=\"https:\/\/www.upla.cl\/noticias\/wp-content\/uploads\/2020\/06\/gasto_gaete_upla_portada-rotated-e1592502400367-300x273.jpg\" alt=\"\" width=\"300\" height=\"273\" srcset=\"https:\/\/upla.cl\/noticias\/wp-content\/uploads\/2020\/06\/gasto_gaete_upla_portada-rotated-e1592502400367-300x273.jpg 300w, https:\/\/upla.cl\/noticias\/wp-content\/uploads\/2020\/06\/gasto_gaete_upla_portada-rotated-e1592502400367.jpg 527w\" sizes=\"auto, (max-width: 300px) 100vw, 300px\" \/><\/a><figcaption id=\"caption-attachment-134442\" class=\"wp-caption-text\">Profesor Gast\u00f3n Gaete Coddou.<\/figcaption><\/figure>\n<p>Por otra parte, muchos de los elementos patrimoniales de esta parte del valle son propias de templos cat\u00f3licos los que, con su belleza esc\u00e9nica est\u00e9tica, arquitect\u00f3nica y significado hist\u00f3rico geogr\u00e1fico, han sido declarados monumentos nacionales, como son los casos de San Antonio de Padua del Almendral (San Felipe), Santa Rosa de Viterbo (Curim\u00f3n), capilla de la hacienda Lo Vicu\u00f1a (Putaendo), San Antonio (Putaendo), Santa Filomena (San Felipe) y otras m\u00e1s. S\u00famese a este digno plantel la interesante Gobernaci\u00f3n de la provincia andina, estructura f\u00edsica de estilo neocl\u00e1sico (1888 y 1891), que por su trascendencia en cuanto a su mat\u00e9rico fue y es un signo del poder y presencia del Estado, que en la actualidad pese a muchos eventos propios de la naturaleza y sociales, sigue siendo usado para el mismo fin con que fue dise\u00f1ada y construida.<\/p>\n<p>Pese a estos y otros relevantes antecedentes propios de la heredad, hay un incre\u00edble pero triste ejemplo donde la falta de gesti\u00f3n y, en cierto grado la desidia, destruy\u00f3 hasta pr\u00e1cticamente sus cimientos, uno de los mejores representativos del mundo rural aconcag\u00fcino y por no decir del Chile central decimon\u00f3nico: la Casa de la Hacienda de Quilpu\u00e9 o tambi\u00e9n llamada Casas de Quilpu\u00e9. Se erigi\u00f3 al norte de la Tres Veces Heroica ciudad, a\u00fan pena en el pensamiento de los sanfelipe\u00f1os. En relaci\u00f3n con la construcci\u00f3n de esta monumental y neocl\u00e1sica obra hacendal (seg\u00fan los documentos de la \u00e9poca) esta se erigi\u00f3 entre 1892 y 1895, siendo la casa patronal de una hacienda, que seg\u00fan el historiador Jos\u00e9 Bengoa (2015), describi\u00f3 que \u201cde acuerdo al reaval\u00fao realizado en 1896, Quilpu\u00e9 era la hacienda m\u00e1s rica de la provincia de Aconcagua. Dispon\u00eda en ese tiempo de 3920 hect\u00e1reas, casi todas planas, a escasas cuadras de la plaza de San Felipe. De estos terrenos, 1068 hect\u00e1reas eran de riego\u201d.<\/p>\n<p>Como resumen, se puede indicar que, para describir la amplia gama de hitos geogr\u00e1ficos e hist\u00f3ricos de esta parte del Aconcagua, se precisa de un an\u00e1lisis y presentaci\u00f3n que supera esta columna de opini\u00f3n, no obstante, ser\u00e1n tema de un venidero transitar por estas bellas y eximias tierras ad-portas de la celebraci\u00f3n del esperado D\u00eda del Patrimonio\u00bb.<\/p>\n<p>&nbsp;<\/p>\n<p>***<em>Gast\u00f3n Gaete Coddou,\u00a0 ge\u00f3grafo y acad\u00e9mico de la\u00a0<a href=\"https:\/\/www.upla.cl\/cienciasnaturalesyexactas\/\">Facultad de Ciencias Naturales y Exactas<\/a>, Universidad de Playa Ancha<\/em>.<\/p>\n<p>Columna de opini\u00f3n publicada en diario\u00a0<a href=\"https:\/\/www.upla.cl\/noticias\/wp-content\/uploads\/2021\/05\/eltrabajo-2-26-05-21.jpg\"><strong>El Trabajo de San Felipe<\/strong><\/a>, el mi\u00e9rcoles\u00a0 26 de mayo de 2021.<\/p>\n","protected":false},"excerpt":{"rendered":"<p>Columna del ge\u00f3grafo y profesor de la Facultad de Ciencias Naturales y Exactas, Gast\u00f3n Gaete Coddou, publicada en diario El Trabajo de San Felipe, el mi\u00e9rcoles 26 de mayo de 2021.<\/p>\n","protected":false},"author":10,"featured_media":141790,"comment_status":"closed","ping_status":"closed","sticky":false,"template":"","format":"standard","meta":{"footnotes":""},"categories":[51,96,40,101,97,75,44,179,45,91],"tags":[],"class_list":["post-141774","post","type-post","status-publish","format-standard","has-post-thumbnail","","category-academia","category-academicos","category-destacados","category-docencia","category-estudiantes","category-facultad-de-ciencias-naturales-y-exactas","category-opinion","category-prensa","category-upla-en-los-medios","category-vinculacion-con-el-medio"],"_links":{"self":[{"href":"https:\/\/upla.cl\/noticias\/wp-json\/wp\/v2\/posts\/141774","targetHints":{"allow":["GET"]}}],"collection":[{"href":"https:\/\/upla.cl\/noticias\/wp-json\/wp\/v2\/posts"}],"about":[{"href":"https:\/\/upla.cl\/noticias\/wp-json\/wp\/v2\/types\/post"}],"author":[{"embeddable":true,"href":"https:\/\/upla.cl\/noticias\/wp-json\/wp\/v2\/users\/10"}],"replies":[{"embeddable":true,"href":"https:\/\/upla.cl\/noticias\/wp-json\/wp\/v2\/comments?post=141774"}],"version-history":[{"count":0,"href":"https:\/\/upla.cl\/noticias\/wp-json\/wp\/v2\/posts\/141774\/revisions"}],"wp:featuredmedia":[{"embeddable":true,"href":"https:\/\/upla.cl\/noticias\/wp-json\/wp\/v2\/media\/141790"}],"wp:attachment":[{"href":"https:\/\/upla.cl\/noticias\/wp-json\/wp\/v2\/media?parent=141774"}],"wp:term":[{"taxonomy":"category","embeddable":true,"href":"https:\/\/upla.cl\/noticias\/wp-json\/wp\/v2\/categories?post=141774"},{"taxonomy":"post_tag","embeddable":true,"href":"https:\/\/upla.cl\/noticias\/wp-json\/wp\/v2\/tags?post=141774"}],"curies":[{"name":"wp","href":"https:\/\/api.w.org\/{rel}","templated":true}]}}