{"id":142796,"date":"2021-07-15T17:23:15","date_gmt":"2021-07-15T21:23:15","guid":{"rendered":"https:\/\/www.upla.cl\/noticias\/?p=142796"},"modified":"2021-07-16T12:31:14","modified_gmt":"2021-07-16T16:31:14","slug":"recuerdo-una-universidad-muy-comprometida-con-el-area-social-y-con-el-desarrollo-de-un-pensamiento-critico","status":"publish","type":"post","link":"https:\/\/upla.cl\/noticias\/2021\/07\/15\/recuerdo-una-universidad-muy-comprometida-con-el-area-social-y-con-el-desarrollo-de-un-pensamiento-critico\/","title":{"rendered":"\u201cRecuerdo una universidad muy comprometida con el \u00e1rea social y con el desarrollo de un pensamiento cr\u00edtico\u201d"},"content":{"rendered":"<p><a href=\"https:\/\/www.upla.cl\/noticias\/wp-content\/uploads\/2021\/07\/Foto-1-scaled-e1626362224355.jpg\"><img loading=\"lazy\" decoding=\"async\" class=\"aligncenter size-full wp-image-142798\" src=\"https:\/\/www.upla.cl\/noticias\/wp-content\/uploads\/2021\/07\/Foto-1-scaled-e1626362224355.jpg\" alt=\"\" width=\"605\" height=\"640\" \/><\/a><br \/>\nMariela Karina Gonz\u00e1lez Donoso se titul\u00f3 en 1995 como Periodista y Licenciada en Comunicaci\u00f3n Social de la primera generaci\u00f3n de la Universidad de Playa Ancha, luego de la reapertura de la carrera de periodismo m\u00e1s antigua del pa\u00eds en el a\u00f1o 1991.<\/p>\n<p>Desde entonces trabaj\u00f3 en diversas instituciones, hasta que en 2014 emigr\u00f3 a Madrid junto a su esposo. Lugo de un comienzo dif\u00edcil, Mariela transit\u00f3 desde el periodismo hasta encontrar \u201csu lugar de paz\u201d, desde donde hoy ayuda a las personas a conocerse y gestionar sus emociones.<\/p>\n<p><strong>\u2014Form\u00f3 parte de la hist\u00f3rica generaci\u00f3n de reapertura de la carrera de periodismo en 1991. \u00bfQu\u00e9 signific\u00f3 para usted?<\/strong><br \/>\n\u2014Fue una experiencia \u00fanica. Primero, porque al ser la primera generaci\u00f3n de periodistas tras el cierre de la carrera, gener\u00f3 en la comunidad universitaria en general una gran expectativa. Se reabr\u00eda la historia no solo de una carrera, sino que se estaba configurando tambi\u00e9n una nueva etapa para el pa\u00eds tras 17 a\u00f1os de dictadura. Por ende, en el ambiente rondaban muchos sue\u00f1os, esperanzas de construir una nueva sociedad donde el periodismo jugaba un papel fundamental. Esto hizo que nuestra carrera estuviese llena de hitos, donde la reconstrucci\u00f3n de la democracia formaba parte tambi\u00e9n de una manera de hacer, ver, y relatar las cosas.<\/p>\n<p><strong><a href=\"https:\/\/www.upla.cl\/noticias\/wp-content\/uploads\/2021\/07\/Foto-3-scaled-e1626362302811.jpg\"><img loading=\"lazy\" decoding=\"async\" class=\"alignleft size-medium wp-image-142800\" src=\"https:\/\/www.upla.cl\/noticias\/wp-content\/uploads\/2021\/07\/Foto-3-scaled-e1626362302811-274x300.jpg\" alt=\"\" width=\"274\" height=\"300\" srcset=\"https:\/\/upla.cl\/noticias\/wp-content\/uploads\/2021\/07\/Foto-3-scaled-e1626362302811-274x300.jpg 274w, https:\/\/upla.cl\/noticias\/wp-content\/uploads\/2021\/07\/Foto-3-scaled-e1626362302811.jpg 480w\" sizes=\"auto, (max-width: 274px) 100vw, 274px\" \/><\/a>\u2014Una vez egresada, \u00bfnos podr\u00eda contar en qu\u00e9 instituciones se desempe\u00f1\u00f3?<\/strong><br \/>\n\u2014Al principio trabaj\u00e9 en medios locales y tuve la oportunidad de aprender de periodismo institucional en entidades como la Municipalidad de Quilpu\u00e9 y la Universidad T\u00e9cnica Federico Santa Mar\u00eda, en sus departamentos de comunicaciones. Fui asesora de comunicaciones de la Seremi de Obras P\u00fablicas, siendo la primera profesional del \u00e1rea en la instituci\u00f3n, lo que me permiti\u00f3 conocer gran parte de la regi\u00f3n y fui testigo de los avances y del mejoramiento de la calidad de vida de personas de zonas rurales, de pescadores y de la regi\u00f3n en general, con la construcci\u00f3n de importantes v\u00edas como el Troncal Sur o el camino La P\u00f3lvora para Valpara\u00edso. Tras estar cuatro a\u00f1os en esa seremi, fui periodista del Consejo Nacional para el Control de Estupefacientes de la Regi\u00f3n de Valpara\u00edso (hoy SENDA), tambi\u00e9n por cuatro a\u00f1os, para terminar colaborando como asesora de comunicaciones en la Corporaci\u00f3n de Fomento de la Producci\u00f3n (CORFO) por 7 a\u00f1os antes de partir a Espa\u00f1a, trabajo que me permiti\u00f3 conectarme con la ciudadan\u00eda desde el emprendimiento y la innovaci\u00f3n.<br \/>\nTodos estos trabajos me permitieron desarrollar no solo la comunicaci\u00f3n corporativa, sino que fueron una gran escuela para la generaci\u00f3n de estrategias de comunicaci\u00f3n tanto externas como internas, y donde mi principal objetivo fue ser un puente entre las distintas pol\u00edticas p\u00fablicas de estas instituciones y la comunidad.<\/p>\n<p><strong>\u2014\u00bfPor qu\u00e9 tom\u00f3 la decisi\u00f3n de emigrar a Espa\u00f1a, cu\u00e1nto tiempo estuvo all\u00e1 y cu\u00e1les eran sus planes? <\/strong><br \/>\n\u2014A Espa\u00f1a me traslad\u00e9 con mi marido por una decisi\u00f3n familiar, espec\u00edficamente a la ciudad de Madrid. Vivimos all\u00ed aproximadamente 7 a\u00f1os y nuestro principal plan fue cumplir con un objetivo familiar, ya que \u00e9l es de all\u00e1, y tuvimos la suerte de desarrollarlo con creces. Todas las dem\u00e1s experiencias por ende fueron un gran aporte para mi desarrollo tanto personal como profesional.<\/p>\n<p><strong><a href=\"https:\/\/www.upla.cl\/noticias\/wp-content\/uploads\/2021\/07\/Foto-2-scaled-e1626362363309.jpg\"><img loading=\"lazy\" decoding=\"async\" class=\"alignleft size-medium wp-image-142799\" src=\"https:\/\/www.upla.cl\/noticias\/wp-content\/uploads\/2021\/07\/Foto-2-scaled-e1626362363309-239x300.jpg\" alt=\"\" width=\"239\" height=\"300\" srcset=\"https:\/\/upla.cl\/noticias\/wp-content\/uploads\/2021\/07\/Foto-2-scaled-e1626362363309-239x300.jpg 239w, https:\/\/upla.cl\/noticias\/wp-content\/uploads\/2021\/07\/Foto-2-scaled-e1626362363309.jpg 476w\" sizes=\"auto, (max-width: 239px) 100vw, 239px\" \/><\/a>\u2014Probablemente, le cost\u00f3 mucho seguir su plan original. Entonces, \u00bfc\u00f3mo se reinvent\u00f3?<\/strong><br \/>\n\u2014En un principio, mi idea era poder trabajar como periodista, ya que es lo que hab\u00eda hecho por m\u00e1s de 15 a\u00f1os en mi pa\u00eds. Sin embargo, no fue tan f\u00e1cil, por lo que me comenc\u00e9 a preparar en distintas \u00e1reas. Primero me form\u00e9 como community manager, lo que me permiti\u00f3 serlo en la Asociaci\u00f3n Profesional de Gu\u00edas oficial de Turismo de Madrid. Tras ello, realic\u00e9 un M\u00e1ster en Comunicaci\u00f3n Corporativa y Publicitaria en la Universidad Complutense de Madrid. Tras ver que el camino del periodismo era dif\u00edcil continuarlo, comenc\u00e9 a buscar otras disciplinas que me hicieran tan feliz como lo hac\u00eda mi profesi\u00f3n y fue entonces cuando encontr\u00e9 nuevas y maravillosas \u00e1reas de desarrollo personal. Primero, form\u00e1ndome como maestra de yoga para ni\u00f1os y ni\u00f1as en la escuela Om Shree Om de Madrid y luego como coach experta en inteligencia emocional y programaci\u00f3n neuroling\u00fc\u00edstica en la Escuela D&#8217;Arte Human &amp; Business School de Madrid, la cual cuenta con m\u00e1s de 10 a\u00f1os de experiencia.<br \/>\nMi reflexi\u00f3n sobre todo lo que fue sucediendo durante estos siete a\u00f1os de mi estad\u00eda en Espa\u00f1a me permite constatar que nada ha sido casualidad. El periodismo ha sido la base de todo, donde la curiosidad y las ganas de conocer personas han sido el motor de la mayor\u00eda de mis decisiones.<br \/>\n<strong><a href=\"https:\/\/www.upla.cl\/noticias\/wp-content\/uploads\/2021\/07\/Foto-6-scaled-e1626362123607.jpg\"><img loading=\"lazy\" decoding=\"async\" class=\"alignright size-medium wp-image-142803\" src=\"https:\/\/www.upla.cl\/noticias\/wp-content\/uploads\/2021\/07\/Foto-6-300x225.jpg\" alt=\"\" width=\"300\" height=\"225\" \/><\/a><\/strong><\/p>\n<p><strong>\u2014\u00bfA qu\u00e9 se dedica actualmente y por qu\u00e9 opt\u00f3 por este camino, tal vez muy alejado de su profesi\u00f3n? \u00bfFue una decisi\u00f3n dif\u00edcil?<\/strong><br \/>\n\u2014Soy una enamorada de las emociones, as\u00ed que creo cursos para que las personas las conozcan y las aprendan a gestionar, lo cual me parece clave para generar sociedades construidas desde el conocimiento de qui\u00e9nes somos, qu\u00e9 necesitamos y en definitiva vivir en mayor coherencia con quienes queremos ser. Tambi\u00e9n realizo sesiones individuales de coaching y mi sue\u00f1o es poder trabajar con estudiantes de colegios y universidades, donde creo que es muy necesario saberse gestionar emocionalmente. En Europa esto est\u00e1 cobrando gran importancia a la hora de seleccionar a personal para las empresas, por lo que pienso que es un importante aporte para lo que aqu\u00ed tambi\u00e9n m\u00e1s temprano que tarde se requerir\u00e1.<br \/>\nAdem\u00e1s, hago tutor\u00eda y mentoring para alumnos y alumnas de coaching en la escuela donde yo me form\u00e9 como coach en Madrid, acompa\u00f1ando y asesor\u00e1ndoles en su camino de convertirse en coach profesional, resolviendo dudas y proporcion\u00e1ndoles feedback en sus procesos de aprendizaje. Y realizo clases de yoga para ni\u00f1os y ni\u00f1as en familia bajo modalidad en l\u00ednea, donde mis clases tienen el sello de ser \u201cpeday\u00f3guicas\u201d, ya que adem\u00e1s de ense\u00f1ar posturas de yoga y t\u00e9cnicas de respiraci\u00f3n y relajaci\u00f3n, por medio de juegos y canciones realizo actividades en qe la gesti\u00f3n emocional juega un papel fundamental.<\/p>\n<p><strong><a href=\"https:\/\/www.upla.cl\/noticias\/wp-content\/uploads\/2021\/07\/Foto-5-e1626362105609.jpg\"><img loading=\"lazy\" decoding=\"async\" class=\"alignright size-medium wp-image-142802\" src=\"https:\/\/www.upla.cl\/noticias\/wp-content\/uploads\/2021\/07\/Foto-5-300x300.jpg\" alt=\"\" width=\"300\" height=\"300\" \/><\/a>\u2014\u00bfNos puede contar cu\u00e1l es la esencia de su trabajo, a qu\u00e9 personas ayuda?<\/strong><br \/>\n\u2014Para realizar todo lo anterior cre\u00e9 <a href=\"http:\/\/www.trapayogacoachingformacion.com\" target=\"_blank\" rel=\"noopener\">Trapa Yoga Coaching Formaci\u00f3n<\/a> (Instagram: @trapayogacoachingformacion), el cual nace con el objetivo de que seamos conscientes de que contando con un equilibrio entre nuestra mente, cuerpo y coraz\u00f3n, los cambios se realizan a consciencia y que vienen para quedarse, utilizando herramientas provenientes del coaching y del yoga. Trapa viene del mapudung\u00fan, cuyo significado es \u201cLugar de Paz\u201d y eso es lo que ofrezco en mis sesiones de coaching, talleres de formaci\u00f3n y clases de yoga, siendo mis principales valores la alegr\u00eda, el respeto y la coherencia. En estos momentos estoy trabajando con emprendedoras por medio de la academia de emprendedores llamada \u00abMi Plan de Acci\u00f3n\u00bb, a cargo de Daniela Molina; realizo procesos individuales de coaching y realiz\u00f3 clases de yoga para ni\u00f1os, ni\u00f1as y familias.<\/p>\n<p><strong>\u2014\u00bfHay un componente creativo? \u00bfPublicaciones, por ejemplo?<\/strong><br \/>\n\u2014En pandemia cre\u00e9 un e-book que se puede bajar gratuitamente de mi web, llamado \u201c12 secretos para conectar con tus hijos\/as\u201d, donde por medio de herramientas del coaching, el yoga y la inteligencia emocional los padres y las madres puedan acercase a sus ni\u00f1os y ni\u00f1as desde el juego y el movimiento corporal, desarrollando en ellos, adem\u00e1s, vocabulario emocional. Tambi\u00e9n, junto a Natalia Rodr\u00edguez, quien es profesora de yoga para ni\u00f1osy ni\u00f1as, coach y psic\u00f3loga, creamos el juego de cartas \u201cJuega rimando aprende jugando\u201d, el cual tiene como principal objetivo que por medio de la rima y el juego los ni\u00f1os y ni\u00f1as aprendan sobre: inteligencia emocional, mindfulness y relajaci\u00f3n, respiraci\u00f3n, actividades en familia y movimiento corporal.<\/p>\n<p><strong>\u2014\u00bfPiensa volver a ejercer el periodismo?<\/strong><br \/>\n\u2014Por medio de mi proyecto personal <a href=\"http:\/\/www.trapayogacoachingformacion.com\" target=\"_blank\" rel=\"noopener\">Trapa Yoga Coaching Formaci\u00f3n<\/a>, estoy constantemente utilizando herramientas del periodismo para comunicar mi quehacer por medio de mis redes sociales y web. Hoy participo adem\u00e1s en un proyecto del Fondo del Patrimonio Cultural, donde, adem\u00e1s de ser la encargada de participaci\u00f3n ciudadana, apoyo el \u00e1rea de comunicaciones del proyecto, por lo que el periodismo est\u00e1 presente y lo seguir\u00e1 estando directa o indirectamente en mi vida, ya que as\u00ed quiero que sea.<\/p>\n<p><strong><a href=\"https:\/\/www.upla.cl\/noticias\/wp-content\/uploads\/2021\/07\/Foto-9-e1626362143863.jpg\"><img loading=\"lazy\" decoding=\"async\" class=\"alignleft size-medium wp-image-142804\" src=\"https:\/\/www.upla.cl\/noticias\/wp-content\/uploads\/2021\/07\/Foto-9-277x300.jpg\" alt=\"\" width=\"277\" height=\"300\" \/><\/a>\u2014Finalmente, \u00bfqu\u00e9 recuerdos tiene de su paso por la universidad; sus compa\u00f1eros, la UPLA de hace 30 a\u00f1os, los profesores, etc.?<\/strong><br \/>\n\u2014Recuerdo una universidad muy comprometida con el \u00e1rea social y con el desarrollo de un pensamiento cr\u00edtico importante para lo que fue nuestra carrera. Se vienen a mi mente muchos profesores que dejaron muchas huellas en m\u00ed y creo que tambi\u00e9n en mis compa\u00f1eros y compa\u00f1eras. \u00c9ramos un grupo muy heterog\u00e9neo, tanto como a lo que nos dedicamos muchos de nosotros. Hay personas que destacan por su labor profesional a nivel nacional y muchos por el esp\u00edritu de lucha y ser aguerridos para el trabajo. Es que fue una generaci\u00f3n que tuvo que luchar mucho para contar con condiciones m\u00ednimas para una carrera que no puede ser solo de tiza y pizarr\u00f3n, como se dec\u00eda antiguamente. Si bien no disfrutamos de todo lo conseguido, nos qued\u00f3 la satisfacci\u00f3n de que s\u00ed lo pudiesen tener las futuras generaciones. A pesar de las dificultades, mis recuerdos son maravillosos, mucha solidaridad, entrega y apertura. Pienso que los periodistas de mi generaci\u00f3n estamos preparados para desarrollarnos en cualquier campo, para reinventarnos, para aportar con una mirada cr\u00edtica y social en cualquier equipo donde nos desempe\u00f1emos. Ese es nuestro sello y me siento orgullosa de ello.<\/p>\n<p>&nbsp;<\/p>\n<p>&nbsp;<\/p>\n","protected":false},"excerpt":{"rendered":"<p>Mariela Gonz\u00e1lez Donoso fue parte de la primera generaci\u00f3n de Periodismo de la Universidad de Playa Ancha, luego de que reabriera en 1991, y nos cuenta sus experiencias desde entonces.<\/p>\n","protected":false},"author":11,"featured_media":142798,"comment_status":"closed","ping_status":"closed","sticky":false,"template":"","format":"standard","meta":{"footnotes":""},"categories":[96,69,41,97,76,99],"tags":[],"class_list":["post-142796","post","type-post","status-publish","format-standard","has-post-thumbnail","","category-academicos","category-egresados","category-entrevistas","category-estudiantes","category-facultad-de-ciencias-sociales","category-funcionarios"],"_links":{"self":[{"href":"https:\/\/upla.cl\/noticias\/wp-json\/wp\/v2\/posts\/142796","targetHints":{"allow":["GET"]}}],"collection":[{"href":"https:\/\/upla.cl\/noticias\/wp-json\/wp\/v2\/posts"}],"about":[{"href":"https:\/\/upla.cl\/noticias\/wp-json\/wp\/v2\/types\/post"}],"author":[{"embeddable":true,"href":"https:\/\/upla.cl\/noticias\/wp-json\/wp\/v2\/users\/11"}],"replies":[{"embeddable":true,"href":"https:\/\/upla.cl\/noticias\/wp-json\/wp\/v2\/comments?post=142796"}],"version-history":[{"count":0,"href":"https:\/\/upla.cl\/noticias\/wp-json\/wp\/v2\/posts\/142796\/revisions"}],"wp:featuredmedia":[{"embeddable":true,"href":"https:\/\/upla.cl\/noticias\/wp-json\/wp\/v2\/media\/142798"}],"wp:attachment":[{"href":"https:\/\/upla.cl\/noticias\/wp-json\/wp\/v2\/media?parent=142796"}],"wp:term":[{"taxonomy":"category","embeddable":true,"href":"https:\/\/upla.cl\/noticias\/wp-json\/wp\/v2\/categories?post=142796"},{"taxonomy":"post_tag","embeddable":true,"href":"https:\/\/upla.cl\/noticias\/wp-json\/wp\/v2\/tags?post=142796"}],"curies":[{"name":"wp","href":"https:\/\/api.w.org\/{rel}","templated":true}]}}